{"id":54527,"date":"2023-10-02T14:46:06","date_gmt":"2023-10-02T18:46:06","guid":{"rendered":"https:\/\/inces.gob.ve\/?p=54527"},"modified":"2023-10-02T14:52:24","modified_gmt":"2023-10-02T18:52:24","slug":"trujillo-encuentro-de-evaluacion-y-reflexion","status":"publish","type":"post","link":"https:\/\/inces.gob.ve\/index.php\/2023\/10\/02\/trujillo-encuentro-de-evaluacion-y-reflexion\/","title":{"rendered":"TRUJILLO | Encuentro de Evaluaci\u00f3n y Reflexi\u00f3n"},"content":{"rendered":"<p style=\"text-align: justify;\"><em><strong><span style=\"font-family: helvetica, arial, sans-serif; font-size: 14pt;\">**En el Auditorio Luis Beltr\u00e1n Prieto Figueroa de la sede regional Trujillo, se desarroll\u00f3 un grato encuentro con los maestros t\u00e9cnico productivo (MTP); teniendo entre sus finalidades reconocer el trabajo desarrollado por estos singulares trabajadores durante el transcurso del a\u00f1o.<\/span><\/strong><\/em><!--more--><\/p>\n<p>&nbsp;<\/p>\n<p style=\"text-align: justify;\"><span style=\"font-family: helvetica, arial, sans-serif; font-size: 14pt;\">Este encuentro permiti\u00f3 valorar el trabajo realizado por cada \u00e1mbito en el marco de la transformaci\u00f3n curricular y digital dentro de la instituci\u00f3n; as\u00ed como establecer estrategias finales enfocadas al logro de los objetivos y metas pautadas para este a\u00f1o 2023.<\/span><\/p>\n<p><img loading=\"lazy\" decoding=\"async\" class=\"aligncenter wp-image-54530 size-full\" src=\"https:\/\/inces.gob.ve\/wp-content\/uploads\/2023\/10\/Trujillo-MTP-2-e1696272473394.jpeg\" alt=\"\" width=\"800\" height=\"800\" srcset=\"https:\/\/inces.gob.ve\/wp-content\/uploads\/2023\/10\/Trujillo-MTP-2-e1696272473394.jpeg 800w, https:\/\/inces.gob.ve\/wp-content\/uploads\/2023\/10\/Trujillo-MTP-2-e1696272473394-300x300.jpeg 300w, https:\/\/inces.gob.ve\/wp-content\/uploads\/2023\/10\/Trujillo-MTP-2-e1696272473394-150x150.jpeg 150w, https:\/\/inces.gob.ve\/wp-content\/uploads\/2023\/10\/Trujillo-MTP-2-e1696272473394-768x768.jpeg 768w\" sizes=\"auto, (max-width: 800px) 100vw, 800px\" \/><\/p>\n<p>&nbsp;<\/p>\n<p style=\"text-align: justify;\"><span style=\"font-family: helvetica, arial, sans-serif; font-size: 14pt;\">Dicha actividad cont\u00f3 con la presencia de los MTP de los centro de Formaci\u00f3n Socialista: Al\u00ed Primera, Barbarita de la Torre y Samuel Robinson, logrando concentrar la mayor\u00eda de los maestros, quienes evaluaron su accionar de forma reflexiva con actividades que les permitieron proyectar de manera organizada la culminaci\u00f3n y cierre de las opciones formativas del a\u00f1o 2023.<\/span><\/p>\n","protected":false},"excerpt":{"rendered":"<p>**En el Auditorio Luis Beltr\u00e1n Prieto Figueroa de la sede regional Trujillo, se desarroll\u00f3 un grato encuentro con los maestros t\u00e9cnico productivo (MTP); teniendo entre sus finalidades reconocer el trabajo desarrollado por estos singulares trabajadores durante el transcurso del a\u00f1o.<\/p>\n","protected":false},"author":15,"featured_media":54529,"comment_status":"closed","ping_status":"closed","sticky":false,"template":"","format":"standard","meta":{"footnotes":""},"categories":[2],"tags":[],"class_list":["post-54527","post","type-post","status-publish","format-standard","has-post-thumbnail","hentry","category-blog"],"_links":{"self":[{"href":"https:\/\/inces.gob.ve\/index.php\/wp-json\/wp\/v2\/posts\/54527","targetHints":{"allow":["GET"]}}],"collection":[{"href":"https:\/\/inces.gob.ve\/index.php\/wp-json\/wp\/v2\/posts"}],"about":[{"href":"https:\/\/inces.gob.ve\/index.php\/wp-json\/wp\/v2\/types\/post"}],"author":[{"embeddable":true,"href":"https:\/\/inces.gob.ve\/index.php\/wp-json\/wp\/v2\/users\/15"}],"replies":[{"embeddable":true,"href":"https:\/\/inces.gob.ve\/index.php\/wp-json\/wp\/v2\/comments?post=54527"}],"version-history":[{"count":4,"href":"https:\/\/inces.gob.ve\/index.php\/wp-json\/wp\/v2\/posts\/54527\/revisions"}],"predecessor-version":[{"id":54534,"href":"https:\/\/inces.gob.ve\/index.php\/wp-json\/wp\/v2\/posts\/54527\/revisions\/54534"}],"wp:featuredmedia":[{"embeddable":true,"href":"https:\/\/inces.gob.ve\/index.php\/wp-json\/wp\/v2\/media\/54529"}],"wp:attachment":[{"href":"https:\/\/inces.gob.ve\/index.php\/wp-json\/wp\/v2\/media?parent=54527"}],"wp:term":[{"taxonomy":"category","embeddable":true,"href":"https:\/\/inces.gob.ve\/index.php\/wp-json\/wp\/v2\/categories?post=54527"},{"taxonomy":"post_tag","embeddable":true,"href":"https:\/\/inces.gob.ve\/index.php\/wp-json\/wp\/v2\/tags?post=54527"}],"curies":[{"name":"wp","href":"https:\/\/api.w.org\/{rel}","templated":true}]}}