{"id":54611,"date":"2023-09-30T15:11:26","date_gmt":"2023-09-30T19:11:26","guid":{"rendered":"https:\/\/inces.gob.ve\/?p=54611"},"modified":"2023-10-04T15:11:58","modified_gmt":"2023-10-04T19:11:58","slug":"nueva-esparta-exitoso-plan-vacacional-2023-del-inces","status":"publish","type":"post","link":"https:\/\/inces.gob.ve\/index.php\/2023\/09\/30\/nueva-esparta-exitoso-plan-vacacional-2023-del-inces\/","title":{"rendered":"NUEVA ESPARTA | Exitoso Plan Vacacional 2023 del Inces\u00a0"},"content":{"rendered":"<div style=\"text-align: justify;\"><strong><em><span style=\"font-size: 14pt; font-family: helvetica, arial, sans-serif;\">** Con mucha alegr\u00eda finaliz\u00f3 el Plan Vacacional 2023 del Inces de Nueva Esparta<\/span><\/em><\/strong><\/div>\n<p><!--more--><\/p>\n<div><\/div>\n<div><\/div>\n<div style=\"text-align: justify;\"><span style=\"font-size: 14pt; font-family: helvetica, arial, sans-serif;\">Los hijos de los empleados del Inces en el estado Nueva Esparta disfrutaron de un maravilloso d\u00eda de piscina, y antes de volver a sus hogares, los asistentes recibieron sus kits escolares de mano de nuestro Jefe de Divisi\u00f3n de Talento Humano, Ismel Narv\u00e1ez.<br \/>\n<\/span><\/div>\n<div style=\"text-align: justify;\"><span style=\"font-size: 14pt; font-family: helvetica, arial, sans-serif;\">\u00a0<\/span><\/div>\n<div><\/div>\n<div style=\"text-align: justify;\"><span style=\"font-size: 14pt; font-family: helvetica, arial, sans-serif;\">Fue una semana llena de diversi\u00f3n, donde los ni\u00f1os y adolescentes disfrutaron de visitas a museos y lugares hist\u00f3ricos, playa, piscina, y tambi\u00e9n tuvieron la oportunidad de conocer uno de los centros de formaci\u00f3n y realizaron una receta de galletas que luego degustaron todos los presentes.<\/span><\/div>\n<div style=\"text-align: justify;\"><span style=\"font-size: 14pt; font-family: helvetica, arial, sans-serif;\">\u00a0<\/span><\/div>\n<div style=\"text-align: justify;\"><span style=\"font-size: 14pt; font-family: helvetica, arial, sans-serif;\">Gracias a la\u00a0 gesti\u00f3n del presidente del Inces y viceministro Wuikelman Angel, y al\u00a0 equipo Inces de Nueva Esparta, los ni\u00f1os y adolescentes pasaron unos d\u00edas de esparcimiento en estas vacaciones, mismos que iniciaron en la gerencia regional cuando fueron recibidos por los recreadores y pintacaritas, con juegos, m\u00fasica, un rico desayuno y la entrega de sus carnets y uniformes.<\/span><\/div>\n<div style=\"text-align: justify;\"><span style=\"font-size: 14pt; font-family: helvetica, arial, sans-serif;\">\u00a0<\/span><\/div>\n<div><\/div>\n<div style=\"text-align: justify;\"><span style=\"font-size: 14pt; font-family: helvetica, arial, sans-serif;\">Tuvieron la oportunidad de visitar algunos de los sitios de inter\u00e9s m\u00e1s importantes de nuestra bella isla: El Castillo de Santa Rosa, la Catedral de Nuestra Se\u00f1ora de La Asunci\u00f3n, el Museo Nueva Cadiz, la Casa Natal de Juan Bautista Arismendi, la Casa de la Cultura, la Casa de los Palmeros y la plaza Bol\u00edvar en La Asunci\u00f3n, municipio Arismendi, donde fueron recibidos con mucho cari\u00f1o por la directora de Turismo de dicho municipio, Bizaida Diaz, y por el alcalde Ali Romero.<\/span><\/div>\n<div style=\"text-align: justify;\"><span style=\"font-size: 14pt; font-family: helvetica, arial, sans-serif;\">\u00a0<\/span><\/div>\n<div style=\"text-align: justify;\"><span style=\"font-size: 14pt; font-family: helvetica, arial, sans-serif;\">La visita al municipio Marcano inici\u00f3 en un lugar emblem\u00e1tico de Juan Griego: El Fort\u00edn de La Galera, all\u00ed fueron atendidos por el personal que amablemente cuida las instalaciones y es responsable del recorrido. Admiraron el paisaje, escucharon la historia del Fort\u00edn y aprovecharon para tomar fotograf\u00edas.\u00a0 <\/span><\/div>\n<div><\/div>\n<div style=\"text-align: justify;\"><span style=\"font-size: 14pt; font-family: helvetica, arial, sans-serif;\">Luego se trasladaron hasta el Centro de Formaci\u00f3n Socialista ubicado en Juan Griego, donde los recreadores se lucieron con juegos, bailes y canciones, almorzaron deliciosas pizzas, y por \u00faltimo, el maestro Yonys Lugo y dos de sus aprendices, les ense\u00f1aron la t\u00e9cnica de amasado y una receta de galletas, las que pudieron degustar luego que salieron del horno.<\/span><\/div>\n<div style=\"text-align: justify;\"><span style=\"font-size: 14pt; font-family: helvetica, arial, sans-serif;\">\u00a0<\/span><\/div>\n<div style=\"text-align: justify;\"><span style=\"font-size: 14pt; font-family: helvetica, arial, sans-serif;\">Todo buen plan vacacional debe incluir al menos un d\u00eda de playa, as\u00ed que nuestros ni\u00f1os y adolescentes asistieron a una de las m\u00e1s lindas y seguras del municipio Maneiro. All\u00ed tambi\u00e9n disfrutaron de actividades deportivas, recreativas, desayuno, almuerzo e hidrataci\u00f3n.<br \/>\n<\/span><\/div>\n<div style=\"text-align: justify;\"><span style=\"font-size: 14pt; font-family: helvetica, arial, sans-serif;\">\u00a0<\/span><\/div>\n<div style=\"text-align: justify;\"><span style=\"font-size: 14pt; font-family: helvetica, arial, sans-serif;\">Para finalizar tan estupenda semana, fueron hasta el municipio D\u00edaz a compartir en la piscina de una posada en el pueblo La Guardia, y antes de culminar la tarde de diversi\u00f3n, les fueron entregados sus Kits Escolares.<br \/>\n<\/span><\/div>\n<div style=\"text-align: justify;\"><span style=\"font-size: 14pt; font-family: helvetica, arial, sans-serif;\">\u00a0<\/span><\/div>\n<div>\n<div style=\"text-align: justify;\"><span style=\"font-family: helvetica, arial, sans-serif; font-size: 14pt;\">Agradecemos a los medios de comunicaci\u00f3n y a nuestra oficina principal por su atenci\u00f3n, el apoyo y difusi\u00f3n\u00a0que le puedan dar a la presente, esperamos seguir trabajando juntos en beneficio del pa\u00eds.<\/span><\/div>\n<\/div>\n","protected":false},"excerpt":{"rendered":"<p>** Con mucha alegr\u00eda finaliz\u00f3 el Plan Vacacional 2023 del Inces de Nueva Esparta<\/p>\n","protected":false},"author":4,"featured_media":54613,"comment_status":"closed","ping_status":"closed","sticky":false,"template":"","format":"standard","meta":{"footnotes":""},"categories":[2],"tags":[],"class_list":["post-54611","post","type-post","status-publish","format-standard","has-post-thumbnail","hentry","category-blog"],"_links":{"self":[{"href":"https:\/\/inces.gob.ve\/index.php\/wp-json\/wp\/v2\/posts\/54611","targetHints":{"allow":["GET"]}}],"collection":[{"href":"https:\/\/inces.gob.ve\/index.php\/wp-json\/wp\/v2\/posts"}],"about":[{"href":"https:\/\/inces.gob.ve\/index.php\/wp-json\/wp\/v2\/types\/post"}],"author":[{"embeddable":true,"href":"https:\/\/inces.gob.ve\/index.php\/wp-json\/wp\/v2\/users\/4"}],"replies":[{"embeddable":true,"href":"https:\/\/inces.gob.ve\/index.php\/wp-json\/wp\/v2\/comments?post=54611"}],"version-history":[{"count":2,"href":"https:\/\/inces.gob.ve\/index.php\/wp-json\/wp\/v2\/posts\/54611\/revisions"}],"predecessor-version":[{"id":54615,"href":"https:\/\/inces.gob.ve\/index.php\/wp-json\/wp\/v2\/posts\/54611\/revisions\/54615"}],"wp:featuredmedia":[{"embeddable":true,"href":"https:\/\/inces.gob.ve\/index.php\/wp-json\/wp\/v2\/media\/54613"}],"wp:attachment":[{"href":"https:\/\/inces.gob.ve\/index.php\/wp-json\/wp\/v2\/media?parent=54611"}],"wp:term":[{"taxonomy":"category","embeddable":true,"href":"https:\/\/inces.gob.ve\/index.php\/wp-json\/wp\/v2\/categories?post=54611"},{"taxonomy":"post_tag","embeddable":true,"href":"https:\/\/inces.gob.ve\/index.php\/wp-json\/wp\/v2\/tags?post=54611"}],"curies":[{"name":"wp","href":"https:\/\/api.w.org\/{rel}","templated":true}]}}