{"id":54672,"date":"2023-10-06T10:37:41","date_gmt":"2023-10-06T14:37:41","guid":{"rendered":"https:\/\/inces.gob.ve\/?p=54672"},"modified":"2023-10-06T10:40:08","modified_gmt":"2023-10-06T14:40:08","slug":"trujillo-inces-dicta-formacion-para-desarrollar-habilidades-tecnicas-en-panaderia","status":"publish","type":"post","link":"https:\/\/inces.gob.ve\/index.php\/2023\/10\/06\/trujillo-inces-dicta-formacion-para-desarrollar-habilidades-tecnicas-en-panaderia\/","title":{"rendered":"TRUJILLO | Inces dicta formaci\u00f3n para desarrollar habilidades t\u00e9cnicas en panader\u00eda"},"content":{"rendered":"<p style=\"text-align: justify;\"><em><strong><span style=\"font-family: helvetica, arial, sans-serif; font-size: 14pt;\">** El \u00e1rea gastron\u00f3mica es una de las m\u00e1s solicitadas en todo el pa\u00eds<\/span><\/strong><\/em><br \/>\n<!--more--><\/p>\n<div class=\"gmail_quote\">\n<div dir=\"ltr\">\n<div class=\"gmail_quote\">\n<div dir=\"ltr\">\n<div style=\"text-align: justify;\"><\/div>\n<div style=\"text-align: justify;\"><span style=\"font-family: helvetica, arial, sans-serif; font-size: 14pt;\">El maestro Jos\u00e9 H\u00e9ctor La Torre imparte los conocimientos necesarios a trav\u00e9s de la unidad curricular de Panader\u00eda, orientada a desarrollar habilidades y destrezas en este arte que contribuye a mejorar las condiciones de acceso al campo laboral.<\/span><\/div>\n<div><\/div>\n<div style=\"text-align: justify;\"><img loading=\"lazy\" decoding=\"async\" class=\"aligncenter wp-image-54675 size-full\" src=\"https:\/\/inces.gob.ve\/wp-content\/uploads\/2023\/10\/inces_panaderia_trujillo-e1696603032547.jpeg\" alt=\"\" width=\"800\" height=\"800\" srcset=\"https:\/\/inces.gob.ve\/wp-content\/uploads\/2023\/10\/inces_panaderia_trujillo-e1696603032547.jpeg 800w, https:\/\/inces.gob.ve\/wp-content\/uploads\/2023\/10\/inces_panaderia_trujillo-e1696603032547-300x300.jpeg 300w, https:\/\/inces.gob.ve\/wp-content\/uploads\/2023\/10\/inces_panaderia_trujillo-e1696603032547-150x150.jpeg 150w, https:\/\/inces.gob.ve\/wp-content\/uploads\/2023\/10\/inces_panaderia_trujillo-e1696603032547-768x768.jpeg 768w\" sizes=\"auto, (max-width: 800px) 100vw, 800px\" \/><\/div>\n<div style=\"text-align: justify;\"><span style=\"font-family: helvetica, arial, sans-serif; font-size: 14pt;\">En esta oportunidad, 17 participantes dedican su tiempo para formarse en el oficio de la panader\u00eda; con una duraci\u00f3n de 88 horas, este tipo de aprendizaje los conducir\u00e1 satisfactoriamente para emprender una unidad productiva que los fortalecer\u00e1 en la sostenibilidad econ\u00f3mica.<\/span><\/div>\n<div style=\"text-align: justify;\"><\/div>\n<div style=\"text-align: justify;\"><span style=\"font-family: helvetica, arial, sans-serif; font-size: 14pt;\">Destac\u00f3 el gerente regional\u00a0 Alexis Brice\u00f1o que este tipo de formaci\u00f3n se est\u00e1 impartiendo en el Centro de Formaci\u00f3n (CFS) Al\u00ed Primera, ubicado en la urbanizaci\u00f3n Mirabel Plata I, diagonal al Terminal de Valera; adem\u00e1s de ello, reiter\u00f3 el llamado para formarse y aprender la t\u00e9cnica.<\/span><\/div>\n<\/div>\n<\/div>\n<\/div>\n<\/div>\n","protected":false},"excerpt":{"rendered":"<p>** El \u00e1rea gastron\u00f3mica es una de las m\u00e1s solicitadas en todo el pa\u00eds<\/p>\n","protected":false},"author":4,"featured_media":54673,"comment_status":"closed","ping_status":"closed","sticky":false,"template":"","format":"standard","meta":{"footnotes":""},"categories":[2],"tags":[],"class_list":["post-54672","post","type-post","status-publish","format-standard","has-post-thumbnail","hentry","category-blog"],"_links":{"self":[{"href":"https:\/\/inces.gob.ve\/index.php\/wp-json\/wp\/v2\/posts\/54672","targetHints":{"allow":["GET"]}}],"collection":[{"href":"https:\/\/inces.gob.ve\/index.php\/wp-json\/wp\/v2\/posts"}],"about":[{"href":"https:\/\/inces.gob.ve\/index.php\/wp-json\/wp\/v2\/types\/post"}],"author":[{"embeddable":true,"href":"https:\/\/inces.gob.ve\/index.php\/wp-json\/wp\/v2\/users\/4"}],"replies":[{"embeddable":true,"href":"https:\/\/inces.gob.ve\/index.php\/wp-json\/wp\/v2\/comments?post=54672"}],"version-history":[{"count":4,"href":"https:\/\/inces.gob.ve\/index.php\/wp-json\/wp\/v2\/posts\/54672\/revisions"}],"predecessor-version":[{"id":54693,"href":"https:\/\/inces.gob.ve\/index.php\/wp-json\/wp\/v2\/posts\/54672\/revisions\/54693"}],"wp:featuredmedia":[{"embeddable":true,"href":"https:\/\/inces.gob.ve\/index.php\/wp-json\/wp\/v2\/media\/54673"}],"wp:attachment":[{"href":"https:\/\/inces.gob.ve\/index.php\/wp-json\/wp\/v2\/media?parent=54672"}],"wp:term":[{"taxonomy":"category","embeddable":true,"href":"https:\/\/inces.gob.ve\/index.php\/wp-json\/wp\/v2\/categories?post=54672"},{"taxonomy":"post_tag","embeddable":true,"href":"https:\/\/inces.gob.ve\/index.php\/wp-json\/wp\/v2\/tags?post=54672"}],"curies":[{"name":"wp","href":"https:\/\/api.w.org\/{rel}","templated":true}]}}