{"id":54692,"date":"2023-10-06T10:57:47","date_gmt":"2023-10-06T14:57:47","guid":{"rendered":"https:\/\/inces.gob.ve\/?p=54692"},"modified":"2023-10-06T10:58:55","modified_gmt":"2023-10-06T14:58:55","slug":"barinas-inces-inicia-sus-actividades-academicas-correspondientes-al-ano-escolar-2023-2024","status":"publish","type":"post","link":"https:\/\/inces.gob.ve\/index.php\/2023\/10\/06\/barinas-inces-inicia-sus-actividades-academicas-correspondientes-al-ano-escolar-2023-2024\/","title":{"rendered":"BARINAS | Inces inicia sus actividades acad\u00e9micas correspondientes al a\u00f1o escolar 2023 &#8211; 2024"},"content":{"rendered":"<div dir=\"auto\"><\/div>\n<div dir=\"auto\" style=\"text-align: justify;\"><em><strong>*<span style=\"font-family: helvetica, arial, sans-serif; font-size: 14pt;\">* Brindando oportunidades de estudio a j\u00f3venes y adultos con m\u00e1s de un a\u00f1o desincorporados del sistema educativo tradicional pero con grandes deseos de iniciar o continuar su bachillerato<\/span><\/strong><\/em><\/div>\n<p><!--more--><\/p>\n<div dir=\"auto\" style=\"text-align: justify;\"><\/div>\n<p style=\"text-align: justify;\"><span style=\"font-family: helvetica, arial, sans-serif; font-size: 14pt;\">HIRASYANEL BAYONA<\/span><\/p>\n<div dir=\"auto\" style=\"text-align: justify;\"><\/div>\n<div dir=\"auto\" style=\"text-align: justify;\"><span style=\"font-family: helvetica, arial, sans-serif; font-size: 14pt;\">Entonando las gloriosas notas del himno nacional y el himno de la instituci\u00f3n, aproximadamente 190 j\u00f3venes y adultos, en compa\u00f1\u00eda de la directora Amelia Nu\u00f1ez, del gerente regional, \u00c1lvaro Oviedo, maestros y personal administrativo del liceo y de la instituci\u00f3n, se dieron cita en la sede principal del Inces regional para dar inicio a las actividades acad\u00e9micas correspondientes al a\u00f1o escolar 2023 &#8211; 2024 del programa Bachillerato productivo del Liceo Inces Barinas, momento en el que Amelia N\u00fa\u00f1ez y \u00c1lvaro Oviedo dirigieron palabras de bienvenida y motivaci\u00f3n, invitando a los estudiantes a continuar a paso firme su formaci\u00f3n acad\u00e9mica y seguirse preparando.<\/span><\/div>\n<div dir=\"auto\"><\/div>\n<div dir=\"auto\"><img loading=\"lazy\" decoding=\"async\" class=\"aligncenter wp-image-54697 size-full\" src=\"https:\/\/inces.gob.ve\/wp-content\/uploads\/2023\/10\/inces_barinas_ammo_escolar3-2-scaled-e1696604222736.jpg\" alt=\"\" width=\"800\" height=\"600\" srcset=\"https:\/\/inces.gob.ve\/wp-content\/uploads\/2023\/10\/inces_barinas_ammo_escolar3-2-scaled-e1696604222736.jpg 800w, https:\/\/inces.gob.ve\/wp-content\/uploads\/2023\/10\/inces_barinas_ammo_escolar3-2-scaled-e1696604222736-300x225.jpg 300w, https:\/\/inces.gob.ve\/wp-content\/uploads\/2023\/10\/inces_barinas_ammo_escolar3-2-scaled-e1696604222736-768x576.jpg 768w, https:\/\/inces.gob.ve\/wp-content\/uploads\/2023\/10\/inces_barinas_ammo_escolar3-2-scaled-e1696604222736-136x102.jpg 136w\" sizes=\"auto, (max-width: 800px) 100vw, 800px\" \/><\/div>\n<div dir=\"auto\" style=\"text-align: justify;\"><\/div>\n<div dir=\"auto\" style=\"text-align: justify;\"><span style=\"font-family: helvetica, arial, sans-serif; font-size: 14pt;\">Al respecto, Amelia N\u00fa\u00f1ez explic\u00f3 que aproximadamente 400 estudiantes se han inscritos para iniciar o \u00a0continuar su bachillerato, con edades comprendidas entre los 15 y 68 a\u00f1os, distribuidos en distintos ambientes de formaci\u00f3n como PDVSA, Corsobain, Academia de Ciencias Agr\u00edcola de Venezuela, Instituto Judicial Barinas (INJUBA), centro de formaci\u00f3n socialista Josefa Camejo, cuerpo de bomberos municipales, inspector\u00eda del trabajo, base de misiones el Esfuerzo de Hugo Ch\u00e1vez en la parroquia San Silvestre, escuela de educaci\u00f3n especial Rafael Vega S\u00e1nchez y Bus Barinas, mismos habilitados para atender la mayor diversidad posible de poblaci\u00f3n incluyendo clase trabajadora, privados de libertad, personas con discapacidad auditiva, tercera edad y j\u00f3venes.<\/span><\/div>\n<div dir=\"auto\" style=\"text-align: justify;\"><\/div>\n<div dir=\"auto\" style=\"text-align: justify;\"><span style=\"font-family: helvetica, arial, sans-serif; font-size: 14pt;\">Asimismo N\u00fa\u00f1ez aclar\u00f3 que ya dieron inicio en los ambientes INJUBA, cuerpo de bomberos y centro de formaci\u00f3n socialista Josefa Camejo con una incorporaci\u00f3n de 134, 10 y 180 estudiantes respectivamente, y que de forma progresiva, en el transcurso de la pr\u00f3xima semana, se dar\u00e1 inicio en \u00a0la totalidad de los ambientes formativos, para as\u00ed atender a los aproximadamente 400 estudiantes inscritos, que conforman desde el periodo I al periodo VI de la escolaridad.<\/span><\/div>\n<div dir=\"auto\"><\/div>\n<div dir=\"auto\"><\/div>\n<div dir=\"auto\"><img loading=\"lazy\" decoding=\"async\" class=\"aligncenter wp-image-54696 size-full\" src=\"https:\/\/inces.gob.ve\/wp-content\/uploads\/2023\/10\/inces_barinas_ammo_escolar2-scaled-e1696604240194.jpg\" alt=\"\" width=\"800\" height=\"600\" srcset=\"https:\/\/inces.gob.ve\/wp-content\/uploads\/2023\/10\/inces_barinas_ammo_escolar2-scaled-e1696604240194.jpg 800w, https:\/\/inces.gob.ve\/wp-content\/uploads\/2023\/10\/inces_barinas_ammo_escolar2-scaled-e1696604240194-300x225.jpg 300w, https:\/\/inces.gob.ve\/wp-content\/uploads\/2023\/10\/inces_barinas_ammo_escolar2-scaled-e1696604240194-768x576.jpg 768w, https:\/\/inces.gob.ve\/wp-content\/uploads\/2023\/10\/inces_barinas_ammo_escolar2-scaled-e1696604240194-136x102.jpg 136w\" sizes=\"auto, (max-width: 800px) 100vw, 800px\" \/><\/div>\n<div dir=\"auto\" style=\"text-align: justify;\"><\/div>\n<div dir=\"auto\" style=\"text-align: justify;\"><span style=\"font-family: helvetica, arial, sans-serif; font-size: 14pt;\">Cabe destacar que se cuenta con maestros dedicados, que asumen, con la responsabilidad pertinente, el compromiso de formar los futuros bachilleres, y que de la mano del equipo administrativo y directivo del Liceo, inician un nuevo a\u00f1o escolar con el \u00a0 firme prop\u00f3sito de trabajar d\u00eda a d\u00eda en la \u00a0construcci\u00f3n de un mejor futuro para nuestros estudiantes.<\/span><\/div>\n","protected":false},"excerpt":{"rendered":"<p>** Brindando oportunidades de estudio a j\u00f3venes y adultos con m\u00e1s de un a\u00f1o desincorporados del sistema educativo tradicional pero con grandes deseos de iniciar o continuar su bachillerato<\/p>\n","protected":false},"author":4,"featured_media":54698,"comment_status":"closed","ping_status":"closed","sticky":false,"template":"","format":"standard","meta":{"footnotes":""},"categories":[2],"tags":[],"class_list":["post-54692","post","type-post","status-publish","format-standard","has-post-thumbnail","hentry","category-blog"],"_links":{"self":[{"href":"https:\/\/inces.gob.ve\/index.php\/wp-json\/wp\/v2\/posts\/54692","targetHints":{"allow":["GET"]}}],"collection":[{"href":"https:\/\/inces.gob.ve\/index.php\/wp-json\/wp\/v2\/posts"}],"about":[{"href":"https:\/\/inces.gob.ve\/index.php\/wp-json\/wp\/v2\/types\/post"}],"author":[{"embeddable":true,"href":"https:\/\/inces.gob.ve\/index.php\/wp-json\/wp\/v2\/users\/4"}],"replies":[{"embeddable":true,"href":"https:\/\/inces.gob.ve\/index.php\/wp-json\/wp\/v2\/comments?post=54692"}],"version-history":[{"count":4,"href":"https:\/\/inces.gob.ve\/index.php\/wp-json\/wp\/v2\/posts\/54692\/revisions"}],"predecessor-version":[{"id":54702,"href":"https:\/\/inces.gob.ve\/index.php\/wp-json\/wp\/v2\/posts\/54692\/revisions\/54702"}],"wp:featuredmedia":[{"embeddable":true,"href":"https:\/\/inces.gob.ve\/index.php\/wp-json\/wp\/v2\/media\/54698"}],"wp:attachment":[{"href":"https:\/\/inces.gob.ve\/index.php\/wp-json\/wp\/v2\/media?parent=54692"}],"wp:term":[{"taxonomy":"category","embeddable":true,"href":"https:\/\/inces.gob.ve\/index.php\/wp-json\/wp\/v2\/categories?post=54692"},{"taxonomy":"post_tag","embeddable":true,"href":"https:\/\/inces.gob.ve\/index.php\/wp-json\/wp\/v2\/tags?post=54692"}],"curies":[{"name":"wp","href":"https:\/\/api.w.org\/{rel}","templated":true}]}}