{"id":54757,"date":"2023-10-09T13:22:27","date_gmt":"2023-10-09T17:22:27","guid":{"rendered":"https:\/\/inces.gob.ve\/?p=54757"},"modified":"2023-10-09T13:22:27","modified_gmt":"2023-10-09T17:22:27","slug":"apure-aprendices-demostraron-los-conocimientos-adquiridos-en-la-fase-teorica","status":"publish","type":"post","link":"https:\/\/inces.gob.ve\/index.php\/2023\/10\/09\/apure-aprendices-demostraron-los-conocimientos-adquiridos-en-la-fase-teorica\/","title":{"rendered":"APURE | Aprendices demostraron los conocimientos adquiridos en la fase te\u00f3rica"},"content":{"rendered":"<p style=\"text-align: justify;\"><em><strong>*<span style=\"font-family: helvetica, arial, sans-serif; font-size: 14pt;\">* Los aprendices de la formaci\u00f3n de Vendedor, en la modalidad de agrupaci\u00f3n de interempresa, han participado una vez m\u00e1s en el Gran Registro de Preinscripci\u00f3n del Programa Nacional de Aprendizaje del Inces en Apure<\/span><\/strong><\/em><!--more--><\/p>\n<div style=\"text-align: justify;\">\n<p><span style=\"font-family: helvetica, arial, sans-serif; font-size: 14pt;\">Durante esta actividad, supervisada por la coordinadora del programa Maneilis P\u00e9rez y las formadoras Camelia Caviglione y Dariana P\u00e9rez, los aprendices procesaron las preinscripciones directamente en el sistema.<\/span><\/p>\n<p><span style=\"font-family: helvetica, arial, sans-serif; font-size: 14pt;\">Adem\u00e1s de realizar el proceso de preinscripci\u00f3n, los aprendices demostraron los conocimientos adquiridos en la parte te\u00f3rica de su formaci\u00f3n.<\/span><\/div>\n<div style=\"text-align: justify;\"><span style=\"font-family: helvetica, arial, sans-serif; font-size: 14pt;\">\u00a0 <\/span><br \/>\n<span style=\"font-family: helvetica, arial, sans-serif; font-size: 14pt;\">Estos conocimientos incluyen temas como atenci\u00f3n al cliente, comunicaci\u00f3n, protocolo, oratoria, promoci\u00f3n de productos y servicios, computaci\u00f3n b\u00e1sica, \u00e9tica profesional, valores, entre otros; de esta manera, los aprendices pudieron orientar a los usuarios y aspirantes a aprendices en cuanto al proceso de preinscripci\u00f3n, las unidades curriculares, su duraci\u00f3n, as\u00ed como tambi\u00e9n compartir su experiencia en la formaci\u00f3n de ventas e informaci\u00f3n sobre el Inces, el programa y la entidad de trabajo donde ejecutar\u00e1n su fase pr\u00e1ctica.<\/span><\/p>\n<p><span style=\"font-family: helvetica, arial, sans-serif; font-size: 14pt;\">Esta actividad demuestra el compromiso y la preparaci\u00f3n de los aprendices en su formaci\u00f3n como vendedores, as\u00ed como la importancia de brindar una atenci\u00f3n de calidad a los usuarios y aspirantes al programa.<\/span><\/div>\n","protected":false},"excerpt":{"rendered":"<p>** Los aprendices de la formaci\u00f3n de Vendedor, en la modalidad de agrupaci\u00f3n de interempresa, han participado una vez m\u00e1s en el Gran Registro de Preinscripci\u00f3n del Programa Nacional de Aprendizaje del Inces en Apure<\/p>\n","protected":false},"author":15,"featured_media":54758,"comment_status":"closed","ping_status":"closed","sticky":false,"template":"","format":"standard","meta":{"footnotes":""},"categories":[2],"tags":[],"class_list":["post-54757","post","type-post","status-publish","format-standard","has-post-thumbnail","hentry","category-blog"],"_links":{"self":[{"href":"https:\/\/inces.gob.ve\/index.php\/wp-json\/wp\/v2\/posts\/54757","targetHints":{"allow":["GET"]}}],"collection":[{"href":"https:\/\/inces.gob.ve\/index.php\/wp-json\/wp\/v2\/posts"}],"about":[{"href":"https:\/\/inces.gob.ve\/index.php\/wp-json\/wp\/v2\/types\/post"}],"author":[{"embeddable":true,"href":"https:\/\/inces.gob.ve\/index.php\/wp-json\/wp\/v2\/users\/15"}],"replies":[{"embeddable":true,"href":"https:\/\/inces.gob.ve\/index.php\/wp-json\/wp\/v2\/comments?post=54757"}],"version-history":[{"count":1,"href":"https:\/\/inces.gob.ve\/index.php\/wp-json\/wp\/v2\/posts\/54757\/revisions"}],"predecessor-version":[{"id":54759,"href":"https:\/\/inces.gob.ve\/index.php\/wp-json\/wp\/v2\/posts\/54757\/revisions\/54759"}],"wp:featuredmedia":[{"embeddable":true,"href":"https:\/\/inces.gob.ve\/index.php\/wp-json\/wp\/v2\/media\/54758"}],"wp:attachment":[{"href":"https:\/\/inces.gob.ve\/index.php\/wp-json\/wp\/v2\/media?parent=54757"}],"wp:term":[{"taxonomy":"category","embeddable":true,"href":"https:\/\/inces.gob.ve\/index.php\/wp-json\/wp\/v2\/categories?post=54757"},{"taxonomy":"post_tag","embeddable":true,"href":"https:\/\/inces.gob.ve\/index.php\/wp-json\/wp\/v2\/tags?post=54757"}],"curies":[{"name":"wp","href":"https:\/\/api.w.org\/{rel}","templated":true}]}}