{"id":54777,"date":"2023-10-09T14:33:51","date_gmt":"2023-10-09T18:33:51","guid":{"rendered":"https:\/\/inces.gob.ve\/?p=54777"},"modified":"2023-10-09T14:48:10","modified_gmt":"2023-10-09T18:48:10","slug":"apure-realizado-el-cierre-de-la-semana-del-aprendiz-inces-en-apure","status":"publish","type":"post","link":"https:\/\/inces.gob.ve\/index.php\/2023\/10\/09\/apure-realizado-el-cierre-de-la-semana-del-aprendiz-inces-en-apure\/","title":{"rendered":"APURE |  Realizado el cierre de la semana del Aprendiz Inces en Apure."},"content":{"rendered":"<p style=\"text-align: justify;\"><span style=\"font-family: helvetica, arial, sans-serif; font-size: 14pt;\">Durante esta semana, la Gerencia Regional del Inces en Apure dedic\u00f3 especial atenci\u00f3n al Programa Nacional de Aprendizaje, que es una de las bases m\u00e1s importantes en la instituci\u00f3n en materia formativa. <\/span><\/p>\n<p>&nbsp;<\/p>\n<p style=\"text-align: justify;\"><span style=\"font-family: helvetica, arial, sans-serif; font-size: 14pt;\">Como parte de la celebraci\u00f3n del 58 aniversario del Programa Nacional de Aprendizaje y la semana del Aprendiz Inces, se llev\u00f3 a cabo un viernes deportivo y recreativo. Antes de iniciar las actividades deportivas y recreativas, se realiz\u00f3 una breve rese\u00f1a del origen del PNA, que fue aprobado como proyecto en el a\u00f1o 1965 con el objetivo de que los j\u00f3venes de 14 a 18 a\u00f1os adquieran conocimientos t\u00e9cnicos y pr\u00e1cticos de manera sistem\u00e1tica y progresiva mientras trabajan en una empresa.<\/span><\/p>\n<p>&nbsp;<\/p>\n<p><img loading=\"lazy\" decoding=\"async\" class=\"aligncenter wp-image-54781 size-full\" src=\"https:\/\/inces.gob.ve\/wp-content\/uploads\/2023\/10\/WhatsApp-Image-2023-10-06-at-12.39.58-PM.jpeg\" alt=\"\" width=\"1020\" height=\"768\" data-wp-editing=\"1\" srcset=\"https:\/\/inces.gob.ve\/wp-content\/uploads\/2023\/10\/WhatsApp-Image-2023-10-06-at-12.39.58-PM.jpeg 1020w, https:\/\/inces.gob.ve\/wp-content\/uploads\/2023\/10\/WhatsApp-Image-2023-10-06-at-12.39.58-PM-300x226.jpeg 300w, https:\/\/inces.gob.ve\/wp-content\/uploads\/2023\/10\/WhatsApp-Image-2023-10-06-at-12.39.58-PM-768x578.jpeg 768w, https:\/\/inces.gob.ve\/wp-content\/uploads\/2023\/10\/WhatsApp-Image-2023-10-06-at-12.39.58-PM-136x102.jpeg 136w\" sizes=\"auto, (max-width: 1020px) 100vw, 1020px\" \/><\/p>\n<p>&nbsp;<\/p>\n<p style=\"text-align: justify;\"><span style=\"font-family: helvetica, arial, sans-serif; font-size: 14pt;\">Tambi\u00e9n se mencion\u00f3 el decreto del primero de octubre como D\u00eda del Aprendiz Inces. <\/span><\/p>\n<p>&nbsp;<\/p>\n<p style=\"text-align: justify;\"><span style=\"font-family: helvetica, arial, sans-serif; font-size: 14pt;\">El viernes deportivo y recreativo, incluy\u00f3 una sesi\u00f3n de bailoterapia a cargo del Sistema Estadal de Danza Apure, que tuvo lugar en los espacios externos del Inces. Durante esta actividad, los aprendices, formadores y coordinadores bailaron al ritmo de diferentes g\u00e9neros musicales como salsa, merengue, tambor, bachata, entre otros.<\/span><\/p>\n<p><img loading=\"lazy\" decoding=\"async\" class=\"aligncenter wp-image-54780 \" src=\"https:\/\/inces.gob.ve\/wp-content\/uploads\/2023\/10\/WhatsApp-Image-2023-10-06-at-12.39.28-PM.jpeg\" alt=\"\" width=\"391\" height=\"896\" srcset=\"https:\/\/inces.gob.ve\/wp-content\/uploads\/2023\/10\/WhatsApp-Image-2023-10-06-at-12.39.28-PM.jpeg 445w, https:\/\/inces.gob.ve\/wp-content\/uploads\/2023\/10\/WhatsApp-Image-2023-10-06-at-12.39.28-PM-131x300.jpeg 131w\" sizes=\"auto, (max-width: 391px) 100vw, 391px\" \/><\/p>\n<p style=\"text-align: justify;\"><span style=\"font-family: helvetica, arial, sans-serif; font-size: 14pt;\"> Adem\u00e1s, se recrearon jugando domin\u00f3. Estas actividades deportivas y recreativas son una forma de promover la integraci\u00f3n, el compa\u00f1erismo y el bienestar f\u00edsico y emocional de los aprendices del Inces.<\/span><\/p>\n","protected":false},"excerpt":{"rendered":"<p>Durante esta semana, la Gerencia Regional del Inces en Apure dedic\u00f3 especial atenci\u00f3n al Programa Nacional de Aprendizaje, que es una de las bases m\u00e1s importantes en la instituci\u00f3n en materia formativa. &nbsp; Como parte de la celebraci\u00f3n del 58 aniversario del Programa Nacional de Aprendizaje y la semana del Aprendiz Inces, se llev\u00f3 a [&hellip;]<\/p>\n","protected":false},"author":4,"featured_media":54778,"comment_status":"closed","ping_status":"closed","sticky":false,"template":"","format":"standard","meta":{"footnotes":""},"categories":[2],"tags":[],"class_list":["post-54777","post","type-post","status-publish","format-standard","has-post-thumbnail","hentry","category-blog"],"_links":{"self":[{"href":"https:\/\/inces.gob.ve\/index.php\/wp-json\/wp\/v2\/posts\/54777","targetHints":{"allow":["GET"]}}],"collection":[{"href":"https:\/\/inces.gob.ve\/index.php\/wp-json\/wp\/v2\/posts"}],"about":[{"href":"https:\/\/inces.gob.ve\/index.php\/wp-json\/wp\/v2\/types\/post"}],"author":[{"embeddable":true,"href":"https:\/\/inces.gob.ve\/index.php\/wp-json\/wp\/v2\/users\/4"}],"replies":[{"embeddable":true,"href":"https:\/\/inces.gob.ve\/index.php\/wp-json\/wp\/v2\/comments?post=54777"}],"version-history":[{"count":5,"href":"https:\/\/inces.gob.ve\/index.php\/wp-json\/wp\/v2\/posts\/54777\/revisions"}],"predecessor-version":[{"id":54792,"href":"https:\/\/inces.gob.ve\/index.php\/wp-json\/wp\/v2\/posts\/54777\/revisions\/54792"}],"wp:featuredmedia":[{"embeddable":true,"href":"https:\/\/inces.gob.ve\/index.php\/wp-json\/wp\/v2\/media\/54778"}],"wp:attachment":[{"href":"https:\/\/inces.gob.ve\/index.php\/wp-json\/wp\/v2\/media?parent=54777"}],"wp:term":[{"taxonomy":"category","embeddable":true,"href":"https:\/\/inces.gob.ve\/index.php\/wp-json\/wp\/v2\/categories?post=54777"},{"taxonomy":"post_tag","embeddable":true,"href":"https:\/\/inces.gob.ve\/index.php\/wp-json\/wp\/v2\/tags?post=54777"}],"curies":[{"name":"wp","href":"https:\/\/api.w.org\/{rel}","templated":true}]}}