{"id":54829,"date":"2023-10-10T12:03:17","date_gmt":"2023-10-10T16:03:17","guid":{"rendered":"https:\/\/inces.gob.ve\/?p=54829"},"modified":"2023-10-10T12:03:25","modified_gmt":"2023-10-10T16:03:25","slug":"maracay-el-liceo-inces-aragua-inicio-clases-en-los-distintos-ambientes-de-la-region","status":"publish","type":"post","link":"https:\/\/inces.gob.ve\/index.php\/2023\/10\/10\/maracay-el-liceo-inces-aragua-inicio-clases-en-los-distintos-ambientes-de-la-region\/","title":{"rendered":"MARACAY| El Liceo Inces Aragua inici\u00f3 clases en los distintos ambientes de la regi\u00f3n"},"content":{"rendered":"<div id=\":u6\" class=\"ii gt\">\n<div id=\":u7\" class=\"a3s aiL \">\n<div dir=\"ltr\">\n<div class=\"gmail_quote\">\n<div dir=\"auto\">\n<div dir=\"auto\" style=\"text-align: justify;\"><em><strong><span style=\"font-family: helvetica, arial, sans-serif; font-size: 14pt;\">** Se apreci\u00f3 gran concurrencia de estudiantes para el periodo escolar 2023 &#8211; 2024, de Educaci\u00f3n Media<\/span><\/strong><\/em><\/div>\n<\/div>\n<\/div>\n<\/div>\n<\/div>\n<\/div>\n<p><!--more--><\/p>\n<div dir=\"auto\" style=\"text-align: justify;\"><\/div>\n<div id=\":u6\" class=\"ii gt\">\n<div id=\":u7\" class=\"a3s aiL \">\n<div dir=\"ltr\">\n<div class=\"gmail_quote\">\n<div dir=\"auto\">\n<div dir=\"auto\" style=\"text-align: justify;\"><span style=\"font-family: helvetica, arial, sans-serif; font-size: 14pt;\"><b>NINOSKA PATRIZ<\/b><\/span><\/div>\n<div dir=\"auto\" style=\"text-align: justify;\"><\/div>\n<div dir=\"auto\" style=\"text-align: justify;\"><span style=\"font-family: helvetica, arial, sans-serif; font-size: 14pt;\">Siguiendo lineamientos del presidente Nicol\u00e1s Maduro; del titular del Inces Wuikelman Angel Paredes y de la gerente reguional del Inces Aragua, Yelitza Rodr\u00edguez \u201cse di\u00f3 la bienvenida a m\u00e1s de 800 los estudiantes desde el Liceo Inces Aragua, bajo la modalidad Joven y Adulto, en el Programa Bachiller Productivo, en conjunto con las orientaciones de la ministra de Educaci\u00f3n Yelitza Santaella\u201d. As\u00ed lo inform\u00f3 Sorangel Blanco, jefa del Liceo Inces Aragua.<\/span><\/div>\n<div dir=\"auto\"><\/div>\n<div dir=\"auto\"><\/div>\n<\/div>\n<div dir=\"auto\"><img loading=\"lazy\" decoding=\"async\" class=\"aligncenter wp-image-54830 size-full\" src=\"https:\/\/inces.gob.ve\/wp-content\/uploads\/2023\/10\/IMG-20231007-WA0023-e1696953621367.jpg\" alt=\"\" width=\"800\" height=\"600\" srcset=\"https:\/\/inces.gob.ve\/wp-content\/uploads\/2023\/10\/IMG-20231007-WA0023-e1696953621367.jpg 800w, https:\/\/inces.gob.ve\/wp-content\/uploads\/2023\/10\/IMG-20231007-WA0023-e1696953621367-300x225.jpg 300w, https:\/\/inces.gob.ve\/wp-content\/uploads\/2023\/10\/IMG-20231007-WA0023-e1696953621367-768x576.jpg 768w, https:\/\/inces.gob.ve\/wp-content\/uploads\/2023\/10\/IMG-20231007-WA0023-e1696953621367-136x102.jpg 136w\" sizes=\"auto, (max-width: 800px) 100vw, 800px\" \/><\/div>\n<div dir=\"auto\">\n<div dir=\"auto\" style=\"text-align: justify;\"><\/div>\n<div dir=\"auto\" style=\"text-align: justify;\"><span style=\"font-family: helvetica, arial, sans-serif; font-size: 14pt;\">El prop\u00f3sito que se persigue desde el Inces es desarrollar en cada joven un perfil productivo que le permita tener las capacidades, competencias y habilidades para proponer, crear, realizar y\/o ejecutar emprendimientos por y para el trabajo; en aras de su crecimiento personal, profesional, colectivo y comunitario en las diferentes \u00e1reas socioproductivas del estado.<\/span><\/div>\n<\/div>\n<div dir=\"auto\"><\/div>\n<div dir=\"auto\"><img loading=\"lazy\" decoding=\"async\" class=\"aligncenter wp-image-54834 size-full\" src=\"https:\/\/inces.gob.ve\/wp-content\/uploads\/2023\/10\/IMG-20231007-WA0032-e1696953663580.jpg\" alt=\"\" width=\"800\" height=\"600\" srcset=\"https:\/\/inces.gob.ve\/wp-content\/uploads\/2023\/10\/IMG-20231007-WA0032-e1696953663580.jpg 800w, https:\/\/inces.gob.ve\/wp-content\/uploads\/2023\/10\/IMG-20231007-WA0032-e1696953663580-300x225.jpg 300w, https:\/\/inces.gob.ve\/wp-content\/uploads\/2023\/10\/IMG-20231007-WA0032-e1696953663580-768x576.jpg 768w, https:\/\/inces.gob.ve\/wp-content\/uploads\/2023\/10\/IMG-20231007-WA0032-e1696953663580-136x102.jpg 136w\" sizes=\"auto, (max-width: 800px) 100vw, 800px\" \/><\/div>\n<div dir=\"auto\">\n<div dir=\"auto\" style=\"text-align: justify;\"><\/div>\n<div dir=\"auto\" style=\"text-align: justify;\"><span style=\"font-family: helvetica, arial, sans-serif; font-size: 14pt;\">Este es un programa educativo donde el estudiante adem\u00e1s de obtener su t\u00edtulo de bachiller avalado por el Ministerio del Poder Popular para la Educaci\u00f3n, logra la certificaci\u00f3n de poseer los conocimientos t\u00e9cnicos y profesionales a trav\u00e9s de cursos, talleres y seminarios que facilita el Inces.<\/span><\/div>\n<\/div>\n<div dir=\"auto\"><\/div>\n<div dir=\"auto\">\n<div dir=\"auto\"><img loading=\"lazy\" decoding=\"async\" class=\"aligncenter wp-image-54833 \" src=\"https:\/\/inces.gob.ve\/wp-content\/uploads\/2023\/10\/IMG-20231007-WA0028.jpg\" alt=\"\" width=\"672\" height=\"520\" srcset=\"https:\/\/inces.gob.ve\/wp-content\/uploads\/2023\/10\/IMG-20231007-WA0028.jpg 720w, https:\/\/inces.gob.ve\/wp-content\/uploads\/2023\/10\/IMG-20231007-WA0028-300x232.jpg 300w\" sizes=\"auto, (max-width: 672px) 100vw, 672px\" \/><\/div>\n<div dir=\"auto\" style=\"text-align: justify;\"><\/div>\n<div dir=\"auto\" style=\"text-align: justify;\"><span style=\"font-family: helvetica, arial, sans-serif; font-size: 14pt;\">Las actividades acad\u00e9micas presenciales, en los diferentes ambientes, tales como: Ambiente Saman Tarazonero, Liceo Inces Aragua, Ambiente San Mateo, Ambiente Villa de Cura, Ambiente Revenga, Ambiente Metalminero la Victoria, Ambiente San Sebasti\u00e1n, Ambiente Berm\u00fadez, Ambiente Metalminero Maracay; se estar\u00e1n cumpliendo de acuerdo con lo establecido con asistencia regular en combinaci\u00f3n con actividades did\u00e1cticas a distancia para potenciar su desarrollo de habilidades y saberes en materia educativa.<\/span><\/div>\n<\/div>\n<div dir=\"auto\"><\/div>\n<div dir=\"auto\">\n<div dir=\"auto\"><img loading=\"lazy\" decoding=\"async\" class=\"aligncenter wp-image-54832 size-full\" src=\"https:\/\/inces.gob.ve\/wp-content\/uploads\/2023\/10\/IMG-20231007-WA0027-e1696953700256.jpg\" alt=\"\" width=\"800\" height=\"600\" srcset=\"https:\/\/inces.gob.ve\/wp-content\/uploads\/2023\/10\/IMG-20231007-WA0027-e1696953700256.jpg 800w, https:\/\/inces.gob.ve\/wp-content\/uploads\/2023\/10\/IMG-20231007-WA0027-e1696953700256-300x225.jpg 300w, https:\/\/inces.gob.ve\/wp-content\/uploads\/2023\/10\/IMG-20231007-WA0027-e1696953700256-768x576.jpg 768w, https:\/\/inces.gob.ve\/wp-content\/uploads\/2023\/10\/IMG-20231007-WA0027-e1696953700256-136x102.jpg 136w\" sizes=\"auto, (max-width: 800px) 100vw, 800px\" \/><\/div>\n<\/div>\n<div class=\"yj6qo\" style=\"text-align: justify;\"><\/div>\n<div class=\"adL\" style=\"text-align: justify;\"><\/div>\n<\/div>\n<\/div>\n<div class=\"adL\"><\/div>\n<\/div>\n<\/div>\n<p>&nbsp;<\/p>\n<div id=\":qc\" class=\"hq gt\">\n<div class=\"hp\"><\/div>\n<\/div>\n","protected":false},"excerpt":{"rendered":"<p>** Se apreci\u00f3 gran concurrencia de estudiantes para el periodo escolar 2023 &#8211; 2024, de Educaci\u00f3n Media<\/p>\n","protected":false},"author":15,"featured_media":54831,"comment_status":"closed","ping_status":"closed","sticky":false,"template":"","format":"standard","meta":{"footnotes":""},"categories":[2],"tags":[],"class_list":["post-54829","post","type-post","status-publish","format-standard","has-post-thumbnail","hentry","category-blog"],"_links":{"self":[{"href":"https:\/\/inces.gob.ve\/index.php\/wp-json\/wp\/v2\/posts\/54829","targetHints":{"allow":["GET"]}}],"collection":[{"href":"https:\/\/inces.gob.ve\/index.php\/wp-json\/wp\/v2\/posts"}],"about":[{"href":"https:\/\/inces.gob.ve\/index.php\/wp-json\/wp\/v2\/types\/post"}],"author":[{"embeddable":true,"href":"https:\/\/inces.gob.ve\/index.php\/wp-json\/wp\/v2\/users\/15"}],"replies":[{"embeddable":true,"href":"https:\/\/inces.gob.ve\/index.php\/wp-json\/wp\/v2\/comments?post=54829"}],"version-history":[{"count":1,"href":"https:\/\/inces.gob.ve\/index.php\/wp-json\/wp\/v2\/posts\/54829\/revisions"}],"predecessor-version":[{"id":54836,"href":"https:\/\/inces.gob.ve\/index.php\/wp-json\/wp\/v2\/posts\/54829\/revisions\/54836"}],"wp:featuredmedia":[{"embeddable":true,"href":"https:\/\/inces.gob.ve\/index.php\/wp-json\/wp\/v2\/media\/54831"}],"wp:attachment":[{"href":"https:\/\/inces.gob.ve\/index.php\/wp-json\/wp\/v2\/media?parent=54829"}],"wp:term":[{"taxonomy":"category","embeddable":true,"href":"https:\/\/inces.gob.ve\/index.php\/wp-json\/wp\/v2\/categories?post=54829"},{"taxonomy":"post_tag","embeddable":true,"href":"https:\/\/inces.gob.ve\/index.php\/wp-json\/wp\/v2\/tags?post=54829"}],"curies":[{"name":"wp","href":"https:\/\/api.w.org\/{rel}","templated":true}]}}