{"id":54868,"date":"2023-10-11T11:17:16","date_gmt":"2023-10-11T15:17:16","guid":{"rendered":"https:\/\/inces.gob.ve\/?p=54868"},"modified":"2023-10-11T11:17:16","modified_gmt":"2023-10-11T15:17:16","slug":"trujillo-se-activo-el-plan-amor-en-accion-en-el-ambito-misiones-y-grandes-misiones","status":"publish","type":"post","link":"https:\/\/inces.gob.ve\/index.php\/2023\/10\/11\/trujillo-se-activo-el-plan-amor-en-accion-en-el-ambito-misiones-y-grandes-misiones\/","title":{"rendered":"TRUJILLO | Se activ\u00f3 el Plan Amor en Acci\u00f3n en el \u00e1mbito Misiones y Grandes Misiones"},"content":{"rendered":"<p><span style=\"font-family: helvetica, arial, sans-serif; font-size: 14pt;\"><strong><em>** El Inces procura siempre que su accionar est\u00e9 involucrado con las comunidades<\/em><\/strong><\/span><!--more--><\/p>\n<p>&nbsp;<\/p>\n<p style=\"text-align: justify;\"><span style=\"font-family: helvetica, arial, sans-serif; font-size: 14pt;\">El \u00e1mbito de Misiones y Grandes Misiones del Inces en Trujillo, acompa\u00f1\u00f3 el despliegue del Sistema de Misiones que dirige en el estado Ang\u00e9lica Mor\u00f3n. En esta oportunidad se realiz\u00f3 en el ambulatorio de San Luis, parte Alta, del municipio Valera. Cont\u00f3 adem\u00e1s con la participaci\u00f3n de la comuna, consejos comunales, entre organizaciones populares.<\/span><\/p>\n<p style=\"text-align: justify;\">\n<p style=\"text-align: justify;\"><span style=\"font-family: helvetica, arial, sans-serif; font-size: 14pt;\">Gracias al trabajo articulado del Gobierno Nacional y Regional se brind\u00f3 atenci\u00f3n a los j\u00f3venes y adultos de la parroquia San Luis, municipio Valera; desde la formaci\u00f3n t\u00e9cnica productiva enmarcada en la pol\u00edtica social que lideran Nicol\u00e1s Maduro Moros, Wuilkelman Angel y el mayor Gerardo M\u00e1rquez, para responder al pueblo trujillano.<\/span><\/p>\n<p style=\"text-align: justify;\">\n<p style=\"text-align: justify;\"><span style=\"font-family: helvetica, arial, sans-serif; font-size: 14pt;\">Coment\u00f3 Alexis Brice\u00f1o, gerente regional del Inces Trujillo, que el objetivo de articular con el Sistema de Misiones y Grandes Misiones consiste en unir fuerzas para favorecer a nuestro pueblo, priorizado de acuerdo a la estrategia pol\u00edtica de la cartograf\u00eda social en el marco de las acciones del Buen Gobierno.<\/span><\/p>\n","protected":false},"excerpt":{"rendered":"<p>** El Inces procura siempre que su accionar est\u00e9 involucrado con las comunidades<\/p>\n","protected":false},"author":4,"featured_media":54869,"comment_status":"closed","ping_status":"closed","sticky":false,"template":"","format":"standard","meta":{"footnotes":""},"categories":[2],"tags":[],"class_list":["post-54868","post","type-post","status-publish","format-standard","has-post-thumbnail","hentry","category-blog"],"_links":{"self":[{"href":"https:\/\/inces.gob.ve\/index.php\/wp-json\/wp\/v2\/posts\/54868","targetHints":{"allow":["GET"]}}],"collection":[{"href":"https:\/\/inces.gob.ve\/index.php\/wp-json\/wp\/v2\/posts"}],"about":[{"href":"https:\/\/inces.gob.ve\/index.php\/wp-json\/wp\/v2\/types\/post"}],"author":[{"embeddable":true,"href":"https:\/\/inces.gob.ve\/index.php\/wp-json\/wp\/v2\/users\/4"}],"replies":[{"embeddable":true,"href":"https:\/\/inces.gob.ve\/index.php\/wp-json\/wp\/v2\/comments?post=54868"}],"version-history":[{"count":1,"href":"https:\/\/inces.gob.ve\/index.php\/wp-json\/wp\/v2\/posts\/54868\/revisions"}],"predecessor-version":[{"id":54870,"href":"https:\/\/inces.gob.ve\/index.php\/wp-json\/wp\/v2\/posts\/54868\/revisions\/54870"}],"wp:featuredmedia":[{"embeddable":true,"href":"https:\/\/inces.gob.ve\/index.php\/wp-json\/wp\/v2\/media\/54869"}],"wp:attachment":[{"href":"https:\/\/inces.gob.ve\/index.php\/wp-json\/wp\/v2\/media?parent=54868"}],"wp:term":[{"taxonomy":"category","embeddable":true,"href":"https:\/\/inces.gob.ve\/index.php\/wp-json\/wp\/v2\/categories?post=54868"},{"taxonomy":"post_tag","embeddable":true,"href":"https:\/\/inces.gob.ve\/index.php\/wp-json\/wp\/v2\/tags?post=54868"}],"curies":[{"name":"wp","href":"https:\/\/api.w.org\/{rel}","templated":true}]}}