{"id":54899,"date":"2023-10-11T15:37:13","date_gmt":"2023-10-11T19:37:13","guid":{"rendered":"https:\/\/inces.gob.ve\/?p=54899"},"modified":"2023-10-11T15:37:13","modified_gmt":"2023-10-11T19:37:13","slug":"sucre-inces-avanza-en-la-formacion-reparacion-de-maquinas-de-coser","status":"publish","type":"post","link":"https:\/\/inces.gob.ve\/index.php\/2023\/10\/11\/sucre-inces-avanza-en-la-formacion-reparacion-de-maquinas-de-coser\/","title":{"rendered":"SUCRE | Inces avanza en la formaci\u00f3n Reparaci\u00f3n de M\u00e1quinas de Coser"},"content":{"rendered":"<p><strong><em><span style=\"font-size: 14pt; font-family: helvetica, arial, sans-serif;\">** En el Centro de Formaci\u00f3n Socialista Industria continuamos con las formaciones programadas\u00a0<\/span><\/em><\/strong><!--more--><\/p>\n<p>&nbsp;<\/p>\n<p><strong><span style=\"font-size: 14pt; font-family: helvetica, arial, sans-serif;\">JAIMELYS CAMPOS<\/span><\/strong><\/p>\n<p>&nbsp;<\/p>\n<p><span style=\"font-weight: 400; font-size: 14pt; font-family: helvetica, arial, sans-serif;\">Continuando con una de las formaciones de la malla curricular, Reparaci\u00f3n de M\u00e1quinas de Coser, se est\u00e1 ense\u00f1ando a los participantes una actividad productiva que les permita generar nuevos ingresos.<\/span><\/p>\n<p>&nbsp;<\/p>\n<p><span style=\"font-weight: 400; font-size: 14pt; font-family: helvetica, arial, sans-serif;\">Se ense\u00f1a, entre muchos otros t\u00f3picos, por ejemplo, las caracter\u00edsticas y funciones de las agujas de coser de las m\u00e1quinas dom\u00e9sticas.\u00a0\u00a0<\/span><\/p>\n<p>&nbsp;<\/p>\n<p><span style=\"font-weight: 400; font-family: helvetica, arial, sans-serif;\"><span style=\"font-size: 14pt;\">Esta formaci\u00f3n es dictada por el facilitador Federico Mila de la Rosa y cuenta con una matr\u00edcula aproximadamente de 16 participantes adultos de diferentes edades.<\/span> <\/span><\/p>\n","protected":false},"excerpt":{"rendered":"<p>** En el Centro de Formaci\u00f3n Socialista Industria continuamos con las formaciones programadas\u00a0<\/p>\n","protected":false},"author":4,"featured_media":54900,"comment_status":"closed","ping_status":"closed","sticky":false,"template":"","format":"standard","meta":{"footnotes":""},"categories":[2],"tags":[],"class_list":["post-54899","post","type-post","status-publish","format-standard","has-post-thumbnail","hentry","category-blog"],"_links":{"self":[{"href":"https:\/\/inces.gob.ve\/index.php\/wp-json\/wp\/v2\/posts\/54899","targetHints":{"allow":["GET"]}}],"collection":[{"href":"https:\/\/inces.gob.ve\/index.php\/wp-json\/wp\/v2\/posts"}],"about":[{"href":"https:\/\/inces.gob.ve\/index.php\/wp-json\/wp\/v2\/types\/post"}],"author":[{"embeddable":true,"href":"https:\/\/inces.gob.ve\/index.php\/wp-json\/wp\/v2\/users\/4"}],"replies":[{"embeddable":true,"href":"https:\/\/inces.gob.ve\/index.php\/wp-json\/wp\/v2\/comments?post=54899"}],"version-history":[{"count":1,"href":"https:\/\/inces.gob.ve\/index.php\/wp-json\/wp\/v2\/posts\/54899\/revisions"}],"predecessor-version":[{"id":54901,"href":"https:\/\/inces.gob.ve\/index.php\/wp-json\/wp\/v2\/posts\/54899\/revisions\/54901"}],"wp:featuredmedia":[{"embeddable":true,"href":"https:\/\/inces.gob.ve\/index.php\/wp-json\/wp\/v2\/media\/54900"}],"wp:attachment":[{"href":"https:\/\/inces.gob.ve\/index.php\/wp-json\/wp\/v2\/media?parent=54899"}],"wp:term":[{"taxonomy":"category","embeddable":true,"href":"https:\/\/inces.gob.ve\/index.php\/wp-json\/wp\/v2\/categories?post=54899"},{"taxonomy":"post_tag","embeddable":true,"href":"https:\/\/inces.gob.ve\/index.php\/wp-json\/wp\/v2\/tags?post=54899"}],"curies":[{"name":"wp","href":"https:\/\/api.w.org\/{rel}","templated":true}]}}