{"id":54936,"date":"2023-10-13T13:26:38","date_gmt":"2023-10-13T17:26:38","guid":{"rendered":"https:\/\/inces.gob.ve\/?p=54936"},"modified":"2023-10-16T08:55:31","modified_gmt":"2023-10-16T12:55:31","slug":"el-inces-profundiza-en-la-formacion-dual-en-alemania-para-su-aplicacion-en-venezuela","status":"publish","type":"post","link":"https:\/\/inces.gob.ve\/index.php\/2023\/10\/13\/el-inces-profundiza-en-la-formacion-dual-en-alemania-para-su-aplicacion-en-venezuela\/","title":{"rendered":"El Inces profundiza en la formaci\u00f3n dual en Alemania para su aplicaci\u00f3n en Venezuela"},"content":{"rendered":"<p style=\"text-align: justify;\"><em><span style=\"font-size: 14pt; font-family: helvetica, arial, sans-serif;\">** El apoyo internacional ha sido fundamental para la implementaci\u00f3n de nuevas metodolog\u00edas pedag\u00f3gicas y de formaci\u00f3n<\/span><\/em><!--more--><\/p>\n<p>&nbsp;<\/p>\n<p><span style=\"font-size: 12pt;\"><strong><span style=\"font-family: helvetica, arial, sans-serif;\">LONGINA TOVAR<\/span><\/strong><\/span><\/p>\n<p style=\"text-align: justify;\"><span style=\"font-family: helvetica, arial, sans-serif; font-size: 14pt;\">El Instituto Nacional de Capacitaci\u00f3n y Educaci\u00f3n Socialista (Inces) envi\u00f3 una comisi\u00f3n de trabajo a Alemania con el objetivo de obtener un mayor conocimiento sobre la formaci\u00f3n dual y explorar su implementaci\u00f3n en nuestro pa\u00eds.<\/span><\/p>\n<p>&nbsp;<\/p>\n<p style=\"text-align: justify;\"><span style=\"font-family: helvetica, arial, sans-serif; font-size: 14pt;\">Durante esta visita, liderada por el director del Despacho, Alfredo Carquez, acompa\u00f1ado por el Director de Investigaci\u00f3n, Guyen Soto y del Gerente de Encadenamiento Productivo, Douglas P\u00e9rez, tuvo la oportunidad de entrevistar y visitar un centro de formaci\u00f3n en Stuttgart, donde se familiarizaron con el enfoque de la formaci\u00f3n t\u00e9cnica dual de primera mano.<\/span><\/p>\n<p>&nbsp;<\/p>\n<p style=\"text-align: justify;\"><span style=\"font-family: helvetica, arial, sans-serif; font-size: 14pt;\">Acompa\u00f1ados por el director del centro y tres aprendices graduados que actualmente est\u00e1n cursando especializaciones, la comisi\u00f3n de trabajo pudo conocer de cerca las experiencias y el desarrollo de la formaci\u00f3n t\u00e9cnica dual, as\u00ed como la relaci\u00f3n existente entre el centro, la empresa y los aprendices. Esta interacci\u00f3n permiti\u00f3 un intercambio enriquecedor de conocimientos y mejores pr\u00e1cticas entre ambas naciones.<\/span><\/p>\n<p>&nbsp;<\/p>\n<p style=\"text-align: justify;\"><span style=\"font-family: helvetica, arial, sans-serif; font-size: 14pt;\">Adem\u00e1s, se llevaron a cabo reuniones con la C\u00e1mara de Comercio e Industria de Sttugart (IHK), donde se profundiz\u00f3 en el papel de la c\u00e1mara en la implementaci\u00f3n de la formaci\u00f3n dual en esa regi\u00f3n. Esta reuni\u00f3n permiti\u00f3 comprender a fondo el trabajo conjunto entre los centros de formaci\u00f3n, las empresas y la IHK, y c\u00f3mo se ha logrado establecer una s\u00f3lida colaboraci\u00f3n en la formaci\u00f3n t\u00e9cnica Dual.<\/span><\/p>\n<p>&nbsp;<\/p>\n<p style=\"text-align: justify;\"><span style=\"font-family: helvetica, arial, sans-serif; font-size: 14pt;\">La comisi\u00f3n de trabajo tambi\u00e9n se reuni\u00f3 con el fundador de la Academia de Formaci\u00f3n Profesional de Bosch, quien comparti\u00f3 su experiencia sobre la relaci\u00f3n entre los centros de formaci\u00f3n y los lugares de trabajo, as\u00ed como la colaboraci\u00f3n con la IHK y el Instituto Federal de Formaci\u00f3n Profesional BIBB (Bundesinstitut f\u00fcr Berufsbildung). Durante esta reuni\u00f3n, se colabor\u00f3 en el dise\u00f1o de una ruta para la formaci\u00f3n dual en Venezuela, y se ofreci\u00f3 el apoyo como asesores por parte de la academia de formaci\u00f3n profesional de Bosch.<\/span><\/p>\n<p>&nbsp;<\/p>\n<p style=\"text-align: justify;\"><span style=\"font-family: helvetica, arial, sans-serif; font-size: 14pt;\">Adem\u00e1s, se sostuvo una reuni\u00f3n con la AHK Colombia para discutir la formaci\u00f3n de formadores en Venezuela, a trav\u00e9s de la certificaci\u00f3n del personal por parte de la c\u00e1mara de Alemania, que a su vez puede certificar a otros a trav\u00e9s del CEVAC (Centro Venezolano Alem\u00e1n de Capacitaci\u00f3n).<\/span><\/p>\n<p>&nbsp;<\/p>\n<p style=\"text-align: justify;\"><span style=\"font-family: helvetica, arial, sans-serif; font-size: 14pt;\">Asimismo, se llev\u00f3 a cabo una reuni\u00f3n con la AHK Ecuador, donde se present\u00f3 el modelo de formaci\u00f3n dual del pa\u00eds, y se manifest\u00f3 la disposici\u00f3n de prestar apoyo con especialistas para Venezuela.<\/span><\/p>\n<p>&nbsp;<\/p>\n<p style=\"text-align: justify;\"><span style=\"font-family: helvetica, arial, sans-serif; font-size: 14pt;\">Finalmente, se sostuvo una reuni\u00f3n con la AHK El Salvador, donde se expuso un modelo similar al nuestro, pero que no cuenta con formaci\u00f3n dual. Se acord\u00f3 establecer un puente de acercamiento con el INCES para explorar posibles colaboraciones y compartir conocimientos en el futuro.<\/span><\/p>\n<p>&nbsp;<\/p>\n<p style=\"text-align: justify;\"><span style=\"font-family: helvetica, arial, sans-serif; font-size: 14pt;\">Durante las jornadas de trabajo, el Inces ha establecido contacto con F\u00e9lix Wincler, director de la Schule fue Farbe und Gestaltung de Stuttgart; Thomas Weise, Director General de la C\u00e1mara de Industria de Stuttgart; Betulio Rojas, socio de Solar, empresa dedicada a las energ\u00edas alternativas, fundador de escuelas de formaci\u00f3n de Bosh; Carolina Morales, directora de la Iniciativa Latinoamericana de la Econom\u00eda Alemana; Jorg Zene, Gerente General de la C\u00e1mara Ecuatoriana Alemana de Industria y Comercio; Karla Klaus, C\u00e1mara Salvadore\u00f1a Alemana de Industria y Comercio y Mischa Groh, vicepresidente de la C\u00e1mara de Industria y Comercio Colombiana Alemana.<\/span><\/p>\n","protected":false},"excerpt":{"rendered":"<p>** El apoyo internacional ha sido fundamental para la implementaci\u00f3n de nuevas metodolog\u00edas pedag\u00f3gicas y de formaci\u00f3n<\/p>\n","protected":false},"author":4,"featured_media":54937,"comment_status":"closed","ping_status":"closed","sticky":false,"template":"","format":"standard","meta":{"footnotes":""},"categories":[2],"tags":[],"class_list":["post-54936","post","type-post","status-publish","format-standard","has-post-thumbnail","hentry","category-blog"],"_links":{"self":[{"href":"https:\/\/inces.gob.ve\/index.php\/wp-json\/wp\/v2\/posts\/54936","targetHints":{"allow":["GET"]}}],"collection":[{"href":"https:\/\/inces.gob.ve\/index.php\/wp-json\/wp\/v2\/posts"}],"about":[{"href":"https:\/\/inces.gob.ve\/index.php\/wp-json\/wp\/v2\/types\/post"}],"author":[{"embeddable":true,"href":"https:\/\/inces.gob.ve\/index.php\/wp-json\/wp\/v2\/users\/4"}],"replies":[{"embeddable":true,"href":"https:\/\/inces.gob.ve\/index.php\/wp-json\/wp\/v2\/comments?post=54936"}],"version-history":[{"count":5,"href":"https:\/\/inces.gob.ve\/index.php\/wp-json\/wp\/v2\/posts\/54936\/revisions"}],"predecessor-version":[{"id":54960,"href":"https:\/\/inces.gob.ve\/index.php\/wp-json\/wp\/v2\/posts\/54936\/revisions\/54960"}],"wp:featuredmedia":[{"embeddable":true,"href":"https:\/\/inces.gob.ve\/index.php\/wp-json\/wp\/v2\/media\/54937"}],"wp:attachment":[{"href":"https:\/\/inces.gob.ve\/index.php\/wp-json\/wp\/v2\/media?parent=54936"}],"wp:term":[{"taxonomy":"category","embeddable":true,"href":"https:\/\/inces.gob.ve\/index.php\/wp-json\/wp\/v2\/categories?post=54936"},{"taxonomy":"post_tag","embeddable":true,"href":"https:\/\/inces.gob.ve\/index.php\/wp-json\/wp\/v2\/tags?post=54936"}],"curies":[{"name":"wp","href":"https:\/\/api.w.org\/{rel}","templated":true}]}}