{"id":54940,"date":"2023-09-26T13:42:52","date_gmt":"2023-09-26T17:42:52","guid":{"rendered":"https:\/\/inces.gob.ve\/?p=54940"},"modified":"2023-10-13T13:45:36","modified_gmt":"2023-10-13T17:45:36","slug":"la-guaira-se-celebro-expoferia-productiva-en-carayaca","status":"publish","type":"post","link":"https:\/\/inces.gob.ve\/index.php\/2023\/09\/26\/la-guaira-se-celebro-expoferia-productiva-en-carayaca\/","title":{"rendered":"\u00a0LA GUAIRA | Se celebr\u00f3 expoferia productiva en Carayaca"},"content":{"rendered":"<p><span style=\"font-family: helvetica, arial, sans-serif; font-size: 14pt;\">El Instituto Nacional de Capacitaci\u00f3n y Educaci\u00f3n Socialista (Inces) realiz\u00f3\u00a0 una expoferia productiva en la plaza Bol\u00edvar de Carayaca.<\/span><\/p>\n<div dir=\"auto\"><\/div>\n<div dir=\"auto\"><span style=\"font-family: helvetica, arial, sans-serif; font-size: 14pt;\">En el evento, se exhibieron los productos y servicios de los egresados, participantes, aprendices y emprendedores que se han formado en las distintas \u00e1reas y modalidades que ofrece el Inces.<\/span><\/p>\n<p><span style=\"font-family: helvetica, arial, sans-serif; font-size: 14pt;\">La expoferia cont\u00f3 con la presencia de autoridades regionales y municipales, as\u00ed como de representantes de las comunidades organizadas, quienes recorrieron los stands y apreciaron la diversidad y calidad de lo expuesto. Entre los rubros que se mostraron se encuentran: textil y gastronom\u00eda<\/span><\/p>\n<p><span style=\"font-family: helvetica, arial, sans-serif; font-size: 14pt;\">El gerente regional del Inces La Guaira, Gibran Henr\u00edquez, destac\u00f3 que la expoferia es una muestra del trabajo productivo que realiza el Inces en articulaci\u00f3n con el poder popular y los sectores estrat\u00e9gicos para el desarrollo econ\u00f3mico y social del pa\u00eds.<\/span><\/div>\n<div dir=\"auto\"><\/div>\n<div dir=\"auto\"><span style=\"font-family: helvetica, arial, sans-serif; font-size: 14pt;\">Asimismo, resalt\u00f3 que el Inces tiene como objetivo formar a los ciudadanos y ciudadanas con una visi\u00f3n socialista, solidaria y humanista, que contribuyan a la construcci\u00f3n del nuevo modelo productivo.<\/span><\/p>\n<p><span style=\"font-family: helvetica, arial, sans-serif; font-size: 14pt;\">Por su parte, los expositores expresaron su satisfacci\u00f3n y agradecimiento al Inces por brindarles la oportunidad de adquirir conocimientos y habilidades que les permiten generar ingresos y mejorar su calidad de vida. Tambi\u00e9n manifestaron su disposici\u00f3n a seguir participando en los procesos formativos y productivos que impulsa el Inces.<\/span><\/div>\n","protected":false},"excerpt":{"rendered":"<p>El Instituto Nacional de Capacitaci\u00f3n y Educaci\u00f3n Socialista (Inces) realiz\u00f3\u00a0 una expoferia productiva en la plaza Bol\u00edvar de Carayaca. En el evento, se exhibieron los productos y servicios de los egresados, participantes, aprendices y emprendedores que se han formado en las distintas \u00e1reas y modalidades que ofrece el Inces. La expoferia cont\u00f3 con la presencia [&hellip;]<\/p>\n","protected":false},"author":4,"featured_media":43172,"comment_status":"closed","ping_status":"closed","sticky":false,"template":"","format":"standard","meta":{"footnotes":""},"categories":[2],"tags":[],"class_list":["post-54940","post","type-post","status-publish","format-standard","has-post-thumbnail","hentry","category-blog"],"_links":{"self":[{"href":"https:\/\/inces.gob.ve\/index.php\/wp-json\/wp\/v2\/posts\/54940","targetHints":{"allow":["GET"]}}],"collection":[{"href":"https:\/\/inces.gob.ve\/index.php\/wp-json\/wp\/v2\/posts"}],"about":[{"href":"https:\/\/inces.gob.ve\/index.php\/wp-json\/wp\/v2\/types\/post"}],"author":[{"embeddable":true,"href":"https:\/\/inces.gob.ve\/index.php\/wp-json\/wp\/v2\/users\/4"}],"replies":[{"embeddable":true,"href":"https:\/\/inces.gob.ve\/index.php\/wp-json\/wp\/v2\/comments?post=54940"}],"version-history":[{"count":1,"href":"https:\/\/inces.gob.ve\/index.php\/wp-json\/wp\/v2\/posts\/54940\/revisions"}],"predecessor-version":[{"id":54941,"href":"https:\/\/inces.gob.ve\/index.php\/wp-json\/wp\/v2\/posts\/54940\/revisions\/54941"}],"wp:featuredmedia":[{"embeddable":true,"href":"https:\/\/inces.gob.ve\/index.php\/wp-json\/wp\/v2\/media\/43172"}],"wp:attachment":[{"href":"https:\/\/inces.gob.ve\/index.php\/wp-json\/wp\/v2\/media?parent=54940"}],"wp:term":[{"taxonomy":"category","embeddable":true,"href":"https:\/\/inces.gob.ve\/index.php\/wp-json\/wp\/v2\/categories?post=54940"},{"taxonomy":"post_tag","embeddable":true,"href":"https:\/\/inces.gob.ve\/index.php\/wp-json\/wp\/v2\/tags?post=54940"}],"curies":[{"name":"wp","href":"https:\/\/api.w.org\/{rel}","templated":true}]}}