{"id":54972,"date":"2023-10-16T12:56:24","date_gmt":"2023-10-16T16:56:24","guid":{"rendered":"https:\/\/inces.gob.ve\/?p=54972"},"modified":"2023-10-16T13:24:01","modified_gmt":"2023-10-16T17:24:01","slug":"nueva-esparta-una-exitosa-finalizacion-tuvo-la-formacion-conservacion-de-alimentos-en-el-cfs-de-juan-griego","status":"publish","type":"post","link":"https:\/\/inces.gob.ve\/index.php\/2023\/10\/16\/nueva-esparta-una-exitosa-finalizacion-tuvo-la-formacion-conservacion-de-alimentos-en-el-cfs-de-juan-griego\/","title":{"rendered":"NUEVA ESPARTA | Una exitosa finalizaci\u00f3n tuvo la formaci\u00f3n Conservaci\u00f3n de Alimentos en el CFS de Juan Griego."},"content":{"rendered":"<p style=\"text-align: justify;\"><span style=\"font-family: helvetica, arial, sans-serif; font-size: 14pt;\"><em><b>** El Inces se complace en anunciar el exitoso cierre del curso de formaci\u00f3n \u00abConservaci\u00f3n de Alimentos\u00bb en el Centro de Formaci\u00f3n Socialista (CFS) de Juan Griego.<\/b><\/em><b><br \/>\n<\/b><\/span><br \/>\n<!--more--><\/p>\n<p style=\"text-align: justify;\"><span style=\"font-size: 14pt; font-family: helvetica, arial, sans-serif;\">El Instituto Nacional de Capacitaci\u00f3n y Educaci\u00f3n Socialista (Inces) en Nueva Esparta se complace en anunciar el exitoso cierre de la formaci\u00f3n \u00abConservaci\u00f3n de Alimentos\u00bb en el Centro de Formaci\u00f3n Socialista (CFS) de Juan Griego. Un total de 24 participantes, miembros de la comunidad de Juan Griego en el municipio Marcano, lograron alcanzar todas las metas establecidas durante la formaci\u00f3n.<\/span><\/p>\n<p>&nbsp;<\/p>\n<div style=\"text-align: justify;\"><span style=\"font-size: 14pt; font-family: helvetica, arial, sans-serif;\"><img loading=\"lazy\" decoding=\"async\" class=\"aligncenter wp-image-54973 size-full\" src=\"https:\/\/inces.gob.ve\/wp-content\/uploads\/2023\/10\/1696867581043-e1697475125283.jpg\" alt=\"\" width=\"800\" height=\"599\" srcset=\"https:\/\/inces.gob.ve\/wp-content\/uploads\/2023\/10\/1696867581043-e1697475125283.jpg 800w, https:\/\/inces.gob.ve\/wp-content\/uploads\/2023\/10\/1696867581043-e1697475125283-300x225.jpg 300w, https:\/\/inces.gob.ve\/wp-content\/uploads\/2023\/10\/1696867581043-e1697475125283-768x575.jpg 768w, https:\/\/inces.gob.ve\/wp-content\/uploads\/2023\/10\/1696867581043-e1697475125283-136x102.jpg 136w\" sizes=\"auto, (max-width: 800px) 100vw, 800px\" \/><br \/>\nEn el transcurso del programa de formaci\u00f3n, los participantes adquirieron conocimientos y t\u00e9cnicas en diversas \u00e1reas de conservaci\u00f3n de alimentos, tanto dulces como salados. Aprendieron a preparar recetas basadas en vegetales, carnes, mariscos y frutas, utilizando m\u00e9todos de ahumado, secado, deshidratado, mousse, cremas para untar, antipastos, encurtidos y mermeladas, entre otras delicias culinarias. El maestro t\u00e9cnico productivo Yonys Lugo fue el encargado de impartir estas ense\u00f1anzas.<\/span><\/div>\n<div><\/div>\n<div style=\"text-align: justify;\"><span style=\"font-size: 14pt; font-family: helvetica, arial, sans-serif;\"><img loading=\"lazy\" decoding=\"async\" class=\"aligncenter wp-image-54978 \" src=\"https:\/\/inces.gob.ve\/wp-content\/uploads\/2023\/10\/1696867581177-e1697475153675-767x1024.jpg\" alt=\"\" width=\"576\" height=\"769\" srcset=\"https:\/\/inces.gob.ve\/wp-content\/uploads\/2023\/10\/1696867581177-e1697475153675-767x1024.jpg 767w, https:\/\/inces.gob.ve\/wp-content\/uploads\/2023\/10\/1696867581177-e1697475153675-225x300.jpg 225w, https:\/\/inces.gob.ve\/wp-content\/uploads\/2023\/10\/1696867581177-e1697475153675-768x1025.jpg 768w, https:\/\/inces.gob.ve\/wp-content\/uploads\/2023\/10\/1696867581177-e1697475153675.jpg 800w\" sizes=\"auto, (max-width: 576px) 100vw, 576px\" \/><br \/>\nEl CFS de Juan Griego se enorgullece de haber brindado esta valiosa formaci\u00f3n a la comunidad, y destaca el compromiso y dedicaci\u00f3n de los participantes en el logro de sus objetivos. El curso se llev\u00f3 a cabo desde el 20 de septiembre hasta el 5 de octubre, en ambos turnos, ma\u00f1ana y tarde, para un total de 24 participantes entre mujeres y hombres de diversas edades, lo que nos recuerda, que no hay un g\u00e9nero o una edad espec\u00edfica para aprender el delicioso arte de cocinar.<br \/>\n<\/span><\/div>\n<div><\/div>\n<div><img loading=\"lazy\" decoding=\"async\" class=\"aligncenter wp-image-54974 size-full\" src=\"https:\/\/inces.gob.ve\/wp-content\/uploads\/2023\/10\/1696867581066-e1697475183786.jpg\" alt=\"\" width=\"800\" height=\"599\" srcset=\"https:\/\/inces.gob.ve\/wp-content\/uploads\/2023\/10\/1696867581066-e1697475183786.jpg 800w, https:\/\/inces.gob.ve\/wp-content\/uploads\/2023\/10\/1696867581066-e1697475183786-300x225.jpg 300w, https:\/\/inces.gob.ve\/wp-content\/uploads\/2023\/10\/1696867581066-e1697475183786-768x575.jpg 768w, https:\/\/inces.gob.ve\/wp-content\/uploads\/2023\/10\/1696867581066-e1697475183786-136x102.jpg 136w\" sizes=\"auto, (max-width: 800px) 100vw, 800px\" \/><\/div>\n<div style=\"text-align: justify;\"><span style=\"font-size: 14pt; font-family: helvetica, arial, sans-serif;\"><br \/>\nDurante la formaci\u00f3n, se destacaron diversas recetas, entre las que se incluyen mermeladas de cabello de \u00e1ngel, fresa, pi\u00f1a, mango y naranja. Estas recetas son solo ejemplos de las variedades de alimentos que se pueden conservar, ya sean frutas, vegetales o carnes, como cremas untables ahumadas de berenjenas, pollo\u00a0y pescado.<\/span><\/div>\n<div><\/div>\n<div><\/div>\n<div style=\"text-align: justify;\">\n<p><span style=\"font-size: 14pt; font-family: helvetica, arial, sans-serif;\"><img loading=\"lazy\" decoding=\"async\" class=\"aligncenter wp-image-54976 size-full\" src=\"https:\/\/inces.gob.ve\/wp-content\/uploads\/2023\/10\/1696867581129-e1697475208125.jpg\" alt=\"\" width=\"800\" height=\"599\" srcset=\"https:\/\/inces.gob.ve\/wp-content\/uploads\/2023\/10\/1696867581129-e1697475208125.jpg 800w, https:\/\/inces.gob.ve\/wp-content\/uploads\/2023\/10\/1696867581129-e1697475208125-300x225.jpg 300w, https:\/\/inces.gob.ve\/wp-content\/uploads\/2023\/10\/1696867581129-e1697475208125-768x575.jpg 768w, https:\/\/inces.gob.ve\/wp-content\/uploads\/2023\/10\/1696867581129-e1697475208125-136x102.jpg 136w\" sizes=\"auto, (max-width: 800px) 100vw, 800px\" \/><\/span><\/p>\n<p>La conservaci\u00f3n de alimentos tiene como objetivo principal prolongar su durabilidad y facilitar su consumo, permitiendo as\u00ed disfrutar de mermeladas, encurtidos, cremas ahumadas y muchas otras opciones culinarias por m\u00e1s tiempo.<\/p>\n<p>El Inces felicita a todos los participantes por su dedicaci\u00f3n y esfuerzo en la adquisici\u00f3n de estas importantes habilidades en conservaci\u00f3n de alimentos. Estas capacidades contribuir\u00e1n a su desarrollo personal, econom\u00eda y a la promoci\u00f3n de la seguridad alimentaria en la comunidad de Juan Griego y sus alrededores.<\/p>\n<\/div>\n<div><\/div>\n<div><img loading=\"lazy\" decoding=\"async\" class=\"wp-image-54975 size-large aligncenter\" src=\"https:\/\/inces.gob.ve\/wp-content\/uploads\/2023\/10\/1696867581100-e1697475247865-767x1024.jpg\" alt=\"\" width=\"640\" height=\"854\" srcset=\"https:\/\/inces.gob.ve\/wp-content\/uploads\/2023\/10\/1696867581100-e1697475247865-767x1024.jpg 767w, https:\/\/inces.gob.ve\/wp-content\/uploads\/2023\/10\/1696867581100-e1697475247865-225x300.jpg 225w, https:\/\/inces.gob.ve\/wp-content\/uploads\/2023\/10\/1696867581100-e1697475247865-768x1025.jpg 768w, https:\/\/inces.gob.ve\/wp-content\/uploads\/2023\/10\/1696867581100-e1697475247865.jpg 800w\" sizes=\"auto, (max-width: 640px) 100vw, 640px\" \/><\/div>\n<div style=\"text-align: justify;\"><span style=\"font-size: 14pt; font-family: helvetica, arial, sans-serif;\">\u00a0<\/span><\/div>\n<div>\n<div style=\"text-align: justify;\"><span style=\"font-size: 14pt; font-family: helvetica, arial, sans-serif;\">Aprovechamos la ocasi\u00f3n\u00a0para hacer un llamado a todos los contribuyentes parafiscales para que declaren sus obligaciones y realicen sus aportes, ya que estas son de vital importancia para que podamos continuar con esta excelente labor.<\/span><\/div>\n<div style=\"text-align: justify;\"><span style=\"font-size: 14pt; font-family: helvetica, arial, sans-serif;\">\u00a0<\/span><\/div>\n<div style=\"text-align: justify;\"><span style=\"font-family: helvetica, arial, sans-serif; font-size: 14pt;\">Para m\u00e1s informaci\u00f3n sobre los programas de formaci\u00f3n del INCES, visite nuestro sitio web <a href=\"http:\/\/inces.gob.ve\" target=\"_blank\" rel=\"noopener\" data-saferedirecturl=\"https:\/\/www.google.com\/url?q=http:\/\/inces.gob.ve&amp;source=gmail&amp;ust=1697559752871000&amp;usg=AOvVaw1au0pAP98AtOTkqneyfehf\">inces.gob.ve<\/a> o visite nuestras oficinas ubicadas en Juan Griego, El Espinal, sector Genov\u00e9s\u00a0y Paseo Guaraguao en Porlamar.<br \/>\n<\/span><\/div>\n<div style=\"text-align: justify;\"><\/div>\n<\/div>\n","protected":false},"excerpt":{"rendered":"<p>** El Inces se complace en anunciar el exitoso cierre del curso de formaci\u00f3n \u00abConservaci\u00f3n de Alimentos\u00bb en el Centro de Formaci\u00f3n Socialista (CFS) de Juan Griego.<\/p>\n","protected":false},"author":15,"featured_media":54977,"comment_status":"closed","ping_status":"closed","sticky":false,"template":"","format":"standard","meta":{"footnotes":""},"categories":[2],"tags":[],"class_list":["post-54972","post","type-post","status-publish","format-standard","has-post-thumbnail","hentry","category-blog"],"_links":{"self":[{"href":"https:\/\/inces.gob.ve\/index.php\/wp-json\/wp\/v2\/posts\/54972","targetHints":{"allow":["GET"]}}],"collection":[{"href":"https:\/\/inces.gob.ve\/index.php\/wp-json\/wp\/v2\/posts"}],"about":[{"href":"https:\/\/inces.gob.ve\/index.php\/wp-json\/wp\/v2\/types\/post"}],"author":[{"embeddable":true,"href":"https:\/\/inces.gob.ve\/index.php\/wp-json\/wp\/v2\/users\/15"}],"replies":[{"embeddable":true,"href":"https:\/\/inces.gob.ve\/index.php\/wp-json\/wp\/v2\/comments?post=54972"}],"version-history":[{"count":2,"href":"https:\/\/inces.gob.ve\/index.php\/wp-json\/wp\/v2\/posts\/54972\/revisions"}],"predecessor-version":[{"id":54981,"href":"https:\/\/inces.gob.ve\/index.php\/wp-json\/wp\/v2\/posts\/54972\/revisions\/54981"}],"wp:featuredmedia":[{"embeddable":true,"href":"https:\/\/inces.gob.ve\/index.php\/wp-json\/wp\/v2\/media\/54977"}],"wp:attachment":[{"href":"https:\/\/inces.gob.ve\/index.php\/wp-json\/wp\/v2\/media?parent=54972"}],"wp:term":[{"taxonomy":"category","embeddable":true,"href":"https:\/\/inces.gob.ve\/index.php\/wp-json\/wp\/v2\/categories?post=54972"},{"taxonomy":"post_tag","embeddable":true,"href":"https:\/\/inces.gob.ve\/index.php\/wp-json\/wp\/v2\/tags?post=54972"}],"curies":[{"name":"wp","href":"https:\/\/api.w.org\/{rel}","templated":true}]}}