{"id":54983,"date":"2023-10-16T14:47:47","date_gmt":"2023-10-16T18:47:47","guid":{"rendered":"https:\/\/inces.gob.ve\/?p=54983"},"modified":"2023-10-16T14:50:02","modified_gmt":"2023-10-16T18:50:02","slug":"guarico-el-inces-reconoce-la-soberania-territorial-historica-del-esequibo","status":"publish","type":"post","link":"https:\/\/inces.gob.ve\/index.php\/2023\/10\/16\/guarico-el-inces-reconoce-la-soberania-territorial-historica-del-esequibo\/","title":{"rendered":"GU\u00c1RICO | El Inces reconoce la soberan\u00eda territorial hist\u00f3rica del  Esequibo."},"content":{"rendered":"<p dir=\"ltr\" style=\"text-align: justify;\"><em><strong><span style=\"font-family: helvetica, arial, sans-serif; font-size: 14pt;\">*** La realizaci\u00f3n de esta actividad est\u00e1 enmarcada en la presentaci\u00f3n de pruebas y acuerdos que van a ser expuestos el pr\u00f3ximo 8 de abril del a\u00f1o 2024 ante la Corte Internacional de Justicia para el reclamo del Esequibo.<\/span><\/strong><\/em><!--more--><\/p>\n<p dir=\"ltr\" style=\"text-align: justify;\"><span style=\"font-family: helvetica, arial, sans-serif; font-size: 14pt;\">YAMILEX APONTE<\/span><\/p>\n<p dir=\"ltr\" style=\"text-align: justify;\"><span style=\"font-family: helvetica, arial, sans-serif; font-size: 14pt;\">En las instalaciones del Auditorio Juan German Roscio Nieves del Instituto Nacional de Capacitaci\u00f3n y Educaci\u00f3n Socialista (Inces) se llev\u00f3 a cabo el foro \u201cEl Esequibo es de Venezuela\u201d, dictado por el capit\u00e1n\u00a0 de la Aviaci\u00f3n Civil Julio Guire Sanoja, coordinador del Movimiento Nacional al Rescate del Esequibo y el Esequibo, cap\u00edtulo Gu\u00e1rico, quien disert\u00f3 magistralmente junto al p\u00fablico asistente, acerca del enfoque historiogr\u00e1fico de la controversia generada por las apetencias imperiales y neocoloniales de Inglaterra y sus secuaces.<\/span><\/p>\n<p style=\"text-align: justify;\"><img loading=\"lazy\" decoding=\"async\" class=\"aligncenter wp-image-54990 size-full\" src=\"https:\/\/inces.gob.ve\/wp-content\/uploads\/2023\/10\/WhatsApp-Image-2023-10-11-at-11.33.02-AM-e1697481837284.jpeg\" alt=\"\" width=\"800\" height=\"451\" srcset=\"https:\/\/inces.gob.ve\/wp-content\/uploads\/2023\/10\/WhatsApp-Image-2023-10-11-at-11.33.02-AM-e1697481837284.jpeg 800w, https:\/\/inces.gob.ve\/wp-content\/uploads\/2023\/10\/WhatsApp-Image-2023-10-11-at-11.33.02-AM-e1697481837284-300x169.jpeg 300w, https:\/\/inces.gob.ve\/wp-content\/uploads\/2023\/10\/WhatsApp-Image-2023-10-11-at-11.33.02-AM-e1697481837284-768x433.jpeg 768w\" sizes=\"auto, (max-width: 800px) 100vw, 800px\" \/><\/p>\n<p dir=\"ltr\" style=\"text-align: justify;\"><span style=\"font-family: helvetica, arial, sans-serif; font-size: 14pt;\">Este extraordinario foro conversatorio fue iniciado con las palabras de Mar\u00eda Arisela Medina, gerente regional del Inces, historiadora\u00a0 y coordinadora regional de la Red de Historia, Memoria y Patrimonio. \u00abAgradezco y celebro que estemos aqu\u00ed en este espacio\u00a0 para conocer sobre este tema que nos compete a todos como venezolanos, es necesario que conozcamos la realidad hist\u00f3rica del Esequibo\u00bb, expres\u00f3 Medina.<\/span><\/p>\n<p style=\"text-align: justify;\"><img loading=\"lazy\" decoding=\"async\" class=\"wp-image-54990 size-full aligncenter\" src=\"https:\/\/inces.gob.ve\/wp-content\/uploads\/2023\/10\/WhatsApp-Image-2023-10-11-at-11.33.02-AM-e1697481837284.jpeg\" alt=\"\" width=\"800\" height=\"451\" srcset=\"https:\/\/inces.gob.ve\/wp-content\/uploads\/2023\/10\/WhatsApp-Image-2023-10-11-at-11.33.02-AM-e1697481837284.jpeg 800w, https:\/\/inces.gob.ve\/wp-content\/uploads\/2023\/10\/WhatsApp-Image-2023-10-11-at-11.33.02-AM-e1697481837284-300x169.jpeg 300w, https:\/\/inces.gob.ve\/wp-content\/uploads\/2023\/10\/WhatsApp-Image-2023-10-11-at-11.33.02-AM-e1697481837284-768x433.jpeg 768w\" sizes=\"auto, (max-width: 800px) 100vw, 800px\" \/><\/p>\n<p dir=\"ltr\" style=\"text-align: justify;\"><span style=\"font-family: helvetica, arial, sans-serif; font-size: 14pt;\">La actividad cont\u00f3 con una importante asistencia de participantes, trabajadores del Inces y de diferentes instituciones aliadas. Julio Guire Sanoja, experto en el tema Esequibo, comenz\u00f3 la actividad haciendo un paseo cronol\u00f3gico por diferentes acontecimientos hist\u00f3ricos y realidades vigentes, asociadas al proceso de reclamaci\u00f3n de nuestra Guayana Esequiba.\u00a0<\/span><\/p>\n<p style=\"text-align: justify;\"><img loading=\"lazy\" decoding=\"async\" class=\"aligncenter wp-image-54991 \" src=\"https:\/\/inces.gob.ve\/wp-content\/uploads\/2023\/10\/WhatsApp-Image-2023-10-11-at-11.33.23-AM.jpeg\" alt=\"\" width=\"785\" height=\"442\" srcset=\"https:\/\/inces.gob.ve\/wp-content\/uploads\/2023\/10\/WhatsApp-Image-2023-10-11-at-11.33.23-AM.jpeg 960w, https:\/\/inces.gob.ve\/wp-content\/uploads\/2023\/10\/WhatsApp-Image-2023-10-11-at-11.33.23-AM-300x169.jpeg 300w, https:\/\/inces.gob.ve\/wp-content\/uploads\/2023\/10\/WhatsApp-Image-2023-10-11-at-11.33.23-AM-768x432.jpeg 768w\" sizes=\"auto, (max-width: 785px) 100vw, 785px\" \/><\/p>\n<p dir=\"ltr\" style=\"text-align: justify;\"><span style=\"font-family: helvetica, arial, sans-serif; font-size: 14pt;\">\u201cEl tema de nuestro territorio Esequibo nos pega y nos toca el alma; es un tema de unidad nacional, sin distingos de colores pol\u00edticos, condici\u00f3n econ\u00f3mica, social y religiosa. Es un tema que debe ser tratado en las aulas, escuelas, liceos, universidades, comunidades, grandes urbanizaciones, llanos, monta\u00f1as, debajo de la sombra de un \u00e1rbol. Es la Patria que nos llama a unir voluntades en la recuperaci\u00f3n de nuestro territorio bajo la Egida de la Diplomacia de Paz, pero sin ceder un cent\u00edmetro m\u00e1s de tierra\u201d, refiri\u00f3 Julio Guire Sanoja.<\/span><\/p>\n<p style=\"text-align: justify;\"><img loading=\"lazy\" decoding=\"async\" class=\"aligncenter wp-image-54988 size-full\" src=\"https:\/\/inces.gob.ve\/wp-content\/uploads\/2023\/10\/WhatsApp-Image-2023-10-11-at-3.45.46-PM-e1697481874842.jpeg\" alt=\"\" width=\"800\" height=\"451\" srcset=\"https:\/\/inces.gob.ve\/wp-content\/uploads\/2023\/10\/WhatsApp-Image-2023-10-11-at-3.45.46-PM-e1697481874842.jpeg 800w, https:\/\/inces.gob.ve\/wp-content\/uploads\/2023\/10\/WhatsApp-Image-2023-10-11-at-3.45.46-PM-e1697481874842-300x169.jpeg 300w, https:\/\/inces.gob.ve\/wp-content\/uploads\/2023\/10\/WhatsApp-Image-2023-10-11-at-3.45.46-PM-e1697481874842-768x433.jpeg 768w\" sizes=\"auto, (max-width: 800px) 100vw, 800px\" \/><\/p>\n<p dir=\"ltr\" style=\"text-align: justify;\"><span style=\"font-family: helvetica, arial, sans-serif; font-size: 14pt;\">Por otra parte, se realiz\u00f3 entrega de exhorto por parte de las Fuerzas Vivas del Municipio Francisco de Miranda,\u00a0 Calabozo, encabezado por el alcalde Donald Donaire al Consejo Legislativo del estado Gu\u00e1rico, para que el mismo se sume al apoyo de la Comisi\u00f3n Especial para la Defensa Territorial de la Guayana Esequiba de la Asamblea Nacional que preside el se\u00f1or diputado, Herman Escarr\u00e1.<\/span><\/p>\n<p dir=\"ltr\"><img loading=\"lazy\" decoding=\"async\" class=\"aligncenter wp-image-54987 size-full\" src=\"https:\/\/inces.gob.ve\/wp-content\/uploads\/2023\/10\/F8QJ3VgXQAca_Ro-e1697481955712.jpg\" alt=\"\" width=\"800\" height=\"600\" srcset=\"https:\/\/inces.gob.ve\/wp-content\/uploads\/2023\/10\/F8QJ3VgXQAca_Ro-e1697481955712.jpg 800w, https:\/\/inces.gob.ve\/wp-content\/uploads\/2023\/10\/F8QJ3VgXQAca_Ro-e1697481955712-300x225.jpg 300w, https:\/\/inces.gob.ve\/wp-content\/uploads\/2023\/10\/F8QJ3VgXQAca_Ro-e1697481955712-768x576.jpg 768w, https:\/\/inces.gob.ve\/wp-content\/uploads\/2023\/10\/F8QJ3VgXQAca_Ro-e1697481955712-136x102.jpg 136w\" sizes=\"auto, (max-width: 800px) 100vw, 800px\" \/><\/p>\n","protected":false},"excerpt":{"rendered":"<p>*** La realizaci\u00f3n de esta actividad est\u00e1 enmarcada en la presentaci\u00f3n de pruebas y acuerdos que van a ser expuestos el pr\u00f3ximo 8 de abril del a\u00f1o 2024 ante la Corte Internacional de Justicia para el reclamo del Esequibo.<\/p>\n","protected":false},"author":15,"featured_media":54989,"comment_status":"closed","ping_status":"closed","sticky":false,"template":"","format":"standard","meta":{"footnotes":""},"categories":[2],"tags":[],"class_list":["post-54983","post","type-post","status-publish","format-standard","has-post-thumbnail","hentry","category-blog"],"_links":{"self":[{"href":"https:\/\/inces.gob.ve\/index.php\/wp-json\/wp\/v2\/posts\/54983","targetHints":{"allow":["GET"]}}],"collection":[{"href":"https:\/\/inces.gob.ve\/index.php\/wp-json\/wp\/v2\/posts"}],"about":[{"href":"https:\/\/inces.gob.ve\/index.php\/wp-json\/wp\/v2\/types\/post"}],"author":[{"embeddable":true,"href":"https:\/\/inces.gob.ve\/index.php\/wp-json\/wp\/v2\/users\/15"}],"replies":[{"embeddable":true,"href":"https:\/\/inces.gob.ve\/index.php\/wp-json\/wp\/v2\/comments?post=54983"}],"version-history":[{"count":2,"href":"https:\/\/inces.gob.ve\/index.php\/wp-json\/wp\/v2\/posts\/54983\/revisions"}],"predecessor-version":[{"id":54994,"href":"https:\/\/inces.gob.ve\/index.php\/wp-json\/wp\/v2\/posts\/54983\/revisions\/54994"}],"wp:featuredmedia":[{"embeddable":true,"href":"https:\/\/inces.gob.ve\/index.php\/wp-json\/wp\/v2\/media\/54989"}],"wp:attachment":[{"href":"https:\/\/inces.gob.ve\/index.php\/wp-json\/wp\/v2\/media?parent=54983"}],"wp:term":[{"taxonomy":"category","embeddable":true,"href":"https:\/\/inces.gob.ve\/index.php\/wp-json\/wp\/v2\/categories?post=54983"},{"taxonomy":"post_tag","embeddable":true,"href":"https:\/\/inces.gob.ve\/index.php\/wp-json\/wp\/v2\/tags?post=54983"}],"curies":[{"name":"wp","href":"https:\/\/api.w.org\/{rel}","templated":true}]}}