{"id":55031,"date":"2023-10-17T16:19:30","date_gmt":"2023-10-17T20:19:30","guid":{"rendered":"https:\/\/inces.gob.ve\/?p=55031"},"modified":"2023-10-17T16:19:30","modified_gmt":"2023-10-17T20:19:30","slug":"merida-trabajadores-del-clebm-culminaron-formacion-del-inces-en-protocolo-y-etiqueta","status":"publish","type":"post","link":"https:\/\/inces.gob.ve\/index.php\/2023\/10\/17\/merida-trabajadores-del-clebm-culminaron-formacion-del-inces-en-protocolo-y-etiqueta\/","title":{"rendered":"M\u00c9RIDA |\u00a0Trabajadores del Clebm culminaron formaci\u00f3n\u00a0del Inces en Protocolo y Etiqueta"},"content":{"rendered":"<p style=\"font-weight: 400; text-align: justify;\"><strong><span style=\"font-family: helvetica, arial, sans-serif; font-size: 14pt;\"><em>** En esta oportunidad los participantes, escogieron la conmemoraci\u00f3n de los 465 a\u00f1os de la fundaci\u00f3n de M\u00e9rida como tem\u00e1tica para organizar el evento y aplicar los conocimientos, herramientas y t\u00e9cnicas del ceremonial y el protocolo<\/em><\/span><\/strong><!--more--><\/p>\n<p>&nbsp;<\/p>\n<p style=\"text-align: justify;\"><strong><span style=\"font-family: helvetica, arial, sans-serif; font-size: 14pt;\">NADIA LOBO<\/span><\/strong><\/p>\n<p style=\"text-align: justify;\"><span style=\"font-family: helvetica, arial, sans-serif; font-size: 14pt;\">Trabajadores del Consejo Legislativo del estado Bolivariano de M\u00e9rida (Clebm), culminaron de manera exitosa la unidad curricular Protocolo y Etiqueta, formaci\u00f3n que recibi\u00f3 por parte del Inces.<\/span><\/p>\n<p style=\"text-align: justify;\">\n<p style=\"text-align: justify;\"><span style=\"font-family: helvetica, arial, sans-serif; font-size: 14pt;\">As\u00ed lo inform\u00f3 el gerente regional del Inces, Geldrit Roca, quien destac\u00f3 que desde esta instituci\u00f3n se viene impulsando la formaci\u00f3n t\u00e9cnica profesional en las entidades de trabajo, tanto p\u00fablicas como privadas que hacen vida en la entidad meride\u00f1a.<\/span><\/p>\n<p>&nbsp;<\/p>\n<p style=\"text-align: justify;\"><span style=\"font-family: helvetica, arial, sans-serif; font-size: 14pt;\">Para la clausura de la unidad curricular, los 12 participantes organizaron un evento protocolar para conmemorar los 465 a\u00f1os de M\u00e9rida, donde aplicaron los conocimientos, t\u00e9cnicas y herramientas que aprendieron durante el tiempo de formaci\u00f3n.<\/span><\/p>\n<p>&nbsp;<\/p>\n<p><img loading=\"lazy\" decoding=\"async\" class=\"aligncenter wp-image-55032 size-large\" src=\"https:\/\/inces.gob.ve\/wp-content\/uploads\/2023\/10\/INCES-3-PY-E-UC-1024x768.jpg\" alt=\"\" width=\"640\" height=\"480\" srcset=\"https:\/\/inces.gob.ve\/wp-content\/uploads\/2023\/10\/INCES-3-PY-E-UC-1024x768.jpg 1024w, https:\/\/inces.gob.ve\/wp-content\/uploads\/2023\/10\/INCES-3-PY-E-UC-300x225.jpg 300w, https:\/\/inces.gob.ve\/wp-content\/uploads\/2023\/10\/INCES-3-PY-E-UC-768x576.jpg 768w, https:\/\/inces.gob.ve\/wp-content\/uploads\/2023\/10\/INCES-3-PY-E-UC-136x102.jpg 136w, https:\/\/inces.gob.ve\/wp-content\/uploads\/2023\/10\/INCES-3-PY-E-UC.jpg 1040w\" sizes=\"auto, (max-width: 640px) 100vw, 640px\" \/><\/p>\n<p>&nbsp;<\/p>\n<p style=\"text-align: justify;\">\n<span style=\"font-family: helvetica, arial, sans-serif; font-size: 14pt;\">El acto que tuvo lugar en el sal\u00f3n Fabricio Ojeda del Clebm, contempl\u00f3 dos ponencias, la primera sobre la historia de la fundaci\u00f3n de M\u00e9rida, reconociendo en todo momento, la valent\u00eda de nuestras primeras poblaciones abor\u00edgenes, \u00a0a cargo de la profesora de la Universidad Bolivariana de Venezuela (UBV), Nury Le\u00f3n M\u00e9ndez.<\/span><\/p>\n<p style=\"text-align: justify;\">\n<p style=\"text-align: justify;\"><span style=\"font-family: helvetica, arial, sans-serif; font-size: 14pt;\">Entre tanto, la segunda presentaci\u00f3n, contempl\u00f3 un recorrido por Venezuela, conociendo las maravillas\u00a0 que tienen todas las regiones y su potencial tur\u00edstico, por parte de la profesora Doris Villarreal, docente del Hotel Escuela de Los Andes Venezolanos.<\/span><\/p>\n<p>&nbsp;<\/p>\n<p style=\"text-align: justify;\">\n<span style=\"font-family: helvetica, arial, sans-serif; font-size: 14pt;\">Entre las autoridades presentes estuvieron Jhonny Brice\u00f1o, Gerente de la Divisi\u00f3n de Talento Humano del Clebm, la legisladora Carolina Pe\u00f1a, as\u00ed como el gerente general, Freddy Ter\u00e1n, en representaci\u00f3n del presidente del parlamento regional, Pedro \u00c1lvarez, as\u00ed como \u00a0invitados especiales.<\/span><\/p>\n<p>&nbsp;<\/p>\n<p style=\"text-align: justify;\">\n<span style=\"font-family: helvetica, arial, sans-serif; font-size: 14pt;\">Durante el evento, los participantes demostraron a trav\u00e9s de sus t\u00e9cnicas y habilidades los conocimientos obtenidos durante la formaci\u00f3n y el acompa\u00f1amiento de la Maestra T\u00e9cnica Productiva (MTP), Belkys Villarreal, adscrita al Programa Turismo del Inces.<\/span><\/p>\n<p style=\"text-align: justify;\">\n<p style=\"text-align: justify;\"><span style=\"font-family: helvetica, arial, sans-serif; font-size: 14pt;\">Por su parte, Jhony Brice\u00f1o, jefe de la Divisi\u00f3n de Talento Humano, quien adem\u00e1s de felicitar a los participantes y agradecer al Inces, destac\u00f3 que\u00a0 la formaci\u00f3n y autoformaci\u00f3n continua y permanente a los trabajadores de las diferentes dependencias de este poder legislativo, es una de las pol\u00edticas que ha venido impulsando el presidente, Pedro \u00c1lvarez, como parte de su compromiso por mejorar cada uno de los servicios que presta este parlamento regional.\u00a0<\/span><\/p>\n","protected":false},"excerpt":{"rendered":"<p>** En esta oportunidad los participantes, escogieron la conmemoraci\u00f3n de los 465 a\u00f1os de la fundaci\u00f3n de M\u00e9rida como tem\u00e1tica para organizar el evento y aplicar los conocimientos, herramientas y t\u00e9cnicas del ceremonial y el protocolo<\/p>\n","protected":false},"author":4,"featured_media":55033,"comment_status":"closed","ping_status":"closed","sticky":false,"template":"","format":"standard","meta":{"footnotes":""},"categories":[2],"tags":[],"class_list":["post-55031","post","type-post","status-publish","format-standard","has-post-thumbnail","hentry","category-blog"],"_links":{"self":[{"href":"https:\/\/inces.gob.ve\/index.php\/wp-json\/wp\/v2\/posts\/55031","targetHints":{"allow":["GET"]}}],"collection":[{"href":"https:\/\/inces.gob.ve\/index.php\/wp-json\/wp\/v2\/posts"}],"about":[{"href":"https:\/\/inces.gob.ve\/index.php\/wp-json\/wp\/v2\/types\/post"}],"author":[{"embeddable":true,"href":"https:\/\/inces.gob.ve\/index.php\/wp-json\/wp\/v2\/users\/4"}],"replies":[{"embeddable":true,"href":"https:\/\/inces.gob.ve\/index.php\/wp-json\/wp\/v2\/comments?post=55031"}],"version-history":[{"count":1,"href":"https:\/\/inces.gob.ve\/index.php\/wp-json\/wp\/v2\/posts\/55031\/revisions"}],"predecessor-version":[{"id":55034,"href":"https:\/\/inces.gob.ve\/index.php\/wp-json\/wp\/v2\/posts\/55031\/revisions\/55034"}],"wp:featuredmedia":[{"embeddable":true,"href":"https:\/\/inces.gob.ve\/index.php\/wp-json\/wp\/v2\/media\/55033"}],"wp:attachment":[{"href":"https:\/\/inces.gob.ve\/index.php\/wp-json\/wp\/v2\/media?parent=55031"}],"wp:term":[{"taxonomy":"category","embeddable":true,"href":"https:\/\/inces.gob.ve\/index.php\/wp-json\/wp\/v2\/categories?post=55031"},{"taxonomy":"post_tag","embeddable":true,"href":"https:\/\/inces.gob.ve\/index.php\/wp-json\/wp\/v2\/tags?post=55031"}],"curies":[{"name":"wp","href":"https:\/\/api.w.org\/{rel}","templated":true}]}}