{"id":55035,"date":"2023-10-17T16:30:40","date_gmt":"2023-10-17T20:30:40","guid":{"rendered":"https:\/\/inces.gob.ve\/?p=55035"},"modified":"2023-10-17T16:30:40","modified_gmt":"2023-10-17T20:30:40","slug":"aragua-el-ambito-penitenciario-realizo-una-serie-de-actividades-de-atencion-integral","status":"publish","type":"post","link":"https:\/\/inces.gob.ve\/index.php\/2023\/10\/17\/aragua-el-ambito-penitenciario-realizo-una-serie-de-actividades-de-atencion-integral\/","title":{"rendered":"ARAGUA | El \u00e1mbito penitenciario realiz\u00f3 una serie de actividades de atenci\u00f3n integral\u00a0"},"content":{"rendered":"<div dir=\"auto\"><em><strong><span style=\"font-family: helvetica, arial, sans-serif; font-size: 14pt;\">** La Formaci\u00f3n T\u00e9cnica Profesional se mantiene en cada rinc\u00f3n de la regi\u00f3n<\/span><\/strong><\/em><\/div>\n<p><!--more--><\/p>\n<div dir=\"auto\"><\/div>\n<div dir=\"auto\"><span style=\"font-family: helvetica, arial, sans-serif; font-size: 14pt;\"><strong>NINOSKA PATRIZ<\/strong><\/span><\/div>\n<div dir=\"auto\"><\/div>\n<div dir=\"auto\"><span style=\"font-family: helvetica, arial, sans-serif; font-size: 14pt;\">Desde la REDI CENTRAL, en el Centro de Formaci\u00f3n del Hombre Nuevo Ezequiel Zamora y con el eslogan \u00abUn ambiente de paz\u00bb, se imparti\u00f3 la unidad curricular Introducci\u00f3n a la Cocina y Conservaci\u00f3n de Alimentos. En la misma se cont\u00f3 con orientaci\u00f3n de la profesora Reida Mendoza, la cual agradeci\u00f3 la participaci\u00f3n de dos procesados y cinco penados, para un total de siete personas.\u00a0<\/span><\/div>\n<div dir=\"auto\"><\/div>\n<div dir=\"auto\"><\/div>\n<div dir=\"auto\"><span style=\"font-family: helvetica, arial, sans-serif; font-size: 14pt;\">El desarrollo de la actividad se realiz\u00f3 bajo la supervisi\u00f3n del director TUSP H\u00e9ctor Maraima, el Sub director \u00c1ngel Soto y el jefe de r\u00e9gimen Antonio George, personal de guardia y custodia grupo \u00abB\u00bb, quienes agradecieron a todo el equipo del \u00e1mbito penitenciario, al Programa Luisa C\u00e1ceres de Arismendi y al jefe de Centro Carlos Torres.<\/span><\/div>\n<div dir=\"auto\"><\/div>\n<div dir=\"auto\"><\/div>\n<div dir=\"auto\"><span style=\"font-family: helvetica, arial, sans-serif; font-size: 14pt;\">Del mismo modo, se llev\u00f3 a cabo la unidad curricular (UC) Principios de Refrigeraci\u00f3n y Aire Acondicionado, junto al maestro t\u00e9cnico productivo Pedro Bol\u00edvar. Esta actividad cont\u00f3 con cinco procesados y dieciocho penados, para un total de 23 participantes; en esta ocasi\u00f3n con los profesores Pedro Bol\u00edvar y Leira Mendoza, quienes guiaron el desarrollo de la formaci\u00f3n.<\/span><\/div>\n<div dir=\"auto\"><\/div>\n<div dir=\"auto\"><span style=\"font-family: helvetica, arial, sans-serif; font-size: 14pt;\">En el mismo orden de ideas un custodio, dosadministrativos y doce participantes disfrutaron de un d\u00eda diferente con la unidad curricular Formaci\u00f3n de Panadero, desde la UPSO Aragua, con la maestra Elisa Moreno. Por su parte, el Comando Polic\u00eda Maracay Sur, Anexo Femenino \u00abCuartelito\u00bb, con la maestra Marlene Febres junto a 14 participantes, realiz\u00f3 la UC Formaci\u00f3n de Preparaci\u00f3n de Salsas.<\/span><\/div>\n<div dir=\"auto\"><\/div>\n<div dir=\"auto\"><\/div>\n","protected":false},"excerpt":{"rendered":"<p>** La Formaci\u00f3n T\u00e9cnica Profesional se mantiene en cada rinc\u00f3n de la regi\u00f3n<\/p>\n","protected":false},"author":4,"featured_media":55036,"comment_status":"closed","ping_status":"closed","sticky":false,"template":"","format":"standard","meta":{"footnotes":""},"categories":[2],"tags":[],"class_list":["post-55035","post","type-post","status-publish","format-standard","has-post-thumbnail","hentry","category-blog"],"_links":{"self":[{"href":"https:\/\/inces.gob.ve\/index.php\/wp-json\/wp\/v2\/posts\/55035","targetHints":{"allow":["GET"]}}],"collection":[{"href":"https:\/\/inces.gob.ve\/index.php\/wp-json\/wp\/v2\/posts"}],"about":[{"href":"https:\/\/inces.gob.ve\/index.php\/wp-json\/wp\/v2\/types\/post"}],"author":[{"embeddable":true,"href":"https:\/\/inces.gob.ve\/index.php\/wp-json\/wp\/v2\/users\/4"}],"replies":[{"embeddable":true,"href":"https:\/\/inces.gob.ve\/index.php\/wp-json\/wp\/v2\/comments?post=55035"}],"version-history":[{"count":1,"href":"https:\/\/inces.gob.ve\/index.php\/wp-json\/wp\/v2\/posts\/55035\/revisions"}],"predecessor-version":[{"id":55037,"href":"https:\/\/inces.gob.ve\/index.php\/wp-json\/wp\/v2\/posts\/55035\/revisions\/55037"}],"wp:featuredmedia":[{"embeddable":true,"href":"https:\/\/inces.gob.ve\/index.php\/wp-json\/wp\/v2\/media\/55036"}],"wp:attachment":[{"href":"https:\/\/inces.gob.ve\/index.php\/wp-json\/wp\/v2\/media?parent=55035"}],"wp:term":[{"taxonomy":"category","embeddable":true,"href":"https:\/\/inces.gob.ve\/index.php\/wp-json\/wp\/v2\/categories?post=55035"},{"taxonomy":"post_tag","embeddable":true,"href":"https:\/\/inces.gob.ve\/index.php\/wp-json\/wp\/v2\/tags?post=55035"}],"curies":[{"name":"wp","href":"https:\/\/api.w.org\/{rel}","templated":true}]}}