{"id":55053,"date":"2023-10-11T17:52:28","date_gmt":"2023-10-11T21:52:28","guid":{"rendered":"https:\/\/inces.gob.ve\/?p=55053"},"modified":"2023-10-17T18:00:33","modified_gmt":"2023-10-17T22:00:33","slug":"cumana-el-inces-sucre-realizo-acto-de-entrega-de-cargo-y-recibio-al-nuevo-gerente-regional","status":"publish","type":"post","link":"https:\/\/inces.gob.ve\/index.php\/2023\/10\/11\/cumana-el-inces-sucre-realizo-acto-de-entrega-de-cargo-y-recibio-al-nuevo-gerente-regional\/","title":{"rendered":"CUMAN\u00c1 | El Inces Sucre realiz\u00f3 acto de entrega de cargo y recibi\u00f3 al nuevo gerente regional"},"content":{"rendered":"<p><span style=\"font-family: helvetica, arial, sans-serif;\"><strong><span style=\"font-size: 14pt;\">Jaimelys Campos<\/span><\/strong><\/span><\/p>\n<p><span style=\"font-size: 14pt; font-family: helvetica, arial, sans-serif;\">Cumpliendo con las instrucciones de Wuilkeman \u00c1ngel Paredes, presidente de la instituci\u00f3n, hubo reemplaz\u00f3 de titular en la gerencia regional del Inces Sucre.<\/span><\/p>\n<p>&nbsp;<\/p>\n<p><span style=\"font-family: helvetica, arial, sans-serif;\"><span style=\"font-size: 14pt;\">El d\u00eda jueves 5 del presente mes y a\u00f1o, con la presencia de Nielsy Cabrera, Gerente general de Talento <\/span><span style=\"font-size: 14pt;\">Humano y Douglas P\u00e9rez, Gerente General de Encadenamiento Productivo, se dio cumplimiento al acto de entrega y <\/span><span style=\"font-size: 14pt;\">recepci\u00f3n de la gerencia regional Sucre, por parte de Audin Navarro (gerente saliente) y Abelardo Marcano (gerente <\/span><span style=\"font-size: 14pt;\">entrante).<\/span><\/span><\/p>\n<p>&nbsp;<\/p>\n<p><span style=\"font-family: helvetica, arial, sans-serif;\"><span style=\"font-size: 14pt;\">El nuevo gerente regional qued\u00f3 comprometido a seguir cumpliendo con las <\/span><span style=\"font-size: 14pt;\">metas establecidas y mejorando lo que haya que mejorar y profundizar, en pro del Inces.<\/span><\/span><\/p>\n","protected":false},"excerpt":{"rendered":"<p>Jaimelys Campos Cumpliendo con las instrucciones de Wuilkeman \u00c1ngel Paredes, presidente de la instituci\u00f3n, hubo reemplaz\u00f3 de titular en la gerencia regional del Inces Sucre. &nbsp; El d\u00eda jueves 5 del presente mes y a\u00f1o, con la presencia de Nielsy Cabrera, Gerente general de Talento Humano y Douglas P\u00e9rez, Gerente General de Encadenamiento Productivo, se [&hellip;]<\/p>\n","protected":false},"author":4,"featured_media":53754,"comment_status":"closed","ping_status":"closed","sticky":false,"template":"","format":"standard","meta":{"footnotes":""},"categories":[2],"tags":[],"class_list":["post-55053","post","type-post","status-publish","format-standard","has-post-thumbnail","hentry","category-blog"],"_links":{"self":[{"href":"https:\/\/inces.gob.ve\/index.php\/wp-json\/wp\/v2\/posts\/55053","targetHints":{"allow":["GET"]}}],"collection":[{"href":"https:\/\/inces.gob.ve\/index.php\/wp-json\/wp\/v2\/posts"}],"about":[{"href":"https:\/\/inces.gob.ve\/index.php\/wp-json\/wp\/v2\/types\/post"}],"author":[{"embeddable":true,"href":"https:\/\/inces.gob.ve\/index.php\/wp-json\/wp\/v2\/users\/4"}],"replies":[{"embeddable":true,"href":"https:\/\/inces.gob.ve\/index.php\/wp-json\/wp\/v2\/comments?post=55053"}],"version-history":[{"count":1,"href":"https:\/\/inces.gob.ve\/index.php\/wp-json\/wp\/v2\/posts\/55053\/revisions"}],"predecessor-version":[{"id":55054,"href":"https:\/\/inces.gob.ve\/index.php\/wp-json\/wp\/v2\/posts\/55053\/revisions\/55054"}],"wp:featuredmedia":[{"embeddable":true,"href":"https:\/\/inces.gob.ve\/index.php\/wp-json\/wp\/v2\/media\/53754"}],"wp:attachment":[{"href":"https:\/\/inces.gob.ve\/index.php\/wp-json\/wp\/v2\/media?parent=55053"}],"wp:term":[{"taxonomy":"category","embeddable":true,"href":"https:\/\/inces.gob.ve\/index.php\/wp-json\/wp\/v2\/categories?post=55053"},{"taxonomy":"post_tag","embeddable":true,"href":"https:\/\/inces.gob.ve\/index.php\/wp-json\/wp\/v2\/tags?post=55053"}],"curies":[{"name":"wp","href":"https:\/\/api.w.org\/{rel}","templated":true}]}}