{"id":55090,"date":"2023-10-18T13:22:10","date_gmt":"2023-10-18T17:22:10","guid":{"rendered":"https:\/\/inces.gob.ve\/?p=55090"},"modified":"2023-10-19T13:22:29","modified_gmt":"2023-10-19T17:22:29","slug":"ministerio-del-poder-popular-para-la-salud-va-de-la-mano-con-el-inces-para-prestarle-apoyo-a-los-emprendedores","status":"publish","type":"post","link":"https:\/\/inces.gob.ve\/index.php\/2023\/10\/18\/ministerio-del-poder-popular-para-la-salud-va-de-la-mano-con-el-inces-para-prestarle-apoyo-a-los-emprendedores\/","title":{"rendered":"Ministerio del Poder Popular para la Salud va de la mano con el Inces para prestarle apoyo a los emprendedores"},"content":{"rendered":"<p><em><strong><span style=\"font-family: helvetica, arial, sans-serif; font-size: 14pt;\">**El mejor modo de predecir el futuro es cre\u00e1ndolo<\/span><\/strong><\/em><!--more--><\/p>\n<p>&nbsp;<\/p>\n<p style=\"text-align: justify;\"><strong><span style=\"font-family: helvetica, arial, sans-serif; font-size: 14pt;\">Dimas P\u00e1ez<\/span><\/strong><br \/>\n<span style=\"font-family: helvetica, arial, sans-serif; font-size: 14pt;\">F\/Rafael Urbina<\/span><\/p>\n<p style=\"text-align: justify;\"><span style=\"font-family: helvetica, arial, sans-serif; font-size: 14pt;\">Nuevamente la escuela de Emprendedores del Inces hace su aporte, esta vez a trav\u00e9s del Ministerio del Poder Popular para la Salud y sus facilitadores, los l<\/span><span style=\"font-family: helvetica, arial, sans-serif; font-size: 14pt;\">icenciados Leini Medina y Pedro Rivas, adscritos a la direcci\u00f3n de Inocuidad de Alimentos y Bebidas.<\/span><\/p>\n<p>&nbsp;<\/p>\n<p style=\"text-align: justify;\"><span style=\"font-family: helvetica, arial, sans-serif; font-size: 14pt;\">La <\/span><span style=\"font-family: helvetica, arial, sans-serif; font-size: 14pt;\">charla \u201cRecaudos para Tramitar Registro Sanitarios\u201d, ofreci\u00f3 nuevos conocimientos a los emprendedores y <\/span><span style=\"font-family: helvetica, arial, sans-serif; font-size: 14pt;\">emprendedoras.<\/span><\/p>\n<p>&nbsp;<\/p>\n<p style=\"text-align: justify;\"><span style=\"font-family: helvetica, arial, sans-serif; font-size: 14pt;\">La actividad se llev\u00f3 a cabo en la escuela de Emprendimiento del Inces, ubicada en el edificio anexo del ente ubicado en la avenida Nueva Granada.<\/span><\/p>\n<p>&nbsp;<\/p>\n<p style=\"text-align: justify;\"><span style=\"font-family: helvetica, arial, sans-serif; font-size: 14pt;\">En <\/span><span style=\"font-family: helvetica, arial, sans-serif; font-size: 14pt;\">referencia a la jornada, Leini Medina explic\u00f3: \u201cLa idea de esta charla es brindarle capacitaci\u00f3n a los emprendedores e <\/span><span style=\"font-family: helvetica, arial, sans-serif; font-size: 14pt;\">informarles cu\u00e1les son los recaudos y los basamentos legales para adquirir el registro sanitario, para poder <\/span><span style=\"font-family: helvetica, arial, sans-serif; font-size: 14pt;\">comprobar que los alimentos est\u00e1n aptos para el consumo humano, adem\u00e1s ayudarlos para los an\u00e1lisis de <\/span><span style=\"font-family: helvetica, arial, sans-serif; font-size: 14pt;\">laboratorios que se requieren\u201d.<\/span><\/p>\n<p>&nbsp;<\/p>\n<p style=\"text-align: justify;\"><span style=\"font-family: helvetica, arial, sans-serif; font-size: 14pt;\">Para poder obtener el Registro Sanitario deben cumplir con unos requisitos, como son la revisi\u00f3n del <\/span><span style=\"font-family: helvetica, arial, sans-serif; font-size: 14pt;\">establecimiento donde se van a elaborar los alimentos.<\/span><\/p>\n<p>&nbsp;<\/p>\n<p style=\"text-align: justify;\"><span style=\"font-family: helvetica, arial, sans-serif; font-size: 14pt;\">Entre los documentos que se requieren est\u00e1n el <\/span><span style=\"font-family: helvetica, arial, sans-serif; font-size: 14pt;\">certificado de salud, manipulaci\u00f3n de alimentos y el \u00faltimo paso es la obtenci\u00f3n del Registro Sanitario; <\/span><span style=\"font-family: helvetica, arial, sans-serif; font-size: 14pt;\">esto enmarcado en la Ley de Contralor\u00eda Sanitaria; requisitos indispensables para que un producto pueda <\/span><span style=\"font-family: helvetica, arial, sans-serif; font-size: 14pt;\">salir al mercado y ser comercializado, finalizo Leini Medina.<\/span><\/p>\n","protected":false},"excerpt":{"rendered":"<p>**El mejor modo de predecir el futuro es cre\u00e1ndolo<\/p>\n","protected":false},"author":4,"featured_media":55087,"comment_status":"closed","ping_status":"closed","sticky":false,"template":"","format":"standard","meta":{"footnotes":""},"categories":[2],"tags":[],"class_list":["post-55090","post","type-post","status-publish","format-standard","has-post-thumbnail","hentry","category-blog"],"_links":{"self":[{"href":"https:\/\/inces.gob.ve\/index.php\/wp-json\/wp\/v2\/posts\/55090","targetHints":{"allow":["GET"]}}],"collection":[{"href":"https:\/\/inces.gob.ve\/index.php\/wp-json\/wp\/v2\/posts"}],"about":[{"href":"https:\/\/inces.gob.ve\/index.php\/wp-json\/wp\/v2\/types\/post"}],"author":[{"embeddable":true,"href":"https:\/\/inces.gob.ve\/index.php\/wp-json\/wp\/v2\/users\/4"}],"replies":[{"embeddable":true,"href":"https:\/\/inces.gob.ve\/index.php\/wp-json\/wp\/v2\/comments?post=55090"}],"version-history":[{"count":1,"href":"https:\/\/inces.gob.ve\/index.php\/wp-json\/wp\/v2\/posts\/55090\/revisions"}],"predecessor-version":[{"id":55091,"href":"https:\/\/inces.gob.ve\/index.php\/wp-json\/wp\/v2\/posts\/55090\/revisions\/55091"}],"wp:featuredmedia":[{"embeddable":true,"href":"https:\/\/inces.gob.ve\/index.php\/wp-json\/wp\/v2\/media\/55087"}],"wp:attachment":[{"href":"https:\/\/inces.gob.ve\/index.php\/wp-json\/wp\/v2\/media?parent=55090"}],"wp:term":[{"taxonomy":"category","embeddable":true,"href":"https:\/\/inces.gob.ve\/index.php\/wp-json\/wp\/v2\/categories?post=55090"},{"taxonomy":"post_tag","embeddable":true,"href":"https:\/\/inces.gob.ve\/index.php\/wp-json\/wp\/v2\/tags?post=55090"}],"curies":[{"name":"wp","href":"https:\/\/api.w.org\/{rel}","templated":true}]}}