{"id":55203,"date":"2023-10-23T13:38:50","date_gmt":"2023-10-23T17:38:50","guid":{"rendered":"https:\/\/inces.gob.ve\/?p=55203"},"modified":"2023-10-23T13:54:29","modified_gmt":"2023-10-23T17:54:29","slug":"trujillo-cfs-barbarita-la-torre-finaliza-unidad-curricular","status":"publish","type":"post","link":"https:\/\/inces.gob.ve\/index.php\/2023\/10\/23\/trujillo-cfs-barbarita-la-torre-finaliza-unidad-curricular\/","title":{"rendered":"TRUJILLO | CFS Barbarita La Torre finaliza unidad curricular"},"content":{"rendered":"<p style=\"font-weight: 400; text-align: justify;\"><em><strong><span style=\"font-family: helvetica, arial, sans-serif; font-size: 14pt;\">**\u00a0<\/span><span style=\"font-family: helvetica, arial, sans-serif; font-size: 14pt;\">La unidad curricular Marketing Empresarial lleg\u00f3 a su fin el pasado 10\u00a0 de\u00a0 octubre y cont\u00f3 con la participaci\u00f3n de cincuenta j\u00f3venes y adultos quienes de forma amena acudieron durante cuarenta horas a las instalaciones del Centro de Formaci\u00f3n Socialista Barbarita de la Torre<\/span><\/strong><\/em><!--more--><\/p>\n<p style=\"font-weight: 400; text-align: justify;\"><strong><span style=\"font-family: helvetica, arial, sans-serif; font-size: 14pt;\">Prensa\u00a0<\/span><\/strong><\/p>\n<p style=\"font-weight: 400; text-align: justify;\"><strong><span style=\"font-family: helvetica, arial, sans-serif; font-size: 14pt;\">Inces Regi\u00f3n Trujillo<\/span><\/strong><\/p>\n<p style=\"font-weight: 400; text-align: justify;\"><span style=\"font-family: helvetica, arial, sans-serif; font-size: 14pt;\">Con total \u00e9xito culmin\u00f3 la unidad curricular Marketing Empresarial, en la cual cincuenta participantes entre j\u00f3venes y adultos lograron obtener destrezas t\u00e9cnicas en el \u00e1rea comercial, basado en el dise\u00f1o de estrategias promocionales a trav\u00e9s de un plan de Marketing, con acciones transformadoras que ser\u00e1n implementadas para atraer nuevos clientes.\u00a0<\/span><\/p>\n<p style=\"font-weight: 400; text-align: justify;\"><span style=\"font-family: helvetica, arial, sans-serif; font-size: 14pt;\">Alexis Brice\u00f1o, gerente de la Regi\u00f3n Trujillo, expres\u00f3 que durante cuarenta horas acad\u00e9micas los participantes se capacitaron en el Centro de Formaci\u00f3n Socialista (CFS) Barbarita de la Torre para obtener habilidades t\u00e9cnicas en la unidad curricular Marketing Empresarial, adem\u00e1s, agreg\u00f3 que con esta formaci\u00f3n les permitir\u00e1 obtener habilidades para la promoci\u00f3n de productos as\u00ed como, desarrollarse en el campo laboral asegurando el \u00e9xito de las entidades de trabajo o empresas.<\/span><\/p>\n<p style=\"font-weight: 400; text-align: justify;\"><span style=\"font-family: helvetica, arial, sans-serif; font-size: 14pt;\">Por otro lado, los participantes expresaron sentirse complacidos con el maestro t\u00e9cnico productivo Juan Carlos Raga del Inces por los conocimientos recibidos, durante el tiempo de duraci\u00f3n de dicha formaci\u00f3n pues, les ayudar\u00e1 a complementar su experiencia en cuanto a la promoci\u00f3n y ventas de productos, de esta forma, contribuir\u00e1 al ingreso en el mercado laboral en el oficio del Marketing\u00a0 Empresarial.<\/span><\/p>\n<p style=\"font-weight: 400; text-align: justify;\">\n","protected":false},"excerpt":{"rendered":"<p>**\u00a0La unidad curricular Marketing Empresarial lleg\u00f3 a su fin el pasado 10\u00a0 de\u00a0 octubre y cont\u00f3 con la participaci\u00f3n de cincuenta j\u00f3venes y adultos quienes de forma amena acudieron durante cuarenta horas a las instalaciones del Centro de Formaci\u00f3n Socialista Barbarita de la Torre<\/p>\n","protected":false},"author":4,"featured_media":0,"comment_status":"closed","ping_status":"closed","sticky":false,"template":"","format":"standard","meta":{"footnotes":""},"categories":[2],"tags":[],"class_list":["post-55203","post","type-post","status-publish","format-standard","hentry","category-blog"],"_links":{"self":[{"href":"https:\/\/inces.gob.ve\/index.php\/wp-json\/wp\/v2\/posts\/55203","targetHints":{"allow":["GET"]}}],"collection":[{"href":"https:\/\/inces.gob.ve\/index.php\/wp-json\/wp\/v2\/posts"}],"about":[{"href":"https:\/\/inces.gob.ve\/index.php\/wp-json\/wp\/v2\/types\/post"}],"author":[{"embeddable":true,"href":"https:\/\/inces.gob.ve\/index.php\/wp-json\/wp\/v2\/users\/4"}],"replies":[{"embeddable":true,"href":"https:\/\/inces.gob.ve\/index.php\/wp-json\/wp\/v2\/comments?post=55203"}],"version-history":[{"count":2,"href":"https:\/\/inces.gob.ve\/index.php\/wp-json\/wp\/v2\/posts\/55203\/revisions"}],"predecessor-version":[{"id":55212,"href":"https:\/\/inces.gob.ve\/index.php\/wp-json\/wp\/v2\/posts\/55203\/revisions\/55212"}],"wp:attachment":[{"href":"https:\/\/inces.gob.ve\/index.php\/wp-json\/wp\/v2\/media?parent=55203"}],"wp:term":[{"taxonomy":"category","embeddable":true,"href":"https:\/\/inces.gob.ve\/index.php\/wp-json\/wp\/v2\/categories?post=55203"},{"taxonomy":"post_tag","embeddable":true,"href":"https:\/\/inces.gob.ve\/index.php\/wp-json\/wp\/v2\/tags?post=55203"}],"curies":[{"name":"wp","href":"https:\/\/api.w.org\/{rel}","templated":true}]}}