{"id":55237,"date":"2023-10-24T15:30:40","date_gmt":"2023-10-24T19:30:40","guid":{"rendered":"https:\/\/inces.gob.ve\/?p=55237"},"modified":"2023-10-24T15:31:45","modified_gmt":"2023-10-24T19:31:45","slug":"yaracuy-inces-y-ciepe-instalan-comite-tecnico-promotor","status":"publish","type":"post","link":"https:\/\/inces.gob.ve\/index.php\/2023\/10\/24\/yaracuy-inces-y-ciepe-instalan-comite-tecnico-promotor\/","title":{"rendered":"YARACUY | Inces y Ciepe instalan Comit\u00e9 T\u00e9cnico Promotor"},"content":{"rendered":"<p style=\"text-align: justify;\"><em><strong><span style=\"font-family: helvetica, arial, sans-serif; font-size: 14pt;\">*** Para el pr\u00f3ximo 06 de noviembre se instalar\u00e1 la Mesa de Evaluaci\u00f3n y Construcci\u00f3n Curricular Permanente<\/span><\/strong><\/em><!--more--><\/p>\n<p>&nbsp;<\/p>\n<p style=\"text-align: justify;\"><span style=\"font-family: helvetica, arial, sans-serif; font-size: 14pt;\"><strong>YOLAICE VARGAS<\/strong><\/span><\/p>\n<p style=\"text-align: justify;\"><span style=\"font-family: helvetica, arial, sans-serif; font-size: 14pt;\">Representantes del Instituto Nacional de Capacitaci\u00f3n y Educaci\u00f3n Socialista (Inces), en las figuras de la JJefa del Centro de Formaci\u00f3n Socialista (CFS) Manuel Cede\u00f1o, Nathaly Serrano; la coordinadora de Adiestramiento de Empresas, Johana Garc\u00eda; el coordinador de Curr\u00edculum y Did\u00e1ctica, Jackson Parra instalar y por cooperaci\u00f3n y convenio, Luis Traviezo, se reunieron con la presidenta del Centro de Investigaciones del Estado para la Producci\u00f3n Experimental Agroindustrial, (Ciepe), Yesica Colmenares; miembros de la vicepresidencia y la gerencia de investigaci\u00f3n, a fin instalar el Comit\u00e9 T\u00e9cnico Promotor.<\/span><\/p>\n<p style=\"text-align: justify;\"><span style=\"font-family: helvetica, arial, sans-serif; font-size: 14pt;\">Cabe destacar que dicha instancia ejecutar\u00e1 los planes concebidos en el marco del Convenio suscrito entre ambos entes.<\/span><\/p>\n<p>&nbsp;<\/p>\n<p><img loading=\"lazy\" decoding=\"async\" class=\"aligncenter wp-image-55238 size-full\" src=\"https:\/\/inces.gob.ve\/wp-content\/uploads\/2023\/10\/IMG-20231018-WA0107-e1698175805250.jpg\" alt=\"\" width=\"800\" height=\"800\" srcset=\"https:\/\/inces.gob.ve\/wp-content\/uploads\/2023\/10\/IMG-20231018-WA0107-e1698175805250.jpg 800w, https:\/\/inces.gob.ve\/wp-content\/uploads\/2023\/10\/IMG-20231018-WA0107-e1698175805250-300x300.jpg 300w, https:\/\/inces.gob.ve\/wp-content\/uploads\/2023\/10\/IMG-20231018-WA0107-e1698175805250-150x150.jpg 150w, https:\/\/inces.gob.ve\/wp-content\/uploads\/2023\/10\/IMG-20231018-WA0107-e1698175805250-768x768.jpg 768w\" sizes=\"auto, (max-width: 800px) 100vw, 800px\" \/><\/p>\n<p style=\"text-align: justify;\"><span style=\"font-family: helvetica, arial, sans-serif; font-size: 14pt;\">Durante el encuentro se acord\u00f3; atender el pr\u00f3ximo 26 de octubre a la primera avanzada en formaci\u00f3n con el Perfil laboral asesor de Formaci\u00f3n Laboral, dirigido a un grupo de 25 trabajadores de un total de 50, de Igual manera el inicio de la unidad curricular Ingl\u00e9s B\u00e1sico.<\/span><\/p>\n<p style=\"text-align: justify;\"><span style=\"font-family: helvetica, arial, sans-serif; font-size: 14pt;\">Es importante destacar que para el 06 de noviembre se instalar\u00e1 la Mesa de Evaluaci\u00f3n y Construcci\u00f3n Curricular Permanente, para dar inicio a la creaci\u00f3n de nuevas unidades curriculares vinculadas al \u00e1rea de laboratorio, entre ellos; el perfil laboral auxiliar de laboratorio en el \u00e1rea agroalimentario, lo cual contar\u00e1 con la participaci\u00f3n de especialista de ambas instituciones.<\/span><\/p>\n","protected":false},"excerpt":{"rendered":"<p>*** Para el pr\u00f3ximo 06 de noviembre se instalar\u00e1 la Mesa de Evaluaci\u00f3n y Construcci\u00f3n Curricular Permanente<\/p>\n","protected":false},"author":15,"featured_media":55239,"comment_status":"closed","ping_status":"closed","sticky":false,"template":"","format":"standard","meta":{"footnotes":""},"categories":[2],"tags":[],"class_list":["post-55237","post","type-post","status-publish","format-standard","has-post-thumbnail","hentry","category-blog"],"_links":{"self":[{"href":"https:\/\/inces.gob.ve\/index.php\/wp-json\/wp\/v2\/posts\/55237","targetHints":{"allow":["GET"]}}],"collection":[{"href":"https:\/\/inces.gob.ve\/index.php\/wp-json\/wp\/v2\/posts"}],"about":[{"href":"https:\/\/inces.gob.ve\/index.php\/wp-json\/wp\/v2\/types\/post"}],"author":[{"embeddable":true,"href":"https:\/\/inces.gob.ve\/index.php\/wp-json\/wp\/v2\/users\/15"}],"replies":[{"embeddable":true,"href":"https:\/\/inces.gob.ve\/index.php\/wp-json\/wp\/v2\/comments?post=55237"}],"version-history":[{"count":2,"href":"https:\/\/inces.gob.ve\/index.php\/wp-json\/wp\/v2\/posts\/55237\/revisions"}],"predecessor-version":[{"id":55241,"href":"https:\/\/inces.gob.ve\/index.php\/wp-json\/wp\/v2\/posts\/55237\/revisions\/55241"}],"wp:featuredmedia":[{"embeddable":true,"href":"https:\/\/inces.gob.ve\/index.php\/wp-json\/wp\/v2\/media\/55239"}],"wp:attachment":[{"href":"https:\/\/inces.gob.ve\/index.php\/wp-json\/wp\/v2\/media?parent=55237"}],"wp:term":[{"taxonomy":"category","embeddable":true,"href":"https:\/\/inces.gob.ve\/index.php\/wp-json\/wp\/v2\/categories?post=55237"},{"taxonomy":"post_tag","embeddable":true,"href":"https:\/\/inces.gob.ve\/index.php\/wp-json\/wp\/v2\/tags?post=55237"}],"curies":[{"name":"wp","href":"https:\/\/api.w.org\/{rel}","templated":true}]}}