{"id":55242,"date":"2023-10-24T15:36:23","date_gmt":"2023-10-24T19:36:23","guid":{"rendered":"https:\/\/inces.gob.ve\/?p=55242"},"modified":"2023-10-24T15:51:42","modified_gmt":"2023-10-24T19:51:42","slug":"falcon-inces-continua-con-planes-formativos-en-la-costa-oriental-de-falcon","status":"publish","type":"post","link":"https:\/\/inces.gob.ve\/index.php\/2023\/10\/24\/falcon-inces-continua-con-planes-formativos-en-la-costa-oriental-de-falcon\/","title":{"rendered":"FALC\u00d3N | Inces contin\u00faa con planes formativos en la Costa Oriental de Falc\u00f3n"},"content":{"rendered":"<p style=\"text-align: justify;\" align=\"center\"><em><strong><span style=\"font-family: helvetica, arial, sans-serif; font-size: 14pt;\">**Acciones que conducen a una transformaci\u00f3n significativa en el \u00e1rea cultural, en el \u00e1rea tur\u00edstica y sobre todo en la parte de de atenci\u00f3n y mejora de la calidad de atenci\u00f3n a los turistas, lo cual conlleva a brindar mejores servicios y atenci\u00f3n<\/span><\/strong><\/em><!--more--><\/p>\n<p style=\"text-align: justify;\"><span style=\"font-family: helvetica, arial, sans-serif; font-size: 14pt;\"><b>MIRIAM GONZ\u00c1LEZ VILLARROEL<\/b><\/span><\/p>\n<p style=\"text-align: justify;\" align=\"justify\"><span style=\"font-family: helvetica, arial, sans-serif; font-size: 14pt;\">Dando continuidad a los planes formativos iniciados en los municipios Jos\u00e9 Laurencio Silva y Monse\u00f1or Iturriza del estado Falc\u00f3n, el Instituto Nacional de Capacitaci\u00f3n y Educaci\u00f3n Socialista (Inces), nuevamente se traslad\u00f3 hasta estas entidades para continuar con lo que se ha convertido en una extraordinaria experiencia, al apoyar a la poblaci\u00f3n de estas entidades, con aprendizajes productivos, con la finalidad y prop\u00f3sito de brindar mejores servicios a propios y visitantes e impulsar la actividad tur\u00edstica en esas zonas emblem\u00e1ticas de la regi\u00f3n.<\/span><\/p>\n<p style=\"text-align: justify;\" align=\"justify\"><img loading=\"lazy\" decoding=\"async\" class=\"aligncenter wp-image-55243 size-full\" src=\"https:\/\/inces.gob.ve\/wp-content\/uploads\/2023\/10\/LANCHEROS-TUCACAS-2.jpg\" alt=\"\" width=\"800\" height=\"450\" srcset=\"https:\/\/inces.gob.ve\/wp-content\/uploads\/2023\/10\/LANCHEROS-TUCACAS-2.jpg 800w, https:\/\/inces.gob.ve\/wp-content\/uploads\/2023\/10\/LANCHEROS-TUCACAS-2-300x169.jpg 300w, https:\/\/inces.gob.ve\/wp-content\/uploads\/2023\/10\/LANCHEROS-TUCACAS-2-768x432.jpg 768w\" sizes=\"auto, (max-width: 800px) 100vw, 800px\" \/><\/p>\n<p style=\"text-align: justify;\" align=\"justify\"><span style=\"font-family: helvetica, arial, sans-serif; font-size: 14pt;\">Manifest\u00f3 la gerente regional del Inces, Eneyda Mart\u00ednez Rodr\u00edguez, \u00abestamos continuando con los procesos formativos y en esta oportunidad estamos atendiendo a un grupo de lancheros, los cuales son clave fundamental en cada uno de estos territorios donde el turismo es la principal actividad econ\u00f3mica, son las personas que impulsan el buen servicio y son los prestadores de servicios\u00bb.<\/span><\/p>\n<p style=\"text-align: justify;\" align=\"justify\"><img loading=\"lazy\" decoding=\"async\" class=\"aligncenter wp-image-55246 size-full\" src=\"https:\/\/inces.gob.ve\/wp-content\/uploads\/2023\/10\/LANCHEROS-TUCACAS-5.jpg\" alt=\"\" width=\"800\" height=\"316\" srcset=\"https:\/\/inces.gob.ve\/wp-content\/uploads\/2023\/10\/LANCHEROS-TUCACAS-5.jpg 800w, https:\/\/inces.gob.ve\/wp-content\/uploads\/2023\/10\/LANCHEROS-TUCACAS-5-300x119.jpg 300w, https:\/\/inces.gob.ve\/wp-content\/uploads\/2023\/10\/LANCHEROS-TUCACAS-5-768x303.jpg 768w\" sizes=\"auto, (max-width: 800px) 100vw, 800px\" \/><\/p>\n<p style=\"text-align: justify;\" align=\"justify\"><span style=\"font-family: helvetica, arial, sans-serif; font-size: 14pt;\">Resalt\u00f3 el prop\u00f3sito de la acci\u00f3n que desarrolla el Inces en alianza con el Instituto Aut\u00f3nomo de Turismo y Desarrollo End\u00f3geno, es atender a las comunidades y progresivamente, ir dando respuesta sector por sector de estas entidades, de manera tal, de lograr la transformaci\u00f3n a trav\u00e9s de la formaci\u00f3n t\u00e9cnica profesional que impulsa el Inces.<\/span><\/p>\n<p style=\"text-align: justify;\" align=\"justify\"><img loading=\"lazy\" decoding=\"async\" class=\"aligncenter wp-image-55244 size-full\" src=\"https:\/\/inces.gob.ve\/wp-content\/uploads\/2023\/10\/LANCHEROS-TUCACAS-3.jpg\" alt=\"\" width=\"800\" height=\"450\" srcset=\"https:\/\/inces.gob.ve\/wp-content\/uploads\/2023\/10\/LANCHEROS-TUCACAS-3.jpg 800w, https:\/\/inces.gob.ve\/wp-content\/uploads\/2023\/10\/LANCHEROS-TUCACAS-3-300x169.jpg 300w, https:\/\/inces.gob.ve\/wp-content\/uploads\/2023\/10\/LANCHEROS-TUCACAS-3-768x432.jpg 768w\" sizes=\"auto, (max-width: 800px) 100vw, 800px\" \/><\/p>\n<p style=\"text-align: justify;\" align=\"justify\"><span style=\"font-family: helvetica, arial, sans-serif; font-size: 14pt;\">Estos planes formativos, dijo Mart\u00ednez, se est\u00e1n desarrollando en principio en la Costa Oriental de Falc\u00f3n, espec\u00edficamente en las poblaciones de Tucacas y Chichiriviche. De igual forma, se ir\u00e1n sumando otros sectores y de esta forma, cerrar el a\u00f1o 2023, con la entrega de certificados, en un evento que se va a realizar en estos dos territorios, \u00abesperamos tener la presencia de las autoridades del Inces Nacional, una vez lograda la meta que fue puesta por el presidente del Inces, Wuikelman \u00c1ngel Paredes\u00bb.<\/span><\/p>\n","protected":false},"excerpt":{"rendered":"<p>**Acciones que conducen a una transformaci\u00f3n significativa en el \u00e1rea cultural, en el \u00e1rea tur\u00edstica y sobre todo en la parte de de atenci\u00f3n y mejora de la calidad de atenci\u00f3n a los turistas, lo cual conlleva a brindar mejores servicios y atenci\u00f3n<\/p>\n","protected":false},"author":15,"featured_media":55245,"comment_status":"closed","ping_status":"closed","sticky":false,"template":"","format":"standard","meta":{"footnotes":""},"categories":[2],"tags":[],"class_list":["post-55242","post","type-post","status-publish","format-standard","has-post-thumbnail","hentry","category-blog"],"_links":{"self":[{"href":"https:\/\/inces.gob.ve\/index.php\/wp-json\/wp\/v2\/posts\/55242","targetHints":{"allow":["GET"]}}],"collection":[{"href":"https:\/\/inces.gob.ve\/index.php\/wp-json\/wp\/v2\/posts"}],"about":[{"href":"https:\/\/inces.gob.ve\/index.php\/wp-json\/wp\/v2\/types\/post"}],"author":[{"embeddable":true,"href":"https:\/\/inces.gob.ve\/index.php\/wp-json\/wp\/v2\/users\/15"}],"replies":[{"embeddable":true,"href":"https:\/\/inces.gob.ve\/index.php\/wp-json\/wp\/v2\/comments?post=55242"}],"version-history":[{"count":2,"href":"https:\/\/inces.gob.ve\/index.php\/wp-json\/wp\/v2\/posts\/55242\/revisions"}],"predecessor-version":[{"id":55248,"href":"https:\/\/inces.gob.ve\/index.php\/wp-json\/wp\/v2\/posts\/55242\/revisions\/55248"}],"wp:featuredmedia":[{"embeddable":true,"href":"https:\/\/inces.gob.ve\/index.php\/wp-json\/wp\/v2\/media\/55245"}],"wp:attachment":[{"href":"https:\/\/inces.gob.ve\/index.php\/wp-json\/wp\/v2\/media?parent=55242"}],"wp:term":[{"taxonomy":"category","embeddable":true,"href":"https:\/\/inces.gob.ve\/index.php\/wp-json\/wp\/v2\/categories?post=55242"},{"taxonomy":"post_tag","embeddable":true,"href":"https:\/\/inces.gob.ve\/index.php\/wp-json\/wp\/v2\/tags?post=55242"}],"curies":[{"name":"wp","href":"https:\/\/api.w.org\/{rel}","templated":true}]}}