{"id":55309,"date":"2023-10-27T14:16:28","date_gmt":"2023-10-27T18:16:28","guid":{"rendered":"https:\/\/inces.gob.ve\/?p=55309"},"modified":"2023-10-27T14:20:26","modified_gmt":"2023-10-27T18:20:26","slug":"la-guaira-el-inces-celebra-el-exito-de-su-curso-de-formacion-tecnica-del-sistema-del-enfriamiento-del-automovil","status":"publish","type":"post","link":"https:\/\/inces.gob.ve\/index.php\/2023\/10\/27\/la-guaira-el-inces-celebra-el-exito-de-su-curso-de-formacion-tecnica-del-sistema-del-enfriamiento-del-automovil\/","title":{"rendered":"LA GUAIRA  El Inces celebra el \u00e9xito de su curso de formaci\u00f3n t\u00e9cnica del Sistema del Enfriamiento del Autom\u00f3vil"},"content":{"rendered":"<div dir=\"auto\" style=\"text-align: justify;\"><strong><em><span style=\"font-size: 14pt; font-family: helvetica, arial, sans-serif;\">** El Instituto Nacional de Capacitaci\u00f3n y Educaci\u00f3n Socialista (Inces) realiz\u00f3 el acto de clausura del curso de formaci\u00f3n t\u00e9cnica del Sistema del enfriamiento del autom\u00f3vil, que se imparti\u00f3 durante120 horas en las instalaciones del Inces<\/span><\/em><\/strong><\/div>\n<p><!--more--><\/p>\n<div dir=\"auto\"><\/div>\n<div style=\"text-align: justify;\"><span style=\"font-size: 14pt; font-family: helvetica, arial, sans-serif;\">AYLIN MARCANO<\/span><\/div>\n<div dir=\"auto\" style=\"text-align: justify;\"><\/div>\n<div dir=\"auto\" style=\"text-align: justify;\"><span style=\"font-size: 14pt; font-family: helvetica, arial, sans-serif;\">El curso cont\u00f3 con la participaci\u00f3n de 25 personas, que recibieron los conocimientos y las habilidades necesarias para realizar un servicio profesional y de calidad al sistema de enfriamiento del autom\u00f3vil, garantizando su correcto funcionamiento y evitando el sobrecalentamiento del motor.<\/span><\/div>\n<div dir=\"auto\"><\/div>\n<div dir=\"auto\" style=\"text-align: justify;\"><\/div>\n<div dir=\"auto\"><img loading=\"lazy\" decoding=\"async\" class=\"aligncenter wp-image-55310 size-full\" src=\"https:\/\/inces.gob.ve\/wp-content\/uploads\/2023\/10\/IMG_20231025_133851_845.webp\" alt=\"\" width=\"720\" height=\"720\" srcset=\"https:\/\/inces.gob.ve\/wp-content\/uploads\/2023\/10\/IMG_20231025_133851_845.webp 720w, https:\/\/inces.gob.ve\/wp-content\/uploads\/2023\/10\/IMG_20231025_133851_845-300x300.webp 300w, https:\/\/inces.gob.ve\/wp-content\/uploads\/2023\/10\/IMG_20231025_133851_845-150x150.webp 150w\" sizes=\"auto, (max-width: 720px) 100vw, 720px\" \/><\/div>\n<div dir=\"auto\" style=\"text-align: justify;\"><span style=\"font-size: 14pt; font-family: helvetica, arial, sans-serif;\">Los egresados demostraron sus competencias en el diagn\u00f3stico, el mantenimiento y la reparaci\u00f3n de los componentes principales del sistema de enfriamiento, como el radiador, la bomba, el termostato, el l\u00edquido refrigerante y el ventilador, utilizando el equipo y las herramientas adecuados y siguiendo las normas de seguridad e higiene.<\/span><\/div>\n<div dir=\"auto\" style=\"text-align: justify;\"><\/div>\n<div dir=\"auto\" style=\"text-align: justify;\"><span style=\"font-size: 14pt; font-family: helvetica, arial, sans-serif;\">El acto de clausura cont\u00f3 con la presencia de las autoridades del Inces, que felicitaron a los egresados por su esfuerzo y dedicaci\u00f3n, y les entregaron los certificados que acreditan su formaci\u00f3n. Asimismo, les animaron a seguir capacit\u00e1ndose en otras \u00e1reas estrat\u00e9gicas para el desarrollo econ\u00f3mico y social del pa\u00eds.<\/span><\/div>\n<div dir=\"auto\"><\/div>\n<div dir=\"auto\"><img loading=\"lazy\" decoding=\"async\" class=\"aligncenter wp-image-55312 size-full\" src=\"https:\/\/inces.gob.ve\/wp-content\/uploads\/2023\/10\/IMG_20231025_133852_075.webp\" alt=\"\" width=\"574\" height=\"574\" srcset=\"https:\/\/inces.gob.ve\/wp-content\/uploads\/2023\/10\/IMG_20231025_133852_075.webp 574w, https:\/\/inces.gob.ve\/wp-content\/uploads\/2023\/10\/IMG_20231025_133852_075-300x300.webp 300w, https:\/\/inces.gob.ve\/wp-content\/uploads\/2023\/10\/IMG_20231025_133852_075-150x150.webp 150w\" sizes=\"auto, (max-width: 574px) 100vw, 574px\" \/><\/div>\n<div dir=\"auto\" style=\"text-align: justify;\"><\/div>\n<div dir=\"auto\" style=\"text-align: justify;\"><span style=\"font-size: 14pt; font-family: helvetica, arial, sans-serif;\">El curso forma parte del Programa de Formaci\u00f3n T\u00e9cnica Productiva (FTP) del Inces, que busca impulsar el desarrollo econ\u00f3mico y social del pa\u00eds a trav\u00e9s de la capacitaci\u00f3n de la fuerza laboral en \u00e1reas estrat\u00e9gicas<\/span><\/div>\n","protected":false},"excerpt":{"rendered":"<p>** El Instituto Nacional de Capacitaci\u00f3n y Educaci\u00f3n Socialista (Inces) realiz\u00f3 el acto de clausura del curso de formaci\u00f3n t\u00e9cnica del Sistema del enfriamiento del autom\u00f3vil, que se imparti\u00f3 durante120 horas en las instalaciones del Inces<\/p>\n","protected":false},"author":15,"featured_media":55311,"comment_status":"closed","ping_status":"closed","sticky":false,"template":"","format":"standard","meta":{"footnotes":""},"categories":[2],"tags":[],"class_list":["post-55309","post","type-post","status-publish","format-standard","has-post-thumbnail","hentry","category-blog"],"_links":{"self":[{"href":"https:\/\/inces.gob.ve\/index.php\/wp-json\/wp\/v2\/posts\/55309","targetHints":{"allow":["GET"]}}],"collection":[{"href":"https:\/\/inces.gob.ve\/index.php\/wp-json\/wp\/v2\/posts"}],"about":[{"href":"https:\/\/inces.gob.ve\/index.php\/wp-json\/wp\/v2\/types\/post"}],"author":[{"embeddable":true,"href":"https:\/\/inces.gob.ve\/index.php\/wp-json\/wp\/v2\/users\/15"}],"replies":[{"embeddable":true,"href":"https:\/\/inces.gob.ve\/index.php\/wp-json\/wp\/v2\/comments?post=55309"}],"version-history":[{"count":1,"href":"https:\/\/inces.gob.ve\/index.php\/wp-json\/wp\/v2\/posts\/55309\/revisions"}],"predecessor-version":[{"id":55313,"href":"https:\/\/inces.gob.ve\/index.php\/wp-json\/wp\/v2\/posts\/55309\/revisions\/55313"}],"wp:featuredmedia":[{"embeddable":true,"href":"https:\/\/inces.gob.ve\/index.php\/wp-json\/wp\/v2\/media\/55311"}],"wp:attachment":[{"href":"https:\/\/inces.gob.ve\/index.php\/wp-json\/wp\/v2\/media?parent=55309"}],"wp:term":[{"taxonomy":"category","embeddable":true,"href":"https:\/\/inces.gob.ve\/index.php\/wp-json\/wp\/v2\/categories?post=55309"},{"taxonomy":"post_tag","embeddable":true,"href":"https:\/\/inces.gob.ve\/index.php\/wp-json\/wp\/v2\/tags?post=55309"}],"curies":[{"name":"wp","href":"https:\/\/api.w.org\/{rel}","templated":true}]}}