{"id":55351,"date":"2023-10-30T14:57:18","date_gmt":"2023-10-30T18:57:18","guid":{"rendered":"https:\/\/inces.gob.ve\/?p=55351"},"modified":"2023-10-30T15:08:23","modified_gmt":"2023-10-30T19:08:23","slug":"aragua-inces-dijo-presente-en-marcha-multitudinaria","status":"publish","type":"post","link":"https:\/\/inces.gob.ve\/index.php\/2023\/10\/30\/aragua-inces-dijo-presente-en-marcha-multitudinaria\/","title":{"rendered":"ARAGUA | Inces dijo presente en marcha multitudinaria"},"content":{"rendered":"<div id=\":se\" class=\"ii gt\">\n<div id=\":uk\" class=\"a3s aiL \">\n<div dir=\"ltr\">\n<div class=\"gmail_quote\">\n<div class=\"gmail_quote\">\n<div dir=\"auto\">\n<div dir=\"auto\"><\/div>\n<div dir=\"auto\" style=\"text-align: justify;\"><em><strong><span style=\"font-family: helvetica, arial, sans-serif; font-size: 14pt;\">** Trabajadores del Inces recorrieron las calles en apoyo a los lineamientos del Gobierno Nacional<\/span><\/strong><\/em><\/div>\n<\/div>\n<div dir=\"auto\"><\/div>\n<\/div>\n<\/div>\n<\/div>\n<\/div>\n<\/div>\n<p><span style=\"font-family: helvetica, arial, sans-serif; font-size: 14pt;\"><!--more--><\/span><\/p>\n<div dir=\"auto\"><\/div>\n<div id=\":se\" class=\"ii gt\">\n<div id=\":uk\" class=\"a3s aiL \">\n<div dir=\"ltr\">\n<div class=\"gmail_quote\">\n<div class=\"gmail_quote\">\n<div dir=\"auto\">\n<div dir=\"auto\" style=\"text-align: justify;\"><span style=\"font-family: helvetica, arial, sans-serif; font-size: 14pt;\">NINOSKA PATRIZ<\/span><\/div>\n<div dir=\"auto\" style=\"text-align: justify;\"><\/div>\n<div dir=\"auto\" style=\"text-align: justify;\"><span style=\"font-family: helvetica, arial, sans-serif; font-size: 14pt;\">Con el prop\u00f3sito de manifestar su apoyo al Gobierno Nacional en repudio a los constantes ataques injerencistas a la Patria y para reafirmar que el Esequibo es de Venezuela. El Inces Regional Aragua y sus diferentes centros de formaci\u00f3n socialista (CFS) que le conforman, asistieron a paso firme a la concentraci\u00f3n realizada desde las Av. Aragua hasta despu\u00e9s del Puente de la Av. Las Fuerzas A\u00e9reas de Maracay.\u00a0<\/span><\/div>\n<div dir=\"auto\"><\/div>\n<\/div>\n<div dir=\"auto\" style=\"text-align: justify;\"><img loading=\"lazy\" decoding=\"async\" class=\"aligncenter wp-image-55355 size-full\" src=\"https:\/\/inces.gob.ve\/wp-content\/uploads\/2023\/10\/IMG-20231028-WA0013-e1698692010580.jpg\" alt=\"\" width=\"800\" height=\"369\" srcset=\"https:\/\/inces.gob.ve\/wp-content\/uploads\/2023\/10\/IMG-20231028-WA0013-e1698692010580.jpg 800w, https:\/\/inces.gob.ve\/wp-content\/uploads\/2023\/10\/IMG-20231028-WA0013-e1698692010580-300x138.jpg 300w, https:\/\/inces.gob.ve\/wp-content\/uploads\/2023\/10\/IMG-20231028-WA0013-e1698692010580-768x354.jpg 768w\" sizes=\"auto, (max-width: 800px) 100vw, 800px\" \/><\/div>\n<div dir=\"auto\">\n<div dir=\"auto\" style=\"text-align: justify;\"><\/div>\n<div dir=\"auto\" style=\"text-align: justify;\"><span style=\"font-family: helvetica, arial, sans-serif; font-size: 14pt;\">La misma estuvo encabezada por la Gobernadora Karina Carpio, quien realiz\u00f3 el recorrido por las calles de Maracay, cuna de la Revoluci\u00f3n Bolivariana, junto a La presencia de efectivos de seguridad de la Polic\u00eda Nacional Bolivariana, Bomberos de Aragua y Defensa Civil, el equipo pol\u00edtico del PSUV, Instituciones P\u00fablicas, Comunidades del Estado, Milicia Bolivariana para la Defensa Integral de la Naci\u00f3n e Inces.<\/span><\/div>\n<div dir=\"auto\" style=\"text-align: justify;\"><\/div>\n<div dir=\"auto\" style=\"text-align: justify;\"><\/div>\n<div dir=\"auto\" style=\"text-align: justify;\"><span style=\"font-family: helvetica, arial, sans-serif; font-size: 14pt;\">Durante la concentraci\u00f3n la gerente del Inces Aragua Yelitza Rodr\u00edguez expres\u00f3: \u201cRodilla en tierra, estamos aqu\u00ed para dar la batalla en defensa de nuestra tierra, no podemos permitir ni un s\u00f3lo agravio m\u00e1s de parte del imperio extranjero. Somos una Venezuela libre e independiente. Y agreg\u00f3: \u201cJunto a nuestros trabajadores estamos dispuestos con fuerza y mucho \u00e1nimo para trabajar y luchar por nuestro Pa\u00eds\u201d.<\/span><\/div>\n<\/div>\n<div dir=\"auto\"><\/div>\n<div dir=\"auto\"><img loading=\"lazy\" decoding=\"async\" class=\"aligncenter wp-image-55356 size-full\" src=\"https:\/\/inces.gob.ve\/wp-content\/uploads\/2023\/10\/movimiento-0001-.jpg\" alt=\"\" width=\"814\" height=\"550\" srcset=\"https:\/\/inces.gob.ve\/wp-content\/uploads\/2023\/10\/movimiento-0001-.jpg 814w, https:\/\/inces.gob.ve\/wp-content\/uploads\/2023\/10\/movimiento-0001--300x203.jpg 300w, https:\/\/inces.gob.ve\/wp-content\/uploads\/2023\/10\/movimiento-0001--768x519.jpg 768w, https:\/\/inces.gob.ve\/wp-content\/uploads\/2023\/10\/movimiento-0001--305x207.jpg 305w, https:\/\/inces.gob.ve\/wp-content\/uploads\/2023\/10\/movimiento-0001--622x420.jpg 622w\" sizes=\"auto, (max-width: 814px) 100vw, 814px\" \/><\/div>\n<div dir=\"auto\" style=\"text-align: justify;\"><\/div>\n<div dir=\"auto\">\n<div dir=\"auto\" style=\"text-align: justify;\"><span style=\"font-family: helvetica, arial, sans-serif; font-size: 14pt;\">De \u00e9sta manera realizaron el recorrido entre alegr\u00eda, m\u00fasica y consignas, juntos con una misma visi\u00f3n y por un mismo objetivo revolucionario, destacando la importancia de la uni\u00f3n del pueblo. Hoy m\u00e1s que nunca llamados a resaltar el empoderamiento de las mujeres como parte de la misi\u00f3n y legado del comandante eterno avanzaron siendo bandera en gesti\u00f3n educativa, con gran esp\u00edritu de compromiso, por la paz de la naci\u00f3n.<\/span><\/div>\n<div dir=\"auto\" style=\"text-align: justify;\"><\/div>\n<div dir=\"auto\" style=\"text-align: justify;\"><\/div>\n<div dir=\"auto\" style=\"text-align: justify;\"><span style=\"font-family: helvetica, arial, sans-serif; font-size: 14pt;\">Del mismo modo Rodr\u00edguez agrego: \u00abFormamos a la poblaci\u00f3n venezolana con pensamiento cr\u00edtico y excelencia de calidad venezolana que es punto de referencia a nivel internacional, por ello hoy tambi\u00e9n estamos aqu\u00ed, dando fe de nuestra convicci\u00f3n en favor de la Patria\u201d.<\/span><\/div>\n<\/div>\n<div class=\"yj6qo\" style=\"text-align: justify;\"><\/div>\n<div class=\"adL\" style=\"text-align: justify;\"><\/div>\n<\/div>\n<\/div>\n<\/div>\n<\/div>\n<\/div>\n<p>&nbsp;<\/p>\n<p>&nbsp;<\/p>\n<div id=\":tq\" class=\"hq gt\">\n<div class=\"hp\"><\/div>\n<\/div>\n","protected":false},"excerpt":{"rendered":"<p>** Trabajadores del Inces recorrieron las calles en apoyo a los lineamientos del Gobierno Nacional<\/p>\n","protected":false},"author":15,"featured_media":55354,"comment_status":"closed","ping_status":"closed","sticky":false,"template":"","format":"standard","meta":{"footnotes":""},"categories":[2],"tags":[],"class_list":["post-55351","post","type-post","status-publish","format-standard","has-post-thumbnail","hentry","category-blog"],"_links":{"self":[{"href":"https:\/\/inces.gob.ve\/index.php\/wp-json\/wp\/v2\/posts\/55351","targetHints":{"allow":["GET"]}}],"collection":[{"href":"https:\/\/inces.gob.ve\/index.php\/wp-json\/wp\/v2\/posts"}],"about":[{"href":"https:\/\/inces.gob.ve\/index.php\/wp-json\/wp\/v2\/types\/post"}],"author":[{"embeddable":true,"href":"https:\/\/inces.gob.ve\/index.php\/wp-json\/wp\/v2\/users\/15"}],"replies":[{"embeddable":true,"href":"https:\/\/inces.gob.ve\/index.php\/wp-json\/wp\/v2\/comments?post=55351"}],"version-history":[{"count":5,"href":"https:\/\/inces.gob.ve\/index.php\/wp-json\/wp\/v2\/posts\/55351\/revisions"}],"predecessor-version":[{"id":55364,"href":"https:\/\/inces.gob.ve\/index.php\/wp-json\/wp\/v2\/posts\/55351\/revisions\/55364"}],"wp:featuredmedia":[{"embeddable":true,"href":"https:\/\/inces.gob.ve\/index.php\/wp-json\/wp\/v2\/media\/55354"}],"wp:attachment":[{"href":"https:\/\/inces.gob.ve\/index.php\/wp-json\/wp\/v2\/media?parent=55351"}],"wp:term":[{"taxonomy":"category","embeddable":true,"href":"https:\/\/inces.gob.ve\/index.php\/wp-json\/wp\/v2\/categories?post=55351"},{"taxonomy":"post_tag","embeddable":true,"href":"https:\/\/inces.gob.ve\/index.php\/wp-json\/wp\/v2\/tags?post=55351"}],"curies":[{"name":"wp","href":"https:\/\/api.w.org\/{rel}","templated":true}]}}