{"id":55365,"date":"2023-10-30T18:01:26","date_gmt":"2023-10-30T22:01:26","guid":{"rendered":"https:\/\/inces.gob.ve\/?p=55365"},"modified":"2023-11-07T15:02:17","modified_gmt":"2023-11-07T19:02:17","slug":"inces-realiza-acompanamiento-tecnico-docente-y-administrativo-al-instituto-nacional-de-higiene-rafael-rangel","status":"publish","type":"post","link":"https:\/\/inces.gob.ve\/index.php\/2023\/10\/30\/inces-realiza-acompanamiento-tecnico-docente-y-administrativo-al-instituto-nacional-de-higiene-rafael-rangel\/","title":{"rendered":"Inces realiza  acompa\u00f1amiento t\u00e9cnico, docente y administrativo al Instituto Nacional de Higiene \u201cRafael Rangel\u201d"},"content":{"rendered":"<p dir=\"ltr\" style=\"text-align: justify;\"><span style=\"font-family: helvetica, arial, sans-serif; font-size: 14pt;\">** La atenci\u00f3n en las entidades de trabajo es fundamental para Venezuela<\/span><!--more--><\/p>\n<p dir=\"ltr\" style=\"text-align: justify;\"><span style=\"font-family: helvetica, arial, sans-serif; font-size: 14pt;\">DIMAS P\u00c1EZ<\/span><\/p>\n<p dir=\"ltr\" style=\"text-align: justify;\"><span style=\"font-family: helvetica, arial, sans-serif; font-size: 14pt;\">En las instalaciones del Instituto Nacional de Higiene\u201cRafael Rangel\u201d(INHRR) ubicado en las instalaciones de la Universidad Central de Venezuela, se llev\u00f3 a cabo la entrega de 63 certificados por acreditaci\u00f3n y 15 certificados de formaci\u00f3n al personal obrero del INHRR por parte del Centro Formaci\u00f3n Socialista \u201cJorge Rodr\u00edguez\u201d (CFS), contando con el apoyo del personal de la Gerencia General de Formaci\u00f3n Profesional.<\/span><\/p>\n<p><img loading=\"lazy\" decoding=\"async\" class=\"wp-image-55366 size-full\" src=\"https:\/\/inces.gob.ve\/wp-content\/uploads\/2023\/10\/IMG_20231024_105515.jpg\" alt=\"\" width=\"809\" height=\"776\" srcset=\"https:\/\/inces.gob.ve\/wp-content\/uploads\/2023\/10\/IMG_20231024_105515.jpg 809w, https:\/\/inces.gob.ve\/wp-content\/uploads\/2023\/10\/IMG_20231024_105515-300x288.jpg 300w, https:\/\/inces.gob.ve\/wp-content\/uploads\/2023\/10\/IMG_20231024_105515-768x737.jpg 768w\" sizes=\"auto, (max-width: 809px) 100vw, 809px\" \/><\/p>\n<p dir=\"ltr\" style=\"text-align: justify;\"><span style=\"font-family: helvetica, arial, sans-serif; font-size: 14pt;\">La actividad cont\u00f3 con la asistencia de la presidenta del Rafael Rangel, Esperanza Brice\u00f1o junto a su personal directivo y por parte del Inces, el gerente de L\u00ednea adscrito a la G.G. de Formaci\u00f3n Profesional, Jes\u00fas Hern\u00e1ndez, acompa\u00f1ado por los coordinadores de Formaci\u00f3n Profesional: Carlos Ascanio y Maritza Valdez. Del personal del (CFS) estuvieron los maestros t\u00e9cnicos productivos: Hildegar D\u00edaz, Alfredo Sanz y la responsable del Proceso de Acreditaci\u00f3n de Saberes de la Regional del Distrito Capital,\u00a0 Carmen Trejo.<\/span><\/p>\n<p><img loading=\"lazy\" decoding=\"async\" class=\"wp-image-55368 size-full aligncenter\" src=\"https:\/\/inces.gob.ve\/wp-content\/uploads\/2023\/10\/IMG_20231024_105641.jpg\" alt=\"\" width=\"797\" height=\"693\" srcset=\"https:\/\/inces.gob.ve\/wp-content\/uploads\/2023\/10\/IMG_20231024_105641.jpg 797w, https:\/\/inces.gob.ve\/wp-content\/uploads\/2023\/10\/IMG_20231024_105641-300x261.jpg 300w, https:\/\/inces.gob.ve\/wp-content\/uploads\/2023\/10\/IMG_20231024_105641-768x668.jpg 768w\" sizes=\"auto, (max-width: 797px) 100vw, 797px\" \/><\/p>\n<p dir=\"ltr\" style=\"text-align: justify;\"><span style=\"font-family: helvetica, arial, sans-serif; font-size: 14pt;\">Con respecto a la\u00a0 entrega de acreditaciones y certificados al personal del Instituto de Higiene Brice\u00f1o expuso: \u201cEste encuentro es para reconocer y celebrar el aporte del Inces al crecimiento de la Instituci\u00f3n\u201d.\u00a0<\/span><\/p>\n<p dir=\"ltr\" style=\"text-align: justify;\"><span style=\"font-family: helvetica, arial, sans-serif; font-size: 14pt;\">Se refiri\u00f3 con mucho orgullo a los homenajeados, diciendo que ellos eran muy valiosos para y que se les estaban reconociendo sus saberes. Les manifest\u00f3 que eso que ellos sab\u00edan era tan importante en el d\u00eda a d\u00eda como la formaci\u00f3n acad\u00e9mica que ense\u00f1an en la universidad\u201d.\u00a0<\/span><\/p>\n<p><img loading=\"lazy\" decoding=\"async\" class=\"wp-image-55367 aligncenter\" src=\"https:\/\/inces.gob.ve\/wp-content\/uploads\/2023\/10\/IMG_20231024_1055542.jpg\" alt=\"\" width=\"720\" height=\"760\" srcset=\"https:\/\/inces.gob.ve\/wp-content\/uploads\/2023\/10\/IMG_20231024_1055542.jpg 787w, https:\/\/inces.gob.ve\/wp-content\/uploads\/2023\/10\/IMG_20231024_1055542-284x300.jpg 284w, https:\/\/inces.gob.ve\/wp-content\/uploads\/2023\/10\/IMG_20231024_1055542-768x811.jpg 768w\" sizes=\"auto, (max-width: 720px) 100vw, 720px\" \/><\/p>\n<p dir=\"ltr\" style=\"text-align: justify;\"><span style=\"font-family: helvetica, arial, sans-serif; font-size: 14pt;\">Por su parte, Hern\u00e1ndez se\u00f1al\u00f3 que el Inces, a partir del inicio de la pandemia, viene desarrollando una serie de acciones transformadoras que se expresan en sus l\u00edneas estrat\u00e9gicas: la transformaci\u00f3n curricular, la transformaci\u00f3n digital y la creaci\u00f3n de un Sistema de Educaci\u00f3n y Formaci\u00f3n T\u00e9cnica Profesional.<\/span><\/p>\n<p><img loading=\"lazy\" decoding=\"async\" class=\"wp-image-55369 size-full aligncenter\" src=\"https:\/\/inces.gob.ve\/wp-content\/uploads\/2023\/10\/IMG_20231024_110223.jpg\" alt=\"\" width=\"809\" height=\"698\" srcset=\"https:\/\/inces.gob.ve\/wp-content\/uploads\/2023\/10\/IMG_20231024_110223.jpg 809w, https:\/\/inces.gob.ve\/wp-content\/uploads\/2023\/10\/IMG_20231024_110223-300x259.jpg 300w, https:\/\/inces.gob.ve\/wp-content\/uploads\/2023\/10\/IMG_20231024_110223-768x663.jpg 768w\" sizes=\"auto, (max-width: 809px) 100vw, 809px\" \/><\/p>\n<p dir=\"ltr\" style=\"text-align: justify;\"><span style=\"font-family: helvetica, arial, sans-serif; font-size: 14pt;\">Para finalizar, Hern\u00e1ndez argument\u00f3 que se est\u00e1n entregando 63 certificados como resultado de formaciones productivas. \u201cEl Inces viene desarrollando actualmente formaciones en ocupaciones productivas, por lo que se tiene el primer punto de inflexi\u00f3n o punto de quiebre, donde est\u00e1\u00a0 la diferencia entre lo que se llamaba antes oficio calificado y lo que se llama actualmente ocupaci\u00f3n productiva laboral. La primera diferencia era que en el oficio calificado se adiestraba al participante para que repitiera un conjunto de procesos y generara un bien y un servicio, pero no pensaba en el proceso social del trabajo que le permit\u00eda generar eso. Actualmente se le est\u00e1 pidiendo al participante que est\u00e1 en formaci\u00f3n, que pueda pensar sobre el hecho productivo y pueda agregar valor a eso, transformando el proceso de formaci\u00f3n\u201d.\u00a0<\/span><\/p>\n<p dir=\"ltr\" style=\"text-align: justify;\"><span style=\"font-family: helvetica, arial, sans-serif; font-size: 14pt;\">Por su parte el personal de Inces recibi\u00f3 por parte de la presidenta del\u00a0 Instituto Nacional de Higiene \u201cRafael Rangel\u201d. unos reconocimientos por el trabajo que realiz\u00f3 el instituto.<\/span><\/p>\n<div class=\"yj6qo\" style=\"text-align: justify;\"><\/div>\n<div class=\"adL\" style=\"text-align: justify;\"><\/div>\n","protected":false},"excerpt":{"rendered":"<p>** La atenci\u00f3n en las entidades de trabajo es fundamental para Venezuela<\/p>\n","protected":false},"author":15,"featured_media":55370,"comment_status":"closed","ping_status":"closed","sticky":false,"template":"","format":"standard","meta":{"footnotes":""},"categories":[2],"tags":[],"class_list":["post-55365","post","type-post","status-publish","format-standard","has-post-thumbnail","hentry","category-blog"],"_links":{"self":[{"href":"https:\/\/inces.gob.ve\/index.php\/wp-json\/wp\/v2\/posts\/55365","targetHints":{"allow":["GET"]}}],"collection":[{"href":"https:\/\/inces.gob.ve\/index.php\/wp-json\/wp\/v2\/posts"}],"about":[{"href":"https:\/\/inces.gob.ve\/index.php\/wp-json\/wp\/v2\/types\/post"}],"author":[{"embeddable":true,"href":"https:\/\/inces.gob.ve\/index.php\/wp-json\/wp\/v2\/users\/15"}],"replies":[{"embeddable":true,"href":"https:\/\/inces.gob.ve\/index.php\/wp-json\/wp\/v2\/comments?post=55365"}],"version-history":[{"count":5,"href":"https:\/\/inces.gob.ve\/index.php\/wp-json\/wp\/v2\/posts\/55365\/revisions"}],"predecessor-version":[{"id":55565,"href":"https:\/\/inces.gob.ve\/index.php\/wp-json\/wp\/v2\/posts\/55365\/revisions\/55565"}],"wp:featuredmedia":[{"embeddable":true,"href":"https:\/\/inces.gob.ve\/index.php\/wp-json\/wp\/v2\/media\/55370"}],"wp:attachment":[{"href":"https:\/\/inces.gob.ve\/index.php\/wp-json\/wp\/v2\/media?parent=55365"}],"wp:term":[{"taxonomy":"category","embeddable":true,"href":"https:\/\/inces.gob.ve\/index.php\/wp-json\/wp\/v2\/categories?post=55365"},{"taxonomy":"post_tag","embeddable":true,"href":"https:\/\/inces.gob.ve\/index.php\/wp-json\/wp\/v2\/tags?post=55365"}],"curies":[{"name":"wp","href":"https:\/\/api.w.org\/{rel}","templated":true}]}}