{"id":55403,"date":"2023-11-01T10:28:56","date_gmt":"2023-11-01T14:28:56","guid":{"rendered":"https:\/\/inces.gob.ve\/?p=55403"},"modified":"2023-11-01T10:28:56","modified_gmt":"2023-11-01T14:28:56","slug":"sucre-inces-cerro-la-unidad-curricular-pasteleria-y-reposteria","status":"publish","type":"post","link":"https:\/\/inces.gob.ve\/index.php\/2023\/11\/01\/sucre-inces-cerro-la-unidad-curricular-pasteleria-y-reposteria\/","title":{"rendered":"SUCRE | Inces cerr\u00f3 la unidad curricular Pasteler\u00eda y Reposter\u00eda"},"content":{"rendered":"<p><em><span style=\"font-family: helvetica, arial, sans-serif; font-size: 14pt;\"><strong>** Hubo m\u00e1s de 50 participantes activos<\/strong><\/span><\/em><!--more--><\/p>\n<p>&nbsp;<\/p>\n<p><span style=\"font-family: helvetica, arial, sans-serif; font-size: 14pt;\"><strong>JAIMELYS CAMPOS<\/strong><\/span><\/p>\n<p><span style=\"font-family: helvetica, arial, sans-serif; font-size: 14pt;\">En las instalaciones del Centro de Formaci\u00f3n Socialista Industria se realiz\u00f3 el cierre de la formaci\u00f3n de pasteler\u00eda y reposter\u00eda, dictada por el facilitador Landy Carvajal.<\/span><\/p>\n<p>&nbsp;<\/p>\n<p><span style=\"font-family: helvetica, arial, sans-serif; font-size: 14pt;\">La unidad curricular tuvo mucho \u00e9xito, con una duraci\u00f3n de 100 horas, contando con una participaci\u00f3n de 56 personas entre j\u00f3venes y adultos, quienes expusieron los saberes adquiridos y su satisfacci\u00f3n antes los logros alcanzados.<\/span><\/p>\n<p>&nbsp;<\/p>\n<p><span style=\"font-family: helvetica, arial, sans-serif; font-size: 14pt;\">Los participantes aprendieron a realizar diferentes tipos de tortas y postres<\/span><span style=\"font-family: helvetica, arial, sans-serif; font-size: 14pt;\">, entre ellos: tortas marmoleadas, torta de auyama, torta Mar\u00eda Luisa, quesillos, tortas de quesillos, galletas, torta negra, tortas de chocolates, entre otras.<\/span><\/p>\n<p>&nbsp;<\/p>\n<p><span style=\"font-family: helvetica, arial, sans-serif; font-size: 14pt;\">\u00a0Claude Ram\u00edrez, uno de los participantes, dijo: \u201cEl Inces ha sido una instituci\u00f3n de excelente calidad, no solamente por el personal profesional que tiene sino tambi\u00e9n por la calidad humana que ha manifestado a trav\u00e9s de los tiempos y prueba eficiente la que tenemos con el profesor Landy, quien durante este mes nos ha dado una excelente participaci\u00f3n y ense\u00f1anza con lo poco o mucho que ten\u00edamos, nos afianz\u00f3 a ese aprendizaje y esto ha sido fruct\u00edfero, provechoso, no solamente para nuestro crecimiento personal sino tambi\u00e9n para exponerlo a manera de emprendimiento.<\/span><\/p>\n","protected":false},"excerpt":{"rendered":"<p>** Hubo m\u00e1s de 50 participantes activos<\/p>\n","protected":false},"author":4,"featured_media":55404,"comment_status":"closed","ping_status":"closed","sticky":false,"template":"","format":"standard","meta":{"footnotes":""},"categories":[2],"tags":[],"class_list":["post-55403","post","type-post","status-publish","format-standard","has-post-thumbnail","hentry","category-blog"],"_links":{"self":[{"href":"https:\/\/inces.gob.ve\/index.php\/wp-json\/wp\/v2\/posts\/55403","targetHints":{"allow":["GET"]}}],"collection":[{"href":"https:\/\/inces.gob.ve\/index.php\/wp-json\/wp\/v2\/posts"}],"about":[{"href":"https:\/\/inces.gob.ve\/index.php\/wp-json\/wp\/v2\/types\/post"}],"author":[{"embeddable":true,"href":"https:\/\/inces.gob.ve\/index.php\/wp-json\/wp\/v2\/users\/4"}],"replies":[{"embeddable":true,"href":"https:\/\/inces.gob.ve\/index.php\/wp-json\/wp\/v2\/comments?post=55403"}],"version-history":[{"count":1,"href":"https:\/\/inces.gob.ve\/index.php\/wp-json\/wp\/v2\/posts\/55403\/revisions"}],"predecessor-version":[{"id":55405,"href":"https:\/\/inces.gob.ve\/index.php\/wp-json\/wp\/v2\/posts\/55403\/revisions\/55405"}],"wp:featuredmedia":[{"embeddable":true,"href":"https:\/\/inces.gob.ve\/index.php\/wp-json\/wp\/v2\/media\/55404"}],"wp:attachment":[{"href":"https:\/\/inces.gob.ve\/index.php\/wp-json\/wp\/v2\/media?parent=55403"}],"wp:term":[{"taxonomy":"category","embeddable":true,"href":"https:\/\/inces.gob.ve\/index.php\/wp-json\/wp\/v2\/categories?post=55403"},{"taxonomy":"post_tag","embeddable":true,"href":"https:\/\/inces.gob.ve\/index.php\/wp-json\/wp\/v2\/tags?post=55403"}],"curies":[{"name":"wp","href":"https:\/\/api.w.org\/{rel}","templated":true}]}}