{"id":55420,"date":"2023-10-28T11:42:08","date_gmt":"2023-10-28T15:42:08","guid":{"rendered":"https:\/\/inces.gob.ve\/?p=55420"},"modified":"2023-11-06T10:47:29","modified_gmt":"2023-11-06T14:47:29","slug":"falcon-aprendices-y-trabajadores-conocieron-sobre-el-dia-naranja","status":"publish","type":"post","link":"https:\/\/inces.gob.ve\/index.php\/2023\/10\/28\/falcon-aprendices-y-trabajadores-conocieron-sobre-el-dia-naranja\/","title":{"rendered":"FALC\u00d3N | Aprendices y trabajadores conocieron sobre el \u201cD\u00eda Naranja\u201d"},"content":{"rendered":"<p style=\"text-align: justify;\" align=\"center\"><em><strong><span style=\"font-family: helvetica, arial, sans-serif; font-size: 14pt;\">**Es una campa\u00f1a para poner fin a la violencia, un d\u00eda para actuar, generar conciencia y prevenir la violencia contra las mujeres y las ni\u00f1as<\/span><\/strong><\/em><!--more--><\/p>\n<p lang=\"es-ES\" style=\"text-align: justify;\">\n<p lang=\"es-ES\" style=\"text-align: justify;\" align=\"justify\"><span style=\"font-family: helvetica, arial, sans-serif; font-size: 14pt;\"><b>MIRIAM GONZ\u00c1LEZ VILLARROEL<\/b><\/span><\/p>\n<p style=\"text-align: justify;\" align=\"justify\"><span style=\"font-family: helvetica, arial, sans-serif; font-size: 14pt;\"><span lang=\"es-ES\">E<\/span><span lang=\"es-ES\">l d\u00eda 25 de cada mes\u00a0<\/span><span lang=\"es-ES\">se conoce como el\u00a0<\/span><span lang=\"es-ES\">\u201cD\u00eda Naranja\u201d,\u00a0<\/span><span lang=\"es-ES\">acci\u00f3n que busca concienciar a la opini\u00f3n\u00a0<\/span><span lang=\"es-ES\">p\u00fablica, a los gobiernos\u00a0<\/span><span lang=\"es-ES\">y a las instituciones,<\/span><span lang=\"es-ES\">\u00a0para emprender acciones concretas con el fin de promover y fomentar la cultura de la no violencia.\u00a0<\/span><span lang=\"es-ES\">En este contexto, en los espacios del centro de formaci\u00f3n socialista \u201cJos\u00e9 Leonardo Chirino\u201d del Instituto Nacional de Capacitaci\u00f3n y Educaci\u00f3n Socialista (Inces) en la ciudad de Santa Ana de Coro, trabajadores del centro y aprendices del Programa Nacional de Aprendizaje (PNA), conocieron sobre este d\u00eda.<\/span><\/span><\/p>\n<p style=\"text-align: justify;\" align=\"justify\">\n<p style=\"text-align: justify;\" align=\"justify\"><span style=\"font-family: helvetica, arial, sans-serif; font-size: 14pt;\">En la charla que estuvo dirigida por Luzmelys Padilla, trabajadora social de la Asociaci\u00f3n Nacional de Consejeros de Protecci\u00f3n (Asonacop) en el estado Falc\u00f3n, se conoci\u00f3 que dentro del 70% de las personas que son v\u00edctimas de trata y abuso sexual, est\u00e1n los ni\u00f1os, ni\u00f1as y adolescentes, una cifra considerable, para tomar las acciones pertinentes para erradicar la violencia.<\/span><\/p>\n<p align=\"justify\">\n<p style=\"text-align: justify;\"><img loading=\"lazy\" decoding=\"async\" class=\"aligncenter wp-image-55421 size-full\" src=\"https:\/\/inces.gob.ve\/wp-content\/uploads\/2023\/11\/VIOLENCIA-5.jpg\" alt=\"\" width=\"800\" height=\"379\" srcset=\"https:\/\/inces.gob.ve\/wp-content\/uploads\/2023\/11\/VIOLENCIA-5.jpg 800w, https:\/\/inces.gob.ve\/wp-content\/uploads\/2023\/11\/VIOLENCIA-5-300x142.jpg 300w, https:\/\/inces.gob.ve\/wp-content\/uploads\/2023\/11\/VIOLENCIA-5-768x364.jpg 768w\" sizes=\"auto, (max-width: 800px) 100vw, 800px\" \/><\/p>\n<p align=\"justify\">\n<p style=\"text-align: justify;\" align=\"justify\"><span style=\"font-size: 14pt; font-family: helvetica, arial, sans-serif;\">Precis\u00f3 Padilla, con estas charlas, damos a conocer, como reconocer, cuando una persona pudiera ser v\u00edctima de trata o de explotaci\u00f3n sexual y los 25 de cada mes, estamos visitando a las instituciones, para llevar el mensaje y as\u00ed evitar o minimizar la violencia psicol\u00f3gica impulsada en las comunidades y en las instituciones.<\/span><\/p>\n<p style=\"text-align: justify;\" align=\"justify\">\n<p style=\"text-align: justify;\" align=\"justify\"><span style=\"font-family: helvetica, arial, sans-serif; font-size: 14pt;\">\u201cEn este tipo de actividades se otorgan las herramientas para determinar todos los tipos de violencia y cuales son de primera l\u00ednea de atenci\u00f3n y es bien importante, que dentro del Inces, que es una instituci\u00f3n que forma a la juventud se informe sobre como prevenir y estar alertas. Estas acciones, tambi\u00e9n deben multiplicarse en las comunidades y dentro de la familia, porque tenemos hijos, sobrinos, primos, hermanos y vecinos\u201d.<\/span><\/p>\n<p style=\"text-align: justify;\">\n<p style=\"text-align: justify;\" align=\"justify\"><span style=\"font-family: helvetica, arial, sans-serif; font-size: 14pt;\"><span lang=\"es-ES\">Inform\u00f3 Padilla, la<\/span><span lang=\"es-ES\">\u00a0campa\u00f1a \u00daNETE\u00a0<\/span><span lang=\"es-ES\">fue creada con la finalidad de\u00a0<\/span><span lang=\"es-ES\">poner fin a la violencia contra las mujeres\u00a0<\/span><span lang=\"es-ES\">por el\u00a0<\/span><span lang=\"es-ES\">Secretario General de las Naciones Unidas, \u201c<\/span><span lang=\"es-ES\">es\u00a0<\/span><span lang=\"es-ES\">un d\u00eda para generar conciencia y prevenir la violencia contra mujeres y ni\u00f1as.\u00a0<\/span><span lang=\"es-ES\">La elecci\u00f3n del\u00a0<\/span><span lang=\"es-ES\">color\u00a0<\/span><span lang=\"es-ES\">naranja responde a que \u00e9ste es un color que representa el futuro brillante y optimista libre de violencia contra las mujeres y ni\u00f1as\u201d.<\/span><\/span><\/p>\n","protected":false},"excerpt":{"rendered":"<p>**Es una campa\u00f1a para poner fin a la violencia, un d\u00eda para actuar, generar conciencia y prevenir la violencia contra las mujeres y las ni\u00f1as<\/p>\n","protected":false},"author":4,"featured_media":55422,"comment_status":"closed","ping_status":"closed","sticky":false,"template":"","format":"standard","meta":{"footnotes":""},"categories":[2],"tags":[],"class_list":["post-55420","post","type-post","status-publish","format-standard","has-post-thumbnail","hentry","category-blog"],"_links":{"self":[{"href":"https:\/\/inces.gob.ve\/index.php\/wp-json\/wp\/v2\/posts\/55420","targetHints":{"allow":["GET"]}}],"collection":[{"href":"https:\/\/inces.gob.ve\/index.php\/wp-json\/wp\/v2\/posts"}],"about":[{"href":"https:\/\/inces.gob.ve\/index.php\/wp-json\/wp\/v2\/types\/post"}],"author":[{"embeddable":true,"href":"https:\/\/inces.gob.ve\/index.php\/wp-json\/wp\/v2\/users\/4"}],"replies":[{"embeddable":true,"href":"https:\/\/inces.gob.ve\/index.php\/wp-json\/wp\/v2\/comments?post=55420"}],"version-history":[{"count":1,"href":"https:\/\/inces.gob.ve\/index.php\/wp-json\/wp\/v2\/posts\/55420\/revisions"}],"predecessor-version":[{"id":55423,"href":"https:\/\/inces.gob.ve\/index.php\/wp-json\/wp\/v2\/posts\/55420\/revisions\/55423"}],"wp:featuredmedia":[{"embeddable":true,"href":"https:\/\/inces.gob.ve\/index.php\/wp-json\/wp\/v2\/media\/55422"}],"wp:attachment":[{"href":"https:\/\/inces.gob.ve\/index.php\/wp-json\/wp\/v2\/media?parent=55420"}],"wp:term":[{"taxonomy":"category","embeddable":true,"href":"https:\/\/inces.gob.ve\/index.php\/wp-json\/wp\/v2\/categories?post=55420"},{"taxonomy":"post_tag","embeddable":true,"href":"https:\/\/inces.gob.ve\/index.php\/wp-json\/wp\/v2\/tags?post=55420"}],"curies":[{"name":"wp","href":"https:\/\/api.w.org\/{rel}","templated":true}]}}