{"id":55444,"date":"2023-11-02T14:02:52","date_gmt":"2023-11-02T18:02:52","guid":{"rendered":"https:\/\/inces.gob.ve\/?p=55444"},"modified":"2023-11-03T08:20:18","modified_gmt":"2023-11-03T12:20:18","slug":"bolivar-promueve-los-cursos-de-redaccion-y-ortografia","status":"publish","type":"post","link":"https:\/\/inces.gob.ve\/index.php\/2023\/11\/02\/bolivar-promueve-los-cursos-de-redaccion-y-ortografia\/","title":{"rendered":"BOL\u00cdVAR | Inces promueve los cursos de Redacci\u00f3n y Ortograf\u00eda"},"content":{"rendered":"<p style=\"text-align: justify;\" align=\"justify\"><em><strong><span style=\"font-family: helvetica, arial, sans-serif; font-size: 14pt;\">**Inces Bol\u00edvar contin\u00faa brindando formaci\u00f3n permanente y de calidad a trav\u00e9s del Departamento de\u00a0<\/span><\/strong><\/em><em><strong><span style=\"font-family: helvetica, arial, sans-serif; font-size: 14pt;\">Adiestramiento de Empresas, donde promueven la formaci\u00f3n de Redacci\u00f3n y Ortograf\u00eda.<\/span><\/strong><\/em><!--more--><\/p>\n<p align=\"justify\">\n<p style=\"text-align: justify;\" align=\"justify\"><span style=\"font-family: helvetica, arial, sans-serif; font-size: 14pt;\">En el marco del plan formativo del Departamento de Adiestramiento de Empresas del Inces Bol\u00edvar, el pasado Jueves 26 y Viernes 27 de octubre, se ejecut\u00f3 la acci\u00f3n formativa: Redacci\u00f3n y Ortograf\u00eda, dictado por el Maestro T\u00e9cnico Productivo (MTP), Dhayann Jos\u00e9 Romero.<\/span><\/p>\n<p align=\"justify\"><img loading=\"lazy\" decoding=\"async\" class=\"alignnone size-medium wp-image-55447\" src=\"https:\/\/inces.gob.ve\/wp-content\/uploads\/2023\/11\/adiestramientodeempresasinces-3-e1698948108759-300x195.jpeg\" alt=\"\" width=\"300\" height=\"195\" srcset=\"https:\/\/inces.gob.ve\/wp-content\/uploads\/2023\/11\/adiestramientodeempresasinces-3-e1698948108759-300x195.jpeg 300w, https:\/\/inces.gob.ve\/wp-content\/uploads\/2023\/11\/adiestramientodeempresasinces-3-e1698948108759-768x499.jpeg 768w, https:\/\/inces.gob.ve\/wp-content\/uploads\/2023\/11\/adiestramientodeempresasinces-3-e1698948108759.jpeg 800w\" sizes=\"auto, (max-width: 300px) 100vw, 300px\" \/><\/p>\n<p style=\"text-align: justify;\" align=\"justify\"><span style=\"font-family: helvetica, arial, sans-serif; font-size: 14pt;\">Se trata de una formaci\u00f3n esencial para la formaci\u00f3n T\u00e9cnica Profesional, con una duraci\u00f3n de 40 horas Acad\u00e9micas. La jefa del Programa de Adiestramiento de empresa del Inces Bol\u00edvar, Iris Campero, enfatiz\u00f3 que ha sido una formaci\u00f3n con una gran demanda.<\/span><\/p>\n<p style=\"text-align: justify;\" align=\"justify\"><span style=\"font-family: helvetica, arial, sans-serif; font-size: 14pt;\">\u201cEn este a\u00f1o 2024, formamos 1200 Participantes, de las Entidades de trabajo; Ministerio del Petr\u00f3leo, Hidrobol\u00edvar, Mercal, Miniturven, Movimiento Parto Humanizado, Polic\u00eda Nacional Bolivariana, Centro Ambulatorio Dr. Vinicio Grillet y la Corporaci\u00f3n Venezolana de Guayana (CVG)\u201d.<\/span><\/p>\n<p style=\"text-align: justify;\" align=\"justify\"><span style=\"font-family: helvetica, arial, sans-serif; font-size: 14pt;\">Campero, destac\u00f3 que la capacitaci\u00f3n, tiene varios m\u00f3dulos donde se estudia el uso correcto de los signos de puntuaci\u00f3n, as\u00ed como la manera de comunicar con contenido creativo. Por su parte Romero, con una trayectoria de cinco a\u00f1os de servicios en la Instituci\u00f3n, expres\u00f3 que \u201cla satisfacci\u00f3n es enorme porque las grandes oportunidades de la vida son de las personas que logran tener habilidades comunicativas tanto en lo escrito como en lo oral\u201d.<\/span><\/p>\n<p align=\"justify\"><img loading=\"lazy\" decoding=\"async\" class=\"aligncenter wp-image-55445 size-full\" src=\"https:\/\/inces.gob.ve\/wp-content\/uploads\/2023\/11\/adiestramientodeempresasinces-1-e1698948127414.jpeg\" alt=\"\" width=\"800\" height=\"505\" srcset=\"https:\/\/inces.gob.ve\/wp-content\/uploads\/2023\/11\/adiestramientodeempresasinces-1-e1698948127414.jpeg 800w, https:\/\/inces.gob.ve\/wp-content\/uploads\/2023\/11\/adiestramientodeempresasinces-1-e1698948127414-300x189.jpeg 300w, https:\/\/inces.gob.ve\/wp-content\/uploads\/2023\/11\/adiestramientodeempresasinces-1-e1698948127414-768x485.jpeg 768w\" sizes=\"auto, (max-width: 800px) 100vw, 800px\" \/><\/p>\n<p style=\"text-align: justify;\" align=\"justify\"><span style=\"font-family: helvetica, arial, sans-serif; font-size: 14pt;\">Inclusive Romero anunci\u00f3: \u201cSe percibe en los participantes qu\u00e9 no eran conscientes de todo lo que implica el idioma, y al empezarlo a conocer se van entusiasmando y nace un inter\u00e9s creciente por mejorar su ortograf\u00eda y su redacci\u00f3n\u201d. Y por otra parte \u201cel conocimiento que no se difunde se pierde\u201d.<\/span><\/p>\n<p style=\"text-align: justify;\" align=\"justify\"><span style=\"font-family: helvetica, arial, sans-serif; font-size: 14pt;\">Por tal motivo El Inces Bol\u00edvar sigue haciendo esfuerzos en materia de formaci\u00f3n en los trabajadores y la comunidad en el Estado Bol\u00edvar. Del mismo modo, el Inces se mantiene desplegado en las comunidades, como recurso final haciendo impulsar el desarrollo del pa\u00eds.<\/span><\/p>\n","protected":false},"excerpt":{"rendered":"<p>**Inces Bol\u00edvar contin\u00faa brindando formaci\u00f3n permanente y de calidad a trav\u00e9s del Departamento de\u00a0Adiestramiento de Empresas, donde promueven la formaci\u00f3n de Redacci\u00f3n y Ortograf\u00eda.<\/p>\n","protected":false},"author":15,"featured_media":55446,"comment_status":"closed","ping_status":"closed","sticky":false,"template":"","format":"standard","meta":{"footnotes":""},"categories":[2],"tags":[],"class_list":["post-55444","post","type-post","status-publish","format-standard","has-post-thumbnail","hentry","category-blog"],"_links":{"self":[{"href":"https:\/\/inces.gob.ve\/index.php\/wp-json\/wp\/v2\/posts\/55444","targetHints":{"allow":["GET"]}}],"collection":[{"href":"https:\/\/inces.gob.ve\/index.php\/wp-json\/wp\/v2\/posts"}],"about":[{"href":"https:\/\/inces.gob.ve\/index.php\/wp-json\/wp\/v2\/types\/post"}],"author":[{"embeddable":true,"href":"https:\/\/inces.gob.ve\/index.php\/wp-json\/wp\/v2\/users\/15"}],"replies":[{"embeddable":true,"href":"https:\/\/inces.gob.ve\/index.php\/wp-json\/wp\/v2\/comments?post=55444"}],"version-history":[{"count":3,"href":"https:\/\/inces.gob.ve\/index.php\/wp-json\/wp\/v2\/posts\/55444\/revisions"}],"predecessor-version":[{"id":55450,"href":"https:\/\/inces.gob.ve\/index.php\/wp-json\/wp\/v2\/posts\/55444\/revisions\/55450"}],"wp:featuredmedia":[{"embeddable":true,"href":"https:\/\/inces.gob.ve\/index.php\/wp-json\/wp\/v2\/media\/55446"}],"wp:attachment":[{"href":"https:\/\/inces.gob.ve\/index.php\/wp-json\/wp\/v2\/media?parent=55444"}],"wp:term":[{"taxonomy":"category","embeddable":true,"href":"https:\/\/inces.gob.ve\/index.php\/wp-json\/wp\/v2\/categories?post=55444"},{"taxonomy":"post_tag","embeddable":true,"href":"https:\/\/inces.gob.ve\/index.php\/wp-json\/wp\/v2\/tags?post=55444"}],"curies":[{"name":"wp","href":"https:\/\/api.w.org\/{rel}","templated":true}]}}