{"id":55451,"date":"2023-11-03T09:19:16","date_gmt":"2023-11-03T13:19:16","guid":{"rendered":"https:\/\/inces.gob.ve\/?p=55451"},"modified":"2023-11-03T09:20:49","modified_gmt":"2023-11-03T13:20:49","slug":"promocion-gran-mariscal-de-ayacucho-del-programa-de-bachillerato-productivo-recibe-sus-titulos","status":"publish","type":"post","link":"https:\/\/inces.gob.ve\/index.php\/2023\/11\/03\/promocion-gran-mariscal-de-ayacucho-del-programa-de-bachillerato-productivo-recibe-sus-titulos\/","title":{"rendered":"Promoci\u00f3n \u201cGran Mariscal de Ayacucho\u201d del programa de Bachillerato Productivo recibe sus t\u00edtulos"},"content":{"rendered":"<p style=\"text-align: justify;\"><em><span style=\"font-family: helvetica, arial, sans-serif; font-size: 14pt;\"><b>Quito, 01 de noviembre de 2023.-<\/b> <\/span><\/em><!--more--><\/p>\n<p>&nbsp;<\/p>\n<p><span style=\"font-size: 10pt;\">FUENTE: CONSULADO DE VENEZUELA EN ECUADOR<\/span><\/p>\n<p style=\"text-align: justify;\"><span style=\"font-family: helvetica, arial, sans-serif; font-size: 14pt;\"><span style=\"font-weight: 400;\">Con la presencia del Presidente del <\/span><span style=\"font-weight: 400;\">Instituto Nacional de Capacitaci\u00f3n y Educaci\u00f3n Socialista (INCES) Wuikelman Angel<\/span><span style=\"font-weight: 400;\">,<\/span><span style=\"font-weight: 400;\"> y de la Directora General de Educaci\u00f3n de J\u00f3venes Adultos y Adultas del Ministerio del Poder Popular para la Educaci\u00f3n de Venezuela, la segunda promoci\u00f3n de Bachillerato Productivo, \u201cGran Mariscal de Ayacucho Antonio Jos\u00e9 de Sucre\u201d se graduar\u00e1 este pr\u00f3ximo 03 de noviembre de 2023, en Quito-Ecuador.\u00a0<\/span><\/span><\/p>\n<p style=\"text-align: justify;\"><span style=\"font-weight: 400; font-family: helvetica, arial, sans-serif; font-size: 14pt;\">\u201cEl Bachillerato Productivo, es un programa educativo donde el estudiante adem\u00e1s de obtener su t\u00edtulo de bachiller avalado por el Ministerio del Poder Popular para la Educaci\u00f3n, logra la certificaci\u00f3n de poseer los conocimientos t\u00e9cnicos y profesionales a trav\u00e9s de cursos, talleres y seminarios que facilita el INCES, con el objetivo de desarrollar en cada joven un perfil productivo que le permita tener las capacidades, competencias y habilidades para proponer, crear, realizar y\/o ejecutar emprendimientos por y para el trabajo; en aras de su crecimiento personal, profesional, colectivo y comunitario en las diferentes \u00e1reas. \u201c(INCES)<\/span><\/p>\n<p><img loading=\"lazy\" decoding=\"async\" class=\"aligncenter wp-image-55454 size-large\" src=\"https:\/\/inces.gob.ve\/wp-content\/uploads\/2023\/11\/WhatsApp-Image-2023-11-03-at-8.53.00-AM-1-768x1024.jpeg\" alt=\"\" width=\"640\" height=\"853\" srcset=\"https:\/\/inces.gob.ve\/wp-content\/uploads\/2023\/11\/WhatsApp-Image-2023-11-03-at-8.53.00-AM-1-768x1024.jpeg 768w, https:\/\/inces.gob.ve\/wp-content\/uploads\/2023\/11\/WhatsApp-Image-2023-11-03-at-8.53.00-AM-1-225x300.jpeg 225w, https:\/\/inces.gob.ve\/wp-content\/uploads\/2023\/11\/WhatsApp-Image-2023-11-03-at-8.53.00-AM-1-1152x1536.jpeg 1152w, https:\/\/inces.gob.ve\/wp-content\/uploads\/2023\/11\/WhatsApp-Image-2023-11-03-at-8.53.00-AM-1.jpeg 1200w\" sizes=\"auto, (max-width: 640px) 100vw, 640px\" \/><\/p>\n<p>&nbsp;<\/p>\n<p style=\"text-align: justify;\"><span style=\"font-weight: 400; font-family: helvetica, arial, sans-serif; font-size: 14pt;\">El Gobierno Bolivariano de Venezuela a trav\u00e9s del Ministerio del Poder Popular para la Educaci\u00f3n y el Instituto Nacional de Capacitaci\u00f3n y Educaci\u00f3n Socialista (INCES), cumpliendo con su pol\u00edtica de Estado, permite que los ciudadanos venezolanos que salieron de Venezuela y no culminaron sus estudios de bachillerato, lo puedan realizar de forma virtual.\u00a0<\/span><\/p>\n<p style=\"text-align: justify;\"><span style=\"font-weight: 400; font-family: helvetica, arial, sans-serif; font-size: 14pt;\">La implementaci\u00f3n de las pol\u00edticas de Estado del Presidente Nicol\u00e1s Maduro, permiten que hoy en el Ecuador se grad\u00faen 27 estudiantes pertenecientes a la segunda promoci\u00f3n de Bachillerato Productivo, las gestiones fueron realizadas por el C\u00f3nsul Jefe de Misi\u00f3n Pedro Sassone del Consulado de la Rep\u00fablica Bolivariana de Venezuela en la Rep\u00fablica de Ecuador, a trav\u00e9s del \u00e1rea de Gesti\u00f3n Social Coordinada por la C\u00f3nsul Ratmi Machado, y el acompa\u00f1amiento de la oficina de la UNESCO en Quito, quienes han incentivado a los j\u00f3venes que no hab\u00edan concluido sus estudios para que formen parte de los programas de formaci\u00f3n para el trabajo.\u00a0<\/span><\/p>\n<p style=\"text-align: justify;\"><span style=\"font-weight: 400; font-family: helvetica, arial, sans-serif; font-size: 14pt;\">El C\u00f3nsul Pedro Sassone, ha manifestado su satisfacci\u00f3n que los j\u00f3venes accedan a su t\u00edtulo de bachillerato y, sobre todo, el orgullo de que esta promoci\u00f3n lleve el nombre del Gran Mariscal de Ayacucho Antonio Jos\u00e9 de Sucre, Libertador del Ecuador y triunfador de Ayacucho, debido a su trayectoria de lucha, patriotismo y hero\u00edsmo es un ejemplo para el pueblo venezolano, as\u00ed como nuestro Libertador Sim\u00f3n Bol\u00edvar.<\/span><\/p>\n<p style=\"text-align: justify;\"><span style=\"font-weight: 400; font-family: helvetica, arial, sans-serif; font-size: 14pt;\">rsch\/<\/span><\/p>\n","protected":false},"excerpt":{"rendered":"<p>Quito, 01 de noviembre de 2023.-<\/p>\n","protected":false},"author":4,"featured_media":55453,"comment_status":"closed","ping_status":"closed","sticky":false,"template":"","format":"standard","meta":{"footnotes":""},"categories":[2],"tags":[],"class_list":["post-55451","post","type-post","status-publish","format-standard","has-post-thumbnail","hentry","category-blog"],"_links":{"self":[{"href":"https:\/\/inces.gob.ve\/index.php\/wp-json\/wp\/v2\/posts\/55451","targetHints":{"allow":["GET"]}}],"collection":[{"href":"https:\/\/inces.gob.ve\/index.php\/wp-json\/wp\/v2\/posts"}],"about":[{"href":"https:\/\/inces.gob.ve\/index.php\/wp-json\/wp\/v2\/types\/post"}],"author":[{"embeddable":true,"href":"https:\/\/inces.gob.ve\/index.php\/wp-json\/wp\/v2\/users\/4"}],"replies":[{"embeddable":true,"href":"https:\/\/inces.gob.ve\/index.php\/wp-json\/wp\/v2\/comments?post=55451"}],"version-history":[{"count":3,"href":"https:\/\/inces.gob.ve\/index.php\/wp-json\/wp\/v2\/posts\/55451\/revisions"}],"predecessor-version":[{"id":55457,"href":"https:\/\/inces.gob.ve\/index.php\/wp-json\/wp\/v2\/posts\/55451\/revisions\/55457"}],"wp:featuredmedia":[{"embeddable":true,"href":"https:\/\/inces.gob.ve\/index.php\/wp-json\/wp\/v2\/media\/55453"}],"wp:attachment":[{"href":"https:\/\/inces.gob.ve\/index.php\/wp-json\/wp\/v2\/media?parent=55451"}],"wp:term":[{"taxonomy":"category","embeddable":true,"href":"https:\/\/inces.gob.ve\/index.php\/wp-json\/wp\/v2\/categories?post=55451"},{"taxonomy":"post_tag","embeddable":true,"href":"https:\/\/inces.gob.ve\/index.php\/wp-json\/wp\/v2\/tags?post=55451"}],"curies":[{"name":"wp","href":"https:\/\/api.w.org\/{rel}","templated":true}]}}