{"id":55462,"date":"2023-11-03T16:06:19","date_gmt":"2023-11-03T20:06:19","guid":{"rendered":"https:\/\/inces.gob.ve\/?p=55462"},"modified":"2023-11-06T11:09:00","modified_gmt":"2023-11-06T15:09:00","slug":"inces-fortalece-su-caracter-internacionalista-al-entregar-titulos-de-bachiller-en-ecuador","status":"publish","type":"post","link":"https:\/\/inces.gob.ve\/index.php\/2023\/11\/03\/inces-fortalece-su-caracter-internacionalista-al-entregar-titulos-de-bachiller-en-ecuador\/","title":{"rendered":"Inces fortalece su car\u00e1cter internacionalista al entregar t\u00edtulos de bachiller en Ecuador"},"content":{"rendered":"<p><span style=\"font-family: helvetica, arial, sans-serif; font-size: 14pt;\"><b><i>Esta iniciativa demuestra la capacidad del Inces para atender a los compatriotas en el extranjero y potenciar sus habilidades, facilitando su inserci\u00f3n laboral<\/i><\/b><!--more--><\/span><\/p>\n<p><span style=\"font-family: helvetica, arial, sans-serif; font-size: 14pt;\">Esta iniciativa demuestra la capacidad del Inces para atender a los compatriotas en el extranjero y potenciar sus habilidades, facilitando su inserci\u00f3n laboral El Instituto Nacional de Capacitaci\u00f3n y Educaci\u00f3n Socialista (Inces), en alianza con el consulado venezolano de Quito, en Ecuador, brind\u00f3 formaci\u00f3n t\u00e9cnica en l\u00ednea a un grupo de 26 migrantes venezolanos, permiti\u00e9ndoles obtener un t\u00edtulo de bachiller con perfil productivo.<\/span><\/p>\n<p><img loading=\"lazy\" decoding=\"async\" class=\"aligncenter wp-image-55503 size-full\" src=\"https:\/\/inces.gob.ve\/wp-content\/uploads\/2023\/11\/WhatsApp-Image-2023-11-03-at-2.16.08-PM-e1699283140892.jpeg\" alt=\"\" width=\"800\" height=\"600\" srcset=\"https:\/\/inces.gob.ve\/wp-content\/uploads\/2023\/11\/WhatsApp-Image-2023-11-03-at-2.16.08-PM-e1699283140892.jpeg 800w, https:\/\/inces.gob.ve\/wp-content\/uploads\/2023\/11\/WhatsApp-Image-2023-11-03-at-2.16.08-PM-e1699283140892-300x225.jpeg 300w, https:\/\/inces.gob.ve\/wp-content\/uploads\/2023\/11\/WhatsApp-Image-2023-11-03-at-2.16.08-PM-e1699283140892-768x576.jpeg 768w, https:\/\/inces.gob.ve\/wp-content\/uploads\/2023\/11\/WhatsApp-Image-2023-11-03-at-2.16.08-PM-e1699283140892-136x102.jpeg 136w\" sizes=\"auto, (max-width: 800px) 100vw, 800px\" \/><\/p>\n<p>&nbsp;<\/p>\n<p><span style=\"font-family: helvetica, arial, sans-serif; font-size: 14pt;\">En un sentido acto celebrado este viernes 3 de noviembre, el Inces dio cierre a un ciclo de formaci\u00f3n para quienes completaron sus estudios en el programa de Educaci\u00f3n Media General con perfil productivo.<\/span><\/p>\n<p>&nbsp;<\/p>\n<p><span style=\"font-family: helvetica, arial, sans-serif; font-size: 14pt;\">Estuvieron presentes en el acto el presidente del Inces, Wuikelman Angel; el c\u00f3nsul jefe de Misi\u00f3n, Pedro Sazzone; director de la oficina de la Unesco en Quito, Julio Carranza y la directora general de Educaci\u00f3n de J\u00f3venes, Adultos y Adultas del Ministerio de Educaci\u00f3n, Belkis S\u00e1nchez.<\/span><\/p>\n<p><img loading=\"lazy\" decoding=\"async\" class=\"aligncenter wp-image-55501 \" src=\"https:\/\/inces.gob.ve\/wp-content\/uploads\/2023\/11\/WhatsApp-Image-2023-11-03-at-2.16.06-PM-1-e1699283180764.jpeg\" alt=\"\" width=\"626\" height=\"835\" srcset=\"https:\/\/inces.gob.ve\/wp-content\/uploads\/2023\/11\/WhatsApp-Image-2023-11-03-at-2.16.06-PM-1-e1699283180764.jpeg 800w, https:\/\/inces.gob.ve\/wp-content\/uploads\/2023\/11\/WhatsApp-Image-2023-11-03-at-2.16.06-PM-1-e1699283180764-225x300.jpeg 225w, https:\/\/inces.gob.ve\/wp-content\/uploads\/2023\/11\/WhatsApp-Image-2023-11-03-at-2.16.06-PM-1-e1699283180764-768x1024.jpeg 768w\" sizes=\"auto, (max-width: 626px) 100vw, 626px\" \/><\/p>\n<p>&nbsp;<\/p>\n<p><span style=\"font-family: helvetica, arial, sans-serif; font-size: 14pt;\">A juicio del c\u00f3nsul de Venezuela en Quito, Pedro Sazzone, la presencia de las autoridades venezolanas en el acto de graduaci\u00f3n es sin\u00f3nimo de compromiso, seriedad, veracidad y garant\u00eda del proyecto. \u201cGracias a Wuikelman Angel, presidente del Inces y a Belkis S\u00e1nchez, directora general de Educaci\u00f3n para Adultos y Adultas del Ministerio de Educaci\u00f3n, cuya presencia refrenda este programa\u201d.<\/span><\/p>\n<p>&nbsp;<\/p>\n<p><span style=\"font-family: helvetica, arial, sans-serif; font-size: 14pt;\">El presidente del Inces, Wuikelman Angel, en su discurso durante el acto de entrega de t\u00edtulos, enfatiz\u00f3 la importancia de la internacionalizaci\u00f3n de la instituci\u00f3n y la mejora de las cualificaciones de los compatriotas venezolanos en el extranjero. Destac\u00f3 que gracias a las nuevas tecnolog\u00edas, el Inces puede brindar formaci\u00f3n y empoderar a los venezolanos, permiti\u00e9ndoles acceder a mejores oportunidades laborales contribuyendo a su desarrollo personal y profesional.<\/span><\/p>\n<p><img loading=\"lazy\" decoding=\"async\" class=\"aligncenter wp-image-55502 size-full\" src=\"https:\/\/inces.gob.ve\/wp-content\/uploads\/2023\/11\/WhatsApp-Image-2023-11-03-at-2.16.07-PM-e1699283210149.jpeg\" alt=\"\" width=\"800\" height=\"450\" srcset=\"https:\/\/inces.gob.ve\/wp-content\/uploads\/2023\/11\/WhatsApp-Image-2023-11-03-at-2.16.07-PM-e1699283210149.jpeg 800w, https:\/\/inces.gob.ve\/wp-content\/uploads\/2023\/11\/WhatsApp-Image-2023-11-03-at-2.16.07-PM-e1699283210149-300x169.jpeg 300w, https:\/\/inces.gob.ve\/wp-content\/uploads\/2023\/11\/WhatsApp-Image-2023-11-03-at-2.16.07-PM-e1699283210149-768x432.jpeg 768w\" sizes=\"auto, (max-width: 800px) 100vw, 800px\" \/><\/p>\n<p>&nbsp;<\/p>\n<p><span style=\"font-family: helvetica, arial, sans-serif; font-size: 14pt;\">\u201cLa labor del Inces en Ecuador es un ejemplo replicable de su compromiso con la formaci\u00f3n y el empoderamiento de los venezolanos m\u00e1s all\u00e1 de las fronteras\u201d enfatiz\u00f3 Angel.<\/span><\/p>\n<p>&nbsp;<\/p>\n<p><span style=\"font-family: helvetica, arial, sans-serif; font-size: 14pt;\">El programa de Educaci\u00f3n Media General, desarrollado por el Inces, tiene como objetivo brindar oportunidades educativas a j\u00f3venes mayores de 15 a\u00f1os y adultos que, por diversas razones, abandonaron el sistema educativo regular. Los estudiantes tienen la posibilidad de completar este ciclo en un per\u00edodo de tres a\u00f1os o menos, obteniendo un perfil productivo. El t\u00edtulo de Bachiller es otorgado por el Ministerio de Educaci\u00f3n, mientras que el Inces entrega un certificado de formaci\u00f3n productiva correspondiente a la especialidad escogida.<\/span><\/p>\n<p>&nbsp;<\/p>\n<p><span style=\"font-family: helvetica, arial, sans-serif; font-size: 14pt;\">El Instituto contin\u00faa honrando la memoria del Gran Mariscal Antonio Jos\u00e9 de Sucre, quien fue un destacado l\u00edder internacionalista y luch\u00f3 por la independencia de los pa\u00edses de Am\u00e9rica Latina. El Inces, inspirado en este legado, se consolida como una herramienta de superaci\u00f3n y empoderamiento para el pueblo venezolano, tanto en el territorio nacional como en el \u00e1mbito internacional.<\/span><\/p>\n","protected":false},"excerpt":{"rendered":"<p>Esta iniciativa demuestra la capacidad del Inces para atender a los compatriotas en el extranjero y potenciar sus habilidades, facilitando su inserci\u00f3n laboral<\/p>\n","protected":false},"author":4,"featured_media":55463,"comment_status":"closed","ping_status":"closed","sticky":false,"template":"","format":"standard","meta":{"footnotes":""},"categories":[2],"tags":[],"class_list":["post-55462","post","type-post","status-publish","format-standard","has-post-thumbnail","hentry","category-blog"],"_links":{"self":[{"href":"https:\/\/inces.gob.ve\/index.php\/wp-json\/wp\/v2\/posts\/55462","targetHints":{"allow":["GET"]}}],"collection":[{"href":"https:\/\/inces.gob.ve\/index.php\/wp-json\/wp\/v2\/posts"}],"about":[{"href":"https:\/\/inces.gob.ve\/index.php\/wp-json\/wp\/v2\/types\/post"}],"author":[{"embeddable":true,"href":"https:\/\/inces.gob.ve\/index.php\/wp-json\/wp\/v2\/users\/4"}],"replies":[{"embeddable":true,"href":"https:\/\/inces.gob.ve\/index.php\/wp-json\/wp\/v2\/comments?post=55462"}],"version-history":[{"count":6,"href":"https:\/\/inces.gob.ve\/index.php\/wp-json\/wp\/v2\/posts\/55462\/revisions"}],"predecessor-version":[{"id":55505,"href":"https:\/\/inces.gob.ve\/index.php\/wp-json\/wp\/v2\/posts\/55462\/revisions\/55505"}],"wp:featuredmedia":[{"embeddable":true,"href":"https:\/\/inces.gob.ve\/index.php\/wp-json\/wp\/v2\/media\/55463"}],"wp:attachment":[{"href":"https:\/\/inces.gob.ve\/index.php\/wp-json\/wp\/v2\/media?parent=55462"}],"wp:term":[{"taxonomy":"category","embeddable":true,"href":"https:\/\/inces.gob.ve\/index.php\/wp-json\/wp\/v2\/categories?post=55462"},{"taxonomy":"post_tag","embeddable":true,"href":"https:\/\/inces.gob.ve\/index.php\/wp-json\/wp\/v2\/tags?post=55462"}],"curies":[{"name":"wp","href":"https:\/\/api.w.org\/{rel}","templated":true}]}}