{"id":55465,"date":"2023-11-03T14:12:33","date_gmt":"2023-11-03T18:12:33","guid":{"rendered":"https:\/\/inces.gob.ve\/?p=55465"},"modified":"2023-11-03T14:14:50","modified_gmt":"2023-11-03T18:14:50","slug":"merida-con-aguinaldos-y-villancicos-llego-la-navidad-al-inces-merida","status":"publish","type":"post","link":"https:\/\/inces.gob.ve\/index.php\/2023\/11\/03\/merida-con-aguinaldos-y-villancicos-llego-la-navidad-al-inces-merida\/","title":{"rendered":"M\u00c9RIDA | Con aguinaldos y villancicos lleg\u00f3 la Navidad al  Inces-M\u00e9rida"},"content":{"rendered":"<p style=\"text-align: justify;\"><strong><span style=\"font-family: helvetica, arial, sans-serif; font-size: 14pt;\"><em>** Con la llegada de la \u00e9poca decembrina, tambi\u00e9n se llenan los espacios de los Centros de Formaci\u00f3n Socialista (CFS) de colorido, \u00a0serpentinas, cantos y mucha alegr\u00eda para la familia del Inces M\u00e9rida<\/em><\/span><\/strong><br \/>\n<!--more--><\/p>\n<p style=\"text-align: justify;\"><span style=\"font-family: helvetica, arial, sans-serif; font-size: 14pt;\"><em>\u00a0<\/em><\/span><\/p>\n<p style=\"text-align: justify;\"><span style=\"font-family: helvetica, arial, sans-serif; font-size: 14pt;\">NADIA LOBO<\/span><\/p>\n<p style=\"text-align: justify;\"><span style=\"font-family: helvetica, arial, sans-serif; font-size: 14pt;\">Desde el pasado 1 de noviembre se impregn\u00f3 de regocijo navide\u00f1o cada uno de los espacios de formaci\u00f3n adscritos al Inces M\u00e9rida, as\u00ed lo inform\u00f3 su gerente regional, Geldrit Roca, quien adem\u00e1s, destac\u00f3 la alegr\u00eda que esta temporada trae a los trabajadores de esta instituci\u00f3n educativa.<\/span><\/p>\n<p style=\"text-align: justify;\"><img loading=\"lazy\" decoding=\"async\" class=\"aligncenter wp-image-55466 size-full\" src=\"https:\/\/inces.gob.ve\/wp-content\/uploads\/2023\/11\/navidad-2-e1699035056207.jpg\" alt=\"\" width=\"800\" height=\"600\" srcset=\"https:\/\/inces.gob.ve\/wp-content\/uploads\/2023\/11\/navidad-2-e1699035056207.jpg 800w, https:\/\/inces.gob.ve\/wp-content\/uploads\/2023\/11\/navidad-2-e1699035056207-300x225.jpg 300w, https:\/\/inces.gob.ve\/wp-content\/uploads\/2023\/11\/navidad-2-e1699035056207-768x576.jpg 768w, https:\/\/inces.gob.ve\/wp-content\/uploads\/2023\/11\/navidad-2-e1699035056207-136x102.jpg 136w\" sizes=\"auto, (max-width: 800px) 100vw, 800px\" \/><\/p>\n<p style=\"text-align: justify;\"><span style=\"font-family: helvetica, arial, sans-serif; font-size: 14pt;\">Destac\u00f3 que en cada uno de los cinco Centros de Formaci\u00f3n Socialista (CFS) con los que cuenta el Inces-M\u00e9rida iniciaron desde muy temprano la decoraci\u00f3n de sus aulas, talleres y espacios comunes, como parte de la tradici\u00f3n para esta temporada del a\u00f1o.<\/span><\/p>\n<p style=\"text-align: justify;\"><img loading=\"lazy\" decoding=\"async\" class=\"aligncenter wp-image-55469 size-full\" src=\"https:\/\/inces.gob.ve\/wp-content\/uploads\/2023\/11\/navidad-6-e1699035080874.jpg\" alt=\"\" width=\"800\" height=\"600\" srcset=\"https:\/\/inces.gob.ve\/wp-content\/uploads\/2023\/11\/navidad-6-e1699035080874.jpg 800w, https:\/\/inces.gob.ve\/wp-content\/uploads\/2023\/11\/navidad-6-e1699035080874-300x225.jpg 300w, https:\/\/inces.gob.ve\/wp-content\/uploads\/2023\/11\/navidad-6-e1699035080874-768x576.jpg 768w, https:\/\/inces.gob.ve\/wp-content\/uploads\/2023\/11\/navidad-6-e1699035080874-136x102.jpg 136w\" sizes=\"auto, (max-width: 800px) 100vw, 800px\" \/><\/p>\n<p style=\"text-align: justify;\"><span style=\"font-family: helvetica, arial, sans-serif; font-size: 14pt;\">La participaci\u00f3n\u00a0 de la Coral del Inces-M\u00e9rida, tambi\u00e9n estuvo presente, ofreciendo un peque\u00f1o repertorio de villancicos, aguinaldo y gaitas que compartieron con los trabajadores, maestros t\u00e9cnicos productivos (MTP), aprendices y participantes de las distintas formaciones.<\/span><\/p>\n<p style=\"text-align: justify;\"><img loading=\"lazy\" decoding=\"async\" class=\"aligncenter wp-image-55467 size-full\" src=\"https:\/\/inces.gob.ve\/wp-content\/uploads\/2023\/11\/navidad-4-e1699035098260.jpg\" alt=\"\" width=\"800\" height=\"602\" srcset=\"https:\/\/inces.gob.ve\/wp-content\/uploads\/2023\/11\/navidad-4-e1699035098260.jpg 800w, https:\/\/inces.gob.ve\/wp-content\/uploads\/2023\/11\/navidad-4-e1699035098260-300x226.jpg 300w, https:\/\/inces.gob.ve\/wp-content\/uploads\/2023\/11\/navidad-4-e1699035098260-768x578.jpg 768w, https:\/\/inces.gob.ve\/wp-content\/uploads\/2023\/11\/navidad-4-e1699035098260-136x102.jpg 136w\" sizes=\"auto, (max-width: 800px) 100vw, 800px\" \/><\/p>\n<p style=\"text-align: justify;\"><span style=\"font-family: helvetica, arial, sans-serif; font-size: 14pt;\">La actividad estuvo cargada de alegr\u00eda, para dar inicio de manera oficial a la Navidad, como la \u00e9poca m\u00e1s linda del a\u00f1o, pues se busca impulsar la reconciliaci\u00f3n, la paz, la armon\u00eda, la hermandad y la concordia entre todos los venezolanos.<\/span><\/p>\n","protected":false},"excerpt":{"rendered":"<p>** Con la llegada de la \u00e9poca decembrina, tambi\u00e9n se llenan los espacios de los Centros de Formaci\u00f3n Socialista (CFS) de colorido, \u00a0serpentinas, cantos y mucha alegr\u00eda para la familia del Inces M\u00e9rida<\/p>\n","protected":false},"author":15,"featured_media":55468,"comment_status":"closed","ping_status":"closed","sticky":false,"template":"","format":"standard","meta":{"footnotes":""},"categories":[2],"tags":[],"class_list":["post-55465","post","type-post","status-publish","format-standard","has-post-thumbnail","hentry","category-blog"],"_links":{"self":[{"href":"https:\/\/inces.gob.ve\/index.php\/wp-json\/wp\/v2\/posts\/55465","targetHints":{"allow":["GET"]}}],"collection":[{"href":"https:\/\/inces.gob.ve\/index.php\/wp-json\/wp\/v2\/posts"}],"about":[{"href":"https:\/\/inces.gob.ve\/index.php\/wp-json\/wp\/v2\/types\/post"}],"author":[{"embeddable":true,"href":"https:\/\/inces.gob.ve\/index.php\/wp-json\/wp\/v2\/users\/15"}],"replies":[{"embeddable":true,"href":"https:\/\/inces.gob.ve\/index.php\/wp-json\/wp\/v2\/comments?post=55465"}],"version-history":[{"count":1,"href":"https:\/\/inces.gob.ve\/index.php\/wp-json\/wp\/v2\/posts\/55465\/revisions"}],"predecessor-version":[{"id":55470,"href":"https:\/\/inces.gob.ve\/index.php\/wp-json\/wp\/v2\/posts\/55465\/revisions\/55470"}],"wp:featuredmedia":[{"embeddable":true,"href":"https:\/\/inces.gob.ve\/index.php\/wp-json\/wp\/v2\/media\/55468"}],"wp:attachment":[{"href":"https:\/\/inces.gob.ve\/index.php\/wp-json\/wp\/v2\/media?parent=55465"}],"wp:term":[{"taxonomy":"category","embeddable":true,"href":"https:\/\/inces.gob.ve\/index.php\/wp-json\/wp\/v2\/categories?post=55465"},{"taxonomy":"post_tag","embeddable":true,"href":"https:\/\/inces.gob.ve\/index.php\/wp-json\/wp\/v2\/tags?post=55465"}],"curies":[{"name":"wp","href":"https:\/\/api.w.org\/{rel}","templated":true}]}}