{"id":55506,"date":"2023-11-01T12:18:01","date_gmt":"2023-11-01T16:18:01","guid":{"rendered":"https:\/\/inces.gob.ve\/?p=55506"},"modified":"2023-11-06T12:19:10","modified_gmt":"2023-11-06T16:19:10","slug":"yaracuy-aprendices-inces-inician-curso-electromecanico-industrial","status":"publish","type":"post","link":"https:\/\/inces.gob.ve\/index.php\/2023\/11\/01\/yaracuy-aprendices-inces-inician-curso-electromecanico-industrial\/","title":{"rendered":"YARACUY | Aprendices Inces inician curso Electromec\u00e1nico Industrial"},"content":{"rendered":"<p style=\"font-weight: 400; text-align: justify;\"><span style=\"font-size: 14pt; font-family: helvetica, arial, sans-serif;\"><em>***Los participantes pasaron por un proceso de selecci\u00f3n quedando\u00a0\u00a015 de 260 aspirantes<\/em><!--more--><\/span><\/p>\n<p style=\"text-align: justify;\"><span style=\"font-size: 14pt; font-family: helvetica, arial, sans-serif;\"><b>YOLAICE VARGAS<\/b><\/span><\/p>\n<p style=\"text-align: justify;\"><span style=\"font-weight: 400; font-size: 14pt; font-family: helvetica, arial, sans-serif;\">En las instalaciones del Centro de Adiestramiento T\u00e9cnico de Empresas Polar, el Instituto Nacional de Capacitaci\u00f3n y Educaci\u00f3n Socialista (Inces), dio inicio al curso Electromec\u00e1nico Industrial, el mismo est\u00e1 dirigido a aprendices del Programa Nacional de Aprendizaje (PNA).<\/span><\/p>\n<p>&nbsp;<\/p>\n<p style=\"font-weight: 400; text-align: justify;\"><span style=\"font-size: 14pt; font-family: helvetica, arial, sans-serif;\">Los aprendices quienes estuvieron acompa\u00f1ados por padres y representantes recibieron informaci\u00f3n correspondiente a normas y deberes que deben cumplir as\u00ed como los derechos y beneficios con los que cuenta cada uno de los participantes.<\/span><\/p>\n<p>&nbsp;<\/p>\n<p><img loading=\"lazy\" decoding=\"async\" class=\"wp-image-55507 size-large aligncenter\" src=\"https:\/\/inces.gob.ve\/wp-content\/uploads\/2023\/11\/IMG_20231030_092327-1-1024x576.jpg\" alt=\"\" width=\"640\" height=\"360\" srcset=\"https:\/\/inces.gob.ve\/wp-content\/uploads\/2023\/11\/IMG_20231030_092327-1-1024x576.jpg 1024w, https:\/\/inces.gob.ve\/wp-content\/uploads\/2023\/11\/IMG_20231030_092327-1-300x169.jpg 300w, https:\/\/inces.gob.ve\/wp-content\/uploads\/2023\/11\/IMG_20231030_092327-1-768x432.jpg 768w, https:\/\/inces.gob.ve\/wp-content\/uploads\/2023\/11\/IMG_20231030_092327-1-1536x864.jpg 1536w, https:\/\/inces.gob.ve\/wp-content\/uploads\/2023\/11\/IMG_20231030_092327-1.jpg 2048w\" sizes=\"auto, (max-width: 640px) 100vw, 640px\" \/><\/p>\n<p style=\"font-weight: 400; text-align: justify;\"><span style=\"font-size: 14pt; font-family: helvetica, arial, sans-serif;\">La coordinadora del PNA en la entidad, Mar\u00eda Espino, en compa\u00f1\u00eda de representantes de la empresa Alimentos Polar, se dirigi\u00f3 a los participantes recalcando el cumplimiento de las normas, as\u00ed como de las leyes que engloban el programa de aprendizaje, inst\u00f3 que deben\u00a0\u00a0aprovechar la oportunidad de formarse en lo te\u00f3rico as\u00ed como la pr\u00e1ctica.<\/span><\/p>\n<p>&nbsp;<\/p>\n<p style=\"font-weight: 400; text-align: justify;\"><span style=\"font-size: 14pt; font-family: helvetica, arial, sans-serif;\">Destac\u00f3 que deben entender que la nueva etapa de formaci\u00f3n es diferente a la capacitaci\u00f3n en la educaci\u00f3n tradicional y por ende tienen la obligaci\u00f3n de ser responsables especialmente en el resultado de las calificaciones las cuales deben ser entre 14 a 20 puntos por evaluaci\u00f3n.<\/span><\/p>\n<p>&nbsp;<\/p>\n<p style=\"font-weight: 400; text-align: justify;\"><span style=\"font-size: 14pt; font-family: helvetica, arial, sans-serif;\">Asimismo, se\u00f1al\u00f3 que los participantes atravesaron un proceso de selecci\u00f3n de 260 aspirantes, quienes luego de una serie de evaluaciones fueron calificados para el curso los 15 participantes quienes inician el curso.<\/span><\/p>\n","protected":false},"excerpt":{"rendered":"<p>***Los participantes pasaron por un proceso de selecci\u00f3n quedando\u00a0\u00a015 de 260 aspirantes<\/p>\n","protected":false},"author":4,"featured_media":55508,"comment_status":"closed","ping_status":"closed","sticky":false,"template":"","format":"standard","meta":{"footnotes":""},"categories":[2],"tags":[],"class_list":["post-55506","post","type-post","status-publish","format-standard","has-post-thumbnail","hentry","category-blog"],"_links":{"self":[{"href":"https:\/\/inces.gob.ve\/index.php\/wp-json\/wp\/v2\/posts\/55506","targetHints":{"allow":["GET"]}}],"collection":[{"href":"https:\/\/inces.gob.ve\/index.php\/wp-json\/wp\/v2\/posts"}],"about":[{"href":"https:\/\/inces.gob.ve\/index.php\/wp-json\/wp\/v2\/types\/post"}],"author":[{"embeddable":true,"href":"https:\/\/inces.gob.ve\/index.php\/wp-json\/wp\/v2\/users\/4"}],"replies":[{"embeddable":true,"href":"https:\/\/inces.gob.ve\/index.php\/wp-json\/wp\/v2\/comments?post=55506"}],"version-history":[{"count":2,"href":"https:\/\/inces.gob.ve\/index.php\/wp-json\/wp\/v2\/posts\/55506\/revisions"}],"predecessor-version":[{"id":55510,"href":"https:\/\/inces.gob.ve\/index.php\/wp-json\/wp\/v2\/posts\/55506\/revisions\/55510"}],"wp:featuredmedia":[{"embeddable":true,"href":"https:\/\/inces.gob.ve\/index.php\/wp-json\/wp\/v2\/media\/55508"}],"wp:attachment":[{"href":"https:\/\/inces.gob.ve\/index.php\/wp-json\/wp\/v2\/media?parent=55506"}],"wp:term":[{"taxonomy":"category","embeddable":true,"href":"https:\/\/inces.gob.ve\/index.php\/wp-json\/wp\/v2\/categories?post=55506"},{"taxonomy":"post_tag","embeddable":true,"href":"https:\/\/inces.gob.ve\/index.php\/wp-json\/wp\/v2\/tags?post=55506"}],"curies":[{"name":"wp","href":"https:\/\/api.w.org\/{rel}","templated":true}]}}