{"id":55532,"date":"2023-11-06T13:58:33","date_gmt":"2023-11-06T17:58:33","guid":{"rendered":"https:\/\/inces.gob.ve\/?p=55532"},"modified":"2023-11-06T13:58:53","modified_gmt":"2023-11-06T17:58:53","slug":"aragua-el-inces-vela-por-la-felicidad-y-crecimiento-formativo-integral-del-territorio","status":"publish","type":"post","link":"https:\/\/inces.gob.ve\/index.php\/2023\/11\/06\/aragua-el-inces-vela-por-la-felicidad-y-crecimiento-formativo-integral-del-territorio\/","title":{"rendered":"ARAGUA |  El Inces vela por la felicidad y crecimiento formativo integral del territorio"},"content":{"rendered":"<div dir=\"auto\" style=\"text-align: justify;\"><em><strong><span style=\"font-family: helvetica, arial, sans-serif; font-size: 14pt;\">** A trav\u00e9s de distintas estrategias y modalidades formativas el Inces ofrece la mejor formaci\u00f3n y autoformaci\u00f3n productiva para la patria<\/span><\/strong><\/em><\/div>\n<p><!--more--><\/p>\n<p>&nbsp;<\/p>\n<div dir=\"auto\" style=\"text-align: justify;\"><\/div>\n<div dir=\"auto\" style=\"text-align: justify;\"><\/div>\n<div style=\"text-align: justify;\"><span style=\"font-family: helvetica, arial, sans-serif; font-size: 14pt;\">NINOSKA PATRIZ<\/span><\/div>\n<div dir=\"auto\" style=\"text-align: justify;\"><\/div>\n<div dir=\"auto\" style=\"text-align: justify;\"><\/div>\n<div dir=\"auto\" style=\"text-align: justify;\"><span style=\"font-family: helvetica, arial, sans-serif; font-size: 14pt;\">La gerente regional del Instituto Nacional de Capacitaci\u00f3n de Educaci\u00f3n Socialista, en Aragua, sostuvo una reuni\u00f3n especial con el equipo de la mesa curricular de la instituci\u00f3n.<\/span><\/div>\n<div dir=\"auto\" style=\"text-align: justify;\"><\/div>\n<div dir=\"auto\" style=\"text-align: justify;\"><span style=\"font-family: helvetica, arial, sans-serif; font-size: 14pt;\">Desde esta reuni\u00f3n se\u00f1al\u00f3 que es fundamental y primordial resaltar los procesos formativos para impulsar una econom\u00eda productiva dentro de los 16 motores: \u201cEl Inces est\u00e1 impulsando la formaci\u00f3n t\u00e9cnica profesional en todos sus vertices y por ello estamos intercambiando experiencias constantemente para la b\u00fasqueda de mejoras de m\u00e9todos y producci\u00f3n\u201d<\/span><\/div>\n<div dir=\"auto\" style=\"text-align: justify;\"><\/div>\n<div dir=\"auto\" style=\"text-align: justify;\"><\/div>\n<div dir=\"auto\" style=\"text-align: justify;\"><span style=\"font-family: helvetica, arial, sans-serif; font-size: 14pt;\">En este sentido, el objetivo es promover directamente el bienestar de la naci\u00f3n: \u201cBuscamos potencializar el poder de las personas mediante el impulso a llevar vidas m\u00e1s plenas. Esto podemos lograrlo con el mejoramiento de su calidad de vida en los diferentes territorios, dando respuesta desde la preparaci\u00f3n profesional y mejorando su acci\u00f3n participativa y protag\u00f3nica en el crecimiento productivo\u201d, destac\u00f3 la gerente junto al personal activo, siempre ejemplo de punta de lanza para el desarrollo de la Patria.<\/span><\/div>\n<div dir=\"auto\"><\/div>\n<div dir=\"auto\"><img loading=\"lazy\" decoding=\"async\" class=\"aligncenter wp-image-55534 size-full\" src=\"https:\/\/inces.gob.ve\/wp-content\/uploads\/2023\/11\/IMG_20231103_141110-scaled-e1699293469159.jpg\" alt=\"\" width=\"800\" height=\"603\" srcset=\"https:\/\/inces.gob.ve\/wp-content\/uploads\/2023\/11\/IMG_20231103_141110-scaled-e1699293469159.jpg 800w, https:\/\/inces.gob.ve\/wp-content\/uploads\/2023\/11\/IMG_20231103_141110-scaled-e1699293469159-300x226.jpg 300w, https:\/\/inces.gob.ve\/wp-content\/uploads\/2023\/11\/IMG_20231103_141110-scaled-e1699293469159-768x579.jpg 768w, https:\/\/inces.gob.ve\/wp-content\/uploads\/2023\/11\/IMG_20231103_141110-scaled-e1699293469159-136x102.jpg 136w\" sizes=\"auto, (max-width: 800px) 100vw, 800px\" \/><\/div>\n<div dir=\"auto\" style=\"text-align: justify;\"><\/div>\n<div dir=\"auto\" style=\"text-align: justify;\"><\/div>\n<div dir=\"auto\" style=\"text-align: justify;\"><span style=\"font-family: helvetica, arial, sans-serif; font-size: 14pt;\">En este aspecto, partiendo de la dial\u00e9ctica hasta la concreci\u00f3n del legado del comandante eterno, abrazamos el pensamiento descolonizador y el encuentro entre l\u00edderes de las comunidades para seguir construyendo la patria que deseamos para las generaciones futuras, pasando por el proceso formativo de adecuaci\u00f3n a las nuevas normativas t\u00e9cnicas Inces y por ende las nuevas realidades que nos obligan a la actualizaci\u00f3n y formaci\u00f3n constante.<\/span><\/div>\n<div dir=\"auto\" style=\"text-align: justify;\"><\/div>\n<div dir=\"auto\" style=\"text-align: justify;\"><\/div>\n<div dir=\"auto\" style=\"text-align: justify;\"><span style=\"font-family: helvetica, arial, sans-serif; font-size: 14pt;\">Al mismo tiempo la ingeniera Yelitza Rodriguez gerente del Inces Aragua aprovech\u00f3 la oportunidad para enviar un caluroso saludo navide\u00f1o y felicit\u00f3 a todos los trabajadores y participantes de los diferentes cursos y formaciones Inces: \u201cHoy m\u00e1s que nunca el trabajo realizado es un esfuerzo conjunto, solidarizado con el establecimiento de alianzas con las diferentes instituciones p\u00fablicas y privadas del pa\u00eds. Sigamos adelante, en armon\u00eda, con fuerza, f\u00e9 y esperanza en un hermoso porvenir\u201d.<\/span><\/div>\n","protected":false},"excerpt":{"rendered":"<p>** A trav\u00e9s de distintas estrategias y modalidades formativas el Inces ofrece la mejor formaci\u00f3n y autoformaci\u00f3n productiva para la patria<\/p>\n","protected":false},"author":15,"featured_media":55533,"comment_status":"closed","ping_status":"closed","sticky":false,"template":"","format":"standard","meta":{"footnotes":""},"categories":[2],"tags":[],"class_list":["post-55532","post","type-post","status-publish","format-standard","has-post-thumbnail","hentry","category-blog"],"_links":{"self":[{"href":"https:\/\/inces.gob.ve\/index.php\/wp-json\/wp\/v2\/posts\/55532","targetHints":{"allow":["GET"]}}],"collection":[{"href":"https:\/\/inces.gob.ve\/index.php\/wp-json\/wp\/v2\/posts"}],"about":[{"href":"https:\/\/inces.gob.ve\/index.php\/wp-json\/wp\/v2\/types\/post"}],"author":[{"embeddable":true,"href":"https:\/\/inces.gob.ve\/index.php\/wp-json\/wp\/v2\/users\/15"}],"replies":[{"embeddable":true,"href":"https:\/\/inces.gob.ve\/index.php\/wp-json\/wp\/v2\/comments?post=55532"}],"version-history":[{"count":1,"href":"https:\/\/inces.gob.ve\/index.php\/wp-json\/wp\/v2\/posts\/55532\/revisions"}],"predecessor-version":[{"id":55535,"href":"https:\/\/inces.gob.ve\/index.php\/wp-json\/wp\/v2\/posts\/55532\/revisions\/55535"}],"wp:featuredmedia":[{"embeddable":true,"href":"https:\/\/inces.gob.ve\/index.php\/wp-json\/wp\/v2\/media\/55533"}],"wp:attachment":[{"href":"https:\/\/inces.gob.ve\/index.php\/wp-json\/wp\/v2\/media?parent=55532"}],"wp:term":[{"taxonomy":"category","embeddable":true,"href":"https:\/\/inces.gob.ve\/index.php\/wp-json\/wp\/v2\/categories?post=55532"},{"taxonomy":"post_tag","embeddable":true,"href":"https:\/\/inces.gob.ve\/index.php\/wp-json\/wp\/v2\/tags?post=55532"}],"curies":[{"name":"wp","href":"https:\/\/api.w.org\/{rel}","templated":true}]}}