{"id":55589,"date":"2023-11-09T13:03:58","date_gmt":"2023-11-09T17:03:58","guid":{"rendered":"https:\/\/inces.gob.ve\/?p=55589"},"modified":"2023-11-09T13:03:58","modified_gmt":"2023-11-09T17:03:58","slug":"apure-trabajadores-de-increa-finalizaron-formacion-en-administracion-y-organizacion-de-oficinas","status":"publish","type":"post","link":"https:\/\/inces.gob.ve\/index.php\/2023\/11\/09\/apure-trabajadores-de-increa-finalizaron-formacion-en-administracion-y-organizacion-de-oficinas\/","title":{"rendered":"APURE | Trabajadores de Increa finalizaron formaci\u00f3n en Administraci\u00f3n y Organizaci\u00f3n de Oficinas"},"content":{"rendered":"<p style=\"text-align: justify;\"><em><strong><span style=\"font-family: helvetica, arial, sans-serif; font-size: 14pt;\">** La actividad fue desarrollada en los espacios del centro de formaci\u00f3n socialista San Fernando, con la participaci\u00f3n especial del violinista Michael Tirado <\/span><\/strong><\/em><!--more--><\/p>\n<p>&nbsp;<\/p>\n<p style=\"text-align: justify;\"><span style=\"font-family: helvetica, arial, sans-serif; font-size: 14pt;\">En un peque\u00f1o pero significativo acto, trece trabajadores del Instituto de Cr\u00e9dito Agricola (Increa), finalizaron la formaci\u00f3n dictada por la maestra t\u00e9cnico productivo Odalys Yanez.<\/span><\/p>\n<p>&nbsp;<\/p>\n<p style=\"text-align: justify;\"><span style=\"font-family: helvetica, arial, sans-serif; font-size: 14pt;\">Cabe resaltar, que de estos trece participantes de la formaci\u00f3n, once son mujeres, contribuyendo de esta manera al desarrollo personal y profesional de las mujeres, brind\u00e1ndoles herramientas para su crecimiento y empoderamiento, como lo demanda el presidente Nicol\u00e1s Maduro en la Gran Misi\u00f3n Venezuela Mujer y en la que el Inces viene a formar parte importante.<\/span><\/p>\n<p>&nbsp;<\/p>\n<p><img loading=\"lazy\" decoding=\"async\" class=\"aligncenter wp-image-55592 size-full\" src=\"https:\/\/inces.gob.ve\/wp-content\/uploads\/2023\/11\/WhatsApp-Image-2023-11-09-at-10.53.17-AM.jpeg\" alt=\"\" width=\"1020\" height=\"445\" srcset=\"https:\/\/inces.gob.ve\/wp-content\/uploads\/2023\/11\/WhatsApp-Image-2023-11-09-at-10.53.17-AM.jpeg 1020w, https:\/\/inces.gob.ve\/wp-content\/uploads\/2023\/11\/WhatsApp-Image-2023-11-09-at-10.53.17-AM-300x131.jpeg 300w, https:\/\/inces.gob.ve\/wp-content\/uploads\/2023\/11\/WhatsApp-Image-2023-11-09-at-10.53.17-AM-768x335.jpeg 768w\" sizes=\"auto, (max-width: 1020px) 100vw, 1020px\" \/><\/p>\n<p>&nbsp;<\/p>\n<p style=\"text-align: justify;\"><span style=\"font-family: helvetica, arial, sans-serif; font-size: 14pt;\">Es importante destacar que el Inces, en Apure, en lo que va de a\u00f1o, ha atendido a 5.783 mujeres.<\/span><\/p>\n<p>&nbsp;<\/p>\n<p style=\"text-align: justify;\"><span style=\"font-family: helvetica, arial, sans-serif; font-size: 14pt;\">Por otro lado, el presidente de Increa, Wilfredo Gonz\u00e1lez resalt\u00f3: \u00abPrimero que nada agradecer al Inces, por todo el apoyo que di\u00f3 al Instituto de Cr\u00e9dito Agr\u00edcola del estado Apure, en este proceso de formaci\u00f3n emprendida por la instituci\u00f3n en la formaci\u00f3n de Organizaci\u00f3n y Administraci\u00f3n de Oficina, vamos a seguir con las formaciones, hay una articulaci\u00f3n importante que se est\u00e1 dando con el Inces, nosotros estamos empe\u00f1ados en formar a nuestra gente en las diferentes \u00e1reas que sean \u00fatiles a los trabajadores y a la instituci\u00f3n, seguiremos trabajando como un solo equipo\u00bb.<\/span><\/p>\n<p>&nbsp;<\/p>\n<p><img loading=\"lazy\" decoding=\"async\" class=\"aligncenter wp-image-55591 size-full\" src=\"https:\/\/inces.gob.ve\/wp-content\/uploads\/2023\/11\/WhatsApp-Image-2023-11-09-at-10.53.18-AM.jpeg\" alt=\"\" width=\"1020\" height=\"445\" srcset=\"https:\/\/inces.gob.ve\/wp-content\/uploads\/2023\/11\/WhatsApp-Image-2023-11-09-at-10.53.18-AM.jpeg 1020w, https:\/\/inces.gob.ve\/wp-content\/uploads\/2023\/11\/WhatsApp-Image-2023-11-09-at-10.53.18-AM-300x131.jpeg 300w, https:\/\/inces.gob.ve\/wp-content\/uploads\/2023\/11\/WhatsApp-Image-2023-11-09-at-10.53.18-AM-768x335.jpeg 768w\" sizes=\"auto, (max-width: 1020px) 100vw, 1020px\" \/><\/p>\n<p style=\"text-align: justify;\"><span style=\"font-family: helvetica, arial, sans-serif; font-size: 14pt;\">Por su parte, el trabajador de Increa Carlos Tovar a\u00f1adi\u00f3: \u00abHice la formaci\u00f3n de Organizaci\u00f3n y Administraci\u00f3n de Oficina y fue una experiencia muy bonita, con excelentes facilitadores, aprend\u00ed mucho. De verdad agradecidos con la oportunidad de seguir creciendo profesionalmente\u00bb.<\/span><\/p>\n<p>&nbsp;<\/p>\n<p style=\"text-align: justify;\"><span style=\"font-family: helvetica, arial, sans-serif; font-size: 14pt;\">El evento tambi\u00e9n cont\u00f3 con la presencia del personal de Increa e Inces, esto en atenci\u00f3n a las entidades de trabajo.<\/span><\/p>\n","protected":false},"excerpt":{"rendered":"<p>** La actividad fue desarrollada en los espacios del centro de formaci\u00f3n socialista San Fernando, con la participaci\u00f3n especial del violinista Michael Tirado<\/p>\n","protected":false},"author":4,"featured_media":55590,"comment_status":"closed","ping_status":"closed","sticky":false,"template":"","format":"standard","meta":{"footnotes":""},"categories":[2],"tags":[],"class_list":["post-55589","post","type-post","status-publish","format-standard","has-post-thumbnail","hentry","category-blog"],"_links":{"self":[{"href":"https:\/\/inces.gob.ve\/index.php\/wp-json\/wp\/v2\/posts\/55589","targetHints":{"allow":["GET"]}}],"collection":[{"href":"https:\/\/inces.gob.ve\/index.php\/wp-json\/wp\/v2\/posts"}],"about":[{"href":"https:\/\/inces.gob.ve\/index.php\/wp-json\/wp\/v2\/types\/post"}],"author":[{"embeddable":true,"href":"https:\/\/inces.gob.ve\/index.php\/wp-json\/wp\/v2\/users\/4"}],"replies":[{"embeddable":true,"href":"https:\/\/inces.gob.ve\/index.php\/wp-json\/wp\/v2\/comments?post=55589"}],"version-history":[{"count":1,"href":"https:\/\/inces.gob.ve\/index.php\/wp-json\/wp\/v2\/posts\/55589\/revisions"}],"predecessor-version":[{"id":55593,"href":"https:\/\/inces.gob.ve\/index.php\/wp-json\/wp\/v2\/posts\/55589\/revisions\/55593"}],"wp:featuredmedia":[{"embeddable":true,"href":"https:\/\/inces.gob.ve\/index.php\/wp-json\/wp\/v2\/media\/55590"}],"wp:attachment":[{"href":"https:\/\/inces.gob.ve\/index.php\/wp-json\/wp\/v2\/media?parent=55589"}],"wp:term":[{"taxonomy":"category","embeddable":true,"href":"https:\/\/inces.gob.ve\/index.php\/wp-json\/wp\/v2\/categories?post=55589"},{"taxonomy":"post_tag","embeddable":true,"href":"https:\/\/inces.gob.ve\/index.php\/wp-json\/wp\/v2\/tags?post=55589"}],"curies":[{"name":"wp","href":"https:\/\/api.w.org\/{rel}","templated":true}]}}