{"id":55601,"date":"2023-11-13T10:54:25","date_gmt":"2023-11-13T14:54:25","guid":{"rendered":"https:\/\/inces.gob.ve\/?p=55601"},"modified":"2023-11-13T10:57:46","modified_gmt":"2023-11-13T14:57:46","slug":"yaracuy-mas-de-cien-jovenes-yaracuyanos-se-incorporan-al-programa-nacional-de-aprendizaje-del-inces","status":"publish","type":"post","link":"https:\/\/inces.gob.ve\/index.php\/2023\/11\/13\/yaracuy-mas-de-cien-jovenes-yaracuyanos-se-incorporan-al-programa-nacional-de-aprendizaje-del-inces\/","title":{"rendered":"YARACUY | M\u00e1s de Cien J\u00f3venes yaracuyanos se incorporan al Programa Nacional de Aprendizaje del Inces"},"content":{"rendered":"<p style=\"text-align: justify;\"><strong><span style=\"font-family: helvetica, arial, sans-serif; font-size: 14pt;\"><em>**Gracias a la modalidad de convenio se logr\u00f3 dar inicio al oficio Gestor Alimentos y Bebidas, en donde participan prestadores de servicios del estado<\/em><\/span><\/strong><!--more--><\/p>\n<p>&nbsp;<\/p>\n<p style=\"text-align: justify;\"><span style=\"font-family: helvetica, arial, sans-serif; font-size: 14pt;\"><strong>YOLAICE VARGAS<\/strong>\u00a0 <\/span><\/p>\n<p style=\"text-align: justify;\"><span style=\"font-family: helvetica, arial, sans-serif; font-size: 14pt;\">El Instituto Nacional de Capacitaci\u00f3n y Educaci\u00f3n Socialista (Inces), dio inicio a la formaci\u00f3n de ciento diez aprendices, quienes se incorporan al Programa Nacional de Aprendizaje (PNA), en diversos oficios cualificados.<\/span><\/p>\n<p style=\"text-align: justify;\"><span style=\"font-family: helvetica, arial, sans-serif; font-size: 14pt;\">El gerente regional del Inces en Yaracuy, Dalvi Torrealba, se\u00f1al\u00f3 que la instituci\u00f3n \u00a0marca un hecho hist\u00f3rico tras abrir la formaci\u00f3n de aprendices en el oficio Gestor de Alimentos y Bebidas, la cual desede hac\u00eda muchos a\u00f1os no se realizaba en el estado, en relaci\u00f3n al \u00e1rea tur\u00edstica.<\/span><\/p>\n<p>&nbsp;<\/p>\n<p><img loading=\"lazy\" decoding=\"async\" class=\"aligncenter wp-image-55602 size-full\" src=\"https:\/\/inces.gob.ve\/wp-content\/uploads\/2023\/11\/IMG-20231109-WA0194-e1699886860652.jpg\" alt=\"\" width=\"800\" height=\"600\" srcset=\"https:\/\/inces.gob.ve\/wp-content\/uploads\/2023\/11\/IMG-20231109-WA0194-e1699886860652.jpg 800w, https:\/\/inces.gob.ve\/wp-content\/uploads\/2023\/11\/IMG-20231109-WA0194-e1699886860652-300x225.jpg 300w, https:\/\/inces.gob.ve\/wp-content\/uploads\/2023\/11\/IMG-20231109-WA0194-e1699886860652-768x576.jpg 768w, https:\/\/inces.gob.ve\/wp-content\/uploads\/2023\/11\/IMG-20231109-WA0194-e1699886860652-136x102.jpg 136w\" sizes=\"auto, (max-width: 800px) 100vw, 800px\" \/><\/p>\n<p style=\"text-align: justify;\"><span style=\"font-family: helvetica, arial, sans-serif; font-size: 14pt;\">Torrealba, quien estuvo acompa\u00f1ado por el director general de formaci\u00f3n y Autoformaci\u00f3n, Jorge P\u00e9rez;\u00a0 el gerente nacional del PNA, Oskar Oramas; la directora regional del Instituto Nacional de Turismo, Egilda Figueredo; la presidenta de la Corporaci\u00f3n Yaracuyana de Turismo, Osdali Betancourt y \u00a0el presidente de la C\u00e1mara de Turismo Yaracuy, Wilmer Rodr\u00edguez, \u00a0mencion\u00f3 que son ciento un J\u00f3venes con edades comprendidas entre los 14 y 18 a\u00f1os, quienes gracias al trabajo de convenio con las entidades de trabajo, ingresan a dicho programa.<\/span><\/p>\n<p>&nbsp;<\/p>\n<p><img loading=\"lazy\" decoding=\"async\" class=\"aligncenter wp-image-55603 size-full\" src=\"https:\/\/inces.gob.ve\/wp-content\/uploads\/2023\/11\/IMG-20231109-WA01951-e1699886891368.jpg\" alt=\"\" width=\"800\" height=\"600\" srcset=\"https:\/\/inces.gob.ve\/wp-content\/uploads\/2023\/11\/IMG-20231109-WA01951-e1699886891368.jpg 800w, https:\/\/inces.gob.ve\/wp-content\/uploads\/2023\/11\/IMG-20231109-WA01951-e1699886891368-300x225.jpg 300w, https:\/\/inces.gob.ve\/wp-content\/uploads\/2023\/11\/IMG-20231109-WA01951-e1699886891368-768x576.jpg 768w, https:\/\/inces.gob.ve\/wp-content\/uploads\/2023\/11\/IMG-20231109-WA01951-e1699886891368-136x102.jpg 136w\" sizes=\"auto, (max-width: 800px) 100vw, 800px\" \/><\/p>\n<p style=\"text-align: justify;\"><span style=\"font-family: helvetica, arial, sans-serif; font-size: 14pt;\">El titular del Inces en Yaracuy, resalt\u00f3 que adem\u00e1s del curso\u00a0 mencionado, se da inicio a los oficios;\u00a0 Analista Contable, Secretariado Administrativo, igualmente los aprendices se formar\u00e1n en el motor productivo agroalimentario con el oficio Productor de Granjas Integrales, y en el motor industrial, electromec\u00e1nico industrial.<\/span><\/p>\n<p>&nbsp;<\/p>\n<p><img loading=\"lazy\" decoding=\"async\" class=\"wp-image-55605 size-full\" src=\"https:\/\/inces.gob.ve\/wp-content\/uploads\/2023\/11\/IMG_20231109_150813-e1699886973314.jpg\" alt=\"\" width=\"800\" height=\"450\" srcset=\"https:\/\/inces.gob.ve\/wp-content\/uploads\/2023\/11\/IMG_20231109_150813-e1699886973314.jpg 800w, https:\/\/inces.gob.ve\/wp-content\/uploads\/2023\/11\/IMG_20231109_150813-e1699886973314-300x169.jpg 300w, https:\/\/inces.gob.ve\/wp-content\/uploads\/2023\/11\/IMG_20231109_150813-e1699886973314-768x432.jpg 768w\" sizes=\"auto, (max-width: 800px) 100vw, 800px\" \/><\/p>\n<p style=\"text-align: justify;\"><span style=\"font-family: helvetica, arial, sans-serif; font-size: 14pt;\">Torrealba destac\u00f3 todos los logros que se han realizado a trav\u00e9s de los convenios con la empresa privada, lo que ha permitido aumentar de manera significativa el n\u00famero de aprendices en el estado Yaracuy, adem\u00e1s de retomar los espacios de los diferentes centros de formaci\u00f3n para la capacitaci\u00f3n de los aprendices, asimismo, se contin\u00faa con los procesos de adiestramiento en el instituto de acci\u00f3n Delegada Lisseth Rodr\u00edguez y los centros de aprendizaje dentro de las empresas.<\/span><\/p>\n<p style=\"text-align: justify;\"><span style=\"font-family: helvetica, arial, sans-serif; font-size: 14pt;\">Por su parte el director Ejecutivo Estrat\u00e9gico de Formaci\u00f3n y Autoformaci\u00f3n del Inces Sede, Jorge P\u00e9rez, resalt\u00f3 que, a nivel nacional se est\u00e1 reimpulsando el programa nacional de aprendizaje con una nueva malla curricular la cual est\u00e1 constituida como celda base de unidades curriculares que es la medida evaluativa que conecta la ocupaci\u00f3n cualificada con el mundo acad\u00e9mico.<\/span><\/p>\n<p>&nbsp;<\/p>\n<p><img loading=\"lazy\" decoding=\"async\" class=\"wp-image-55606 size-full\" src=\"https:\/\/inces.gob.ve\/wp-content\/uploads\/2023\/11\/IMG_20231109_154917-e1699886999827.jpg\" alt=\"\" width=\"800\" height=\"450\" srcset=\"https:\/\/inces.gob.ve\/wp-content\/uploads\/2023\/11\/IMG_20231109_154917-e1699886999827.jpg 800w, https:\/\/inces.gob.ve\/wp-content\/uploads\/2023\/11\/IMG_20231109_154917-e1699886999827-300x169.jpg 300w, https:\/\/inces.gob.ve\/wp-content\/uploads\/2023\/11\/IMG_20231109_154917-e1699886999827-768x432.jpg 768w\" sizes=\"auto, (max-width: 800px) 100vw, 800px\" \/><\/p>\n<p style=\"text-align: justify;\"><span style=\"font-family: helvetica, arial, sans-serif; font-size: 14pt;\">El vocero nacional agradeci\u00f3 el trabajo de la cartera de empresas p\u00fablicas y privadas, as\u00ed como organismos e instituciones del estado que se han sumado con mucha fuerza en cumplir con la obligaci\u00f3n civil y tributaria, que corresponde a la formaci\u00f3n t\u00e9cnica profesional.<\/span><\/p>\n<p style=\"text-align: justify;\"><span style=\"font-family: helvetica, arial, sans-serif; font-size: 14pt;\">Detall\u00f3 que en la actualidad la matr\u00edcula de aprendices por regi\u00f3n es de al menos 20 mil, y la meta fijada para el a\u00f1o 2024 es de 200 mil, acot\u00f3 que es una suma ambiciosa, pero es la aspiraci\u00f3n que por dem\u00e1s est\u00e1 seguro se puede lograr gracias al trabajo articulado entre todos los entes involucrados.<\/span><\/p>\n<p style=\"text-align: justify;\"><span style=\"font-family: helvetica, arial, sans-serif; font-size: 14pt;\"><strong>Recorrido por centros formativos<\/strong><\/span><\/p>\n<p style=\"text-align: justify;\"><span style=\"font-family: helvetica, arial, sans-serif; font-size: 14pt;\">Una vez culminado el acto de inicio de los oficios cualificados, las autoridades nacionales del Inces, en compa\u00f1\u00eda del personal de la gerencia regional, realizaron un recorrido por los centros de formaci\u00f3n, iniciando en el centro de formaci\u00f3n socialista \u201cManuel Cede\u00f1o\u201d en donde pudieron constatar los avances de los trabajos de recuperaci\u00f3n y rehabilitaci\u00f3n de los espacios, en donde reciben formaci\u00f3n no solo los aprendices, sino el p\u00fablico en general que se capacita en las diferentes unidades curriculares de los perfiles productivos que imparte la instituci\u00f3n.<\/span><\/p>\n<p>&nbsp;<\/p>\n<p style=\"text-align: justify;\"><span style=\"font-family: helvetica, arial, sans-serif; font-size: 14pt;\">Seguidamente visitaron los espacios del Centro de Investigaciones del Estado para la Producci\u00f3n Experimental Agroindustrial (Ciepe), instituci\u00f3n que recientemente firm\u00f3 acuerdo de entendimiento, lo que contempla la formaci\u00f3n no solo para el personal sino para el colectivo en general, tras este convenio se han iniciado una serie de formaciones con el apoyo de maestro t\u00e9cnicos productivos y voluntarios del Inces, en aras de brindar herramientas a la clase trabajadora.<\/span><\/p>\n<p style=\"text-align: justify;\"><span style=\"font-family: helvetica, arial, sans-serif; font-size: 14pt;\">El recorrido prosigui\u00f3 en el Instituto de Previsi\u00f3n y Asistencia Social para el Personal del Ministerio de Educaci\u00f3n (Ipasme), centro en donde a trav\u00e9s de la coordinaci\u00f3n de Adiestramiento de Empresas, se lleva a cabo el proceso formativo en la unidad curricular legislaci\u00f3n laboral, dirigido a trabajadores de varias instituciones p\u00fablicas y privadas, sirviendo de maestro t\u00e9cnico productivo el director regional del Ministerio para el Proceso Social del Trabajo, Dr. Jes\u00fas Delgado.<\/span><\/p>\n<p style=\"text-align: justify;\"><span style=\"font-family: helvetica, arial, sans-serif; font-size: 14pt;\">Para finalizar la visita de las autoridades nacionales encabezada por el director Ejecutivo Estrat\u00e9gico de Formaci\u00f3n y Autoformaci\u00f3n del Inces, Jorge P\u00e9rez, disfrutaron de un recital de tres piezas musicales interpretadas por estudiantes y docentes del Sistema de Orquestas M\u00f3dulo Inces, quienes demostraron parte de los conocimientos obtenidos durante el periodo acad\u00e9mico.<\/span><\/p>\n<p>&nbsp;<\/p>\n<figure id=\"attachment_55607\" aria-describedby=\"caption-attachment-55607\" style=\"width: 800px\" class=\"wp-caption aligncenter\"><img loading=\"lazy\" decoding=\"async\" class=\"wp-image-55607 size-full\" src=\"https:\/\/inces.gob.ve\/wp-content\/uploads\/2023\/11\/IMG_20231109_155022-e1699886924994.jpg\" alt=\"\" width=\"800\" height=\"450\" srcset=\"https:\/\/inces.gob.ve\/wp-content\/uploads\/2023\/11\/IMG_20231109_155022-e1699886924994.jpg 800w, https:\/\/inces.gob.ve\/wp-content\/uploads\/2023\/11\/IMG_20231109_155022-e1699886924994-300x169.jpg 300w, https:\/\/inces.gob.ve\/wp-content\/uploads\/2023\/11\/IMG_20231109_155022-e1699886924994-768x432.jpg 768w\" sizes=\"auto, (max-width: 800px) 100vw, 800px\" \/><figcaption id=\"caption-attachment-55607\" class=\"wp-caption-text\">Exif_JPEG_420<\/figcaption><\/figure>\n<p style=\"text-align: justify;\"><span style=\"font-family: helvetica, arial, sans-serif; font-size: 14pt;\">Es\u00a0 de se\u00f1alar que en cada una de las visitas representantes del Inces de manera breve explicaron el trabajo que se viene realizando en la entidad, a lo que el vocero nacional en representaci\u00f3n del presidente del Inces Wuikelman Angel Paredes, se mostr\u00f3 honrado y complacido de todos los logros que se evidencian en Yaracuy, bajo la gerencia de titular en Yaracuy, Dalvi Torrealba.<\/span><\/p>\n","protected":false},"excerpt":{"rendered":"<p>**Gracias a la modalidad de convenio se logr\u00f3 dar inicio al oficio Gestor Alimentos y Bebidas, en donde participan prestadores de servicios del estado<\/p>\n","protected":false},"author":15,"featured_media":55604,"comment_status":"closed","ping_status":"closed","sticky":false,"template":"","format":"standard","meta":{"footnotes":""},"categories":[2],"tags":[],"class_list":["post-55601","post","type-post","status-publish","format-standard","has-post-thumbnail","hentry","category-blog"],"_links":{"self":[{"href":"https:\/\/inces.gob.ve\/index.php\/wp-json\/wp\/v2\/posts\/55601","targetHints":{"allow":["GET"]}}],"collection":[{"href":"https:\/\/inces.gob.ve\/index.php\/wp-json\/wp\/v2\/posts"}],"about":[{"href":"https:\/\/inces.gob.ve\/index.php\/wp-json\/wp\/v2\/types\/post"}],"author":[{"embeddable":true,"href":"https:\/\/inces.gob.ve\/index.php\/wp-json\/wp\/v2\/users\/15"}],"replies":[{"embeddable":true,"href":"https:\/\/inces.gob.ve\/index.php\/wp-json\/wp\/v2\/comments?post=55601"}],"version-history":[{"count":1,"href":"https:\/\/inces.gob.ve\/index.php\/wp-json\/wp\/v2\/posts\/55601\/revisions"}],"predecessor-version":[{"id":55609,"href":"https:\/\/inces.gob.ve\/index.php\/wp-json\/wp\/v2\/posts\/55601\/revisions\/55609"}],"wp:featuredmedia":[{"embeddable":true,"href":"https:\/\/inces.gob.ve\/index.php\/wp-json\/wp\/v2\/media\/55604"}],"wp:attachment":[{"href":"https:\/\/inces.gob.ve\/index.php\/wp-json\/wp\/v2\/media?parent=55601"}],"wp:term":[{"taxonomy":"category","embeddable":true,"href":"https:\/\/inces.gob.ve\/index.php\/wp-json\/wp\/v2\/categories?post=55601"},{"taxonomy":"post_tag","embeddable":true,"href":"https:\/\/inces.gob.ve\/index.php\/wp-json\/wp\/v2\/tags?post=55601"}],"curies":[{"name":"wp","href":"https:\/\/api.w.org\/{rel}","templated":true}]}}