{"id":55617,"date":"2023-11-13T11:53:38","date_gmt":"2023-11-13T15:53:38","guid":{"rendered":"https:\/\/inces.gob.ve\/?p=55617"},"modified":"2023-11-13T12:49:04","modified_gmt":"2023-11-13T16:49:04","slug":"nueva-esparta-la-alegria-navidena-llega-al-inces","status":"publish","type":"post","link":"https:\/\/inces.gob.ve\/index.php\/2023\/11\/13\/nueva-esparta-la-alegria-navidena-llega-al-inces\/","title":{"rendered":"Nueva Esparta | La alegr\u00eda navide\u00f1a llega al Inces"},"content":{"rendered":"<p align=\"justify\"><em><strong><span style=\"font-size: 14pt; font-family: helvetica, arial, sans-serif;\">** Nueva Esparta, noviembre de 2023.- La pasada semana en la Gerencia Regional del Instituto Nacional de Capacitaci\u00f3n y Educaci\u00f3n Socialista (Inces) de Nueva Esparta se dio la bienvenida a la Navidad, llenando de alegr\u00eda y esp\u00edritu festivo a todos los trabajadores.<\/span><\/strong><\/em><!--more--><\/p>\n<p align=\"justify\"><span style=\"font-size: 14pt; font-family: helvetica, arial, sans-serif;\">La gran familia Inces celebra, con uni\u00f3n y entusiasmo, avivando esta navidad y decorando cada oficina y \u00e1reas comunes.<\/span><\/p>\n<p align=\"justify\"><img loading=\"lazy\" decoding=\"async\" class=\"aligncenter wp-image-55618 size-full\" src=\"https:\/\/inces.gob.ve\/wp-content\/uploads\/2023\/11\/IMG_20231106_111753-scaled-e1699890791487.jpg\" alt=\"\" width=\"800\" height=\"451\" srcset=\"https:\/\/inces.gob.ve\/wp-content\/uploads\/2023\/11\/IMG_20231106_111753-scaled-e1699890791487.jpg 800w, https:\/\/inces.gob.ve\/wp-content\/uploads\/2023\/11\/IMG_20231106_111753-scaled-e1699890791487-300x169.jpg 300w, https:\/\/inces.gob.ve\/wp-content\/uploads\/2023\/11\/IMG_20231106_111753-scaled-e1699890791487-768x433.jpg 768w\" sizes=\"auto, (max-width: 800px) 100vw, 800px\" \/><\/p>\n<p align=\"justify\"><span style=\"font-size: 14pt; font-family: helvetica, arial, sans-serif;\">Reina, efectivamente, un ambiente festivo en las instalaciones de todos nuestros centros de formaci\u00f3n, la m\u00fasica t\u00edpica margarite\u00f1a suena en los pasillos, sin olvidar las gaitas zulianas, dando a los espacios el c\u00e1lido ambiente propio de estas fechas.<\/span><\/p>\n<p align=\"justify\"><img loading=\"lazy\" decoding=\"async\" class=\"aligncenter wp-image-55621 \" src=\"https:\/\/inces.gob.ve\/wp-content\/uploads\/2023\/11\/margarita-navidad-01-.jpg\" alt=\"\" width=\"650\" height=\"765\" srcset=\"https:\/\/inces.gob.ve\/wp-content\/uploads\/2023\/11\/margarita-navidad-01-.jpg 816w, https:\/\/inces.gob.ve\/wp-content\/uploads\/2023\/11\/margarita-navidad-01--255x300.jpg 255w, https:\/\/inces.gob.ve\/wp-content\/uploads\/2023\/11\/margarita-navidad-01--768x904.jpg 768w\" sizes=\"auto, (max-width: 650px) 100vw, 650px\" \/><\/p>\n<p align=\"justify\"><span style=\"font-size: 14pt; font-family: helvetica, arial, sans-serif;\">Adem\u00e1s, la Divisi\u00f3n de Formaci\u00f3n Profesional, a cargo de la profesora Laurie Zabala, aprovech\u00f3 la ocasi\u00f3n para reunirse con equipos del CFS, coordinadores de programas y enlaces de formaci\u00f3n, para revisar, afinar y consolidar el trabajo de la Misi\u00f3n Venezuela Mujer a trav\u00e9s del programa Mujer Inces, ya que en la actualidad se ha constituido en punta de lanza de la instituci\u00f3n, como directriz emanada por el propio presidente del Inces, Wuikelman \u00c1ngel Paredes.<\/span><\/p>\n","protected":false},"excerpt":{"rendered":"<p>** Nueva Esparta, noviembre de 2023.- La pasada semana en la Gerencia Regional del Instituto Nacional de Capacitaci\u00f3n y Educaci\u00f3n Socialista (Inces) de Nueva Esparta se dio la bienvenida a la Navidad, llenando de alegr\u00eda y esp\u00edritu festivo a todos los trabajadores.<\/p>\n","protected":false},"author":15,"featured_media":55619,"comment_status":"closed","ping_status":"closed","sticky":false,"template":"","format":"standard","meta":{"footnotes":""},"categories":[2],"tags":[],"class_list":["post-55617","post","type-post","status-publish","format-standard","has-post-thumbnail","hentry","category-blog"],"_links":{"self":[{"href":"https:\/\/inces.gob.ve\/index.php\/wp-json\/wp\/v2\/posts\/55617","targetHints":{"allow":["GET"]}}],"collection":[{"href":"https:\/\/inces.gob.ve\/index.php\/wp-json\/wp\/v2\/posts"}],"about":[{"href":"https:\/\/inces.gob.ve\/index.php\/wp-json\/wp\/v2\/types\/post"}],"author":[{"embeddable":true,"href":"https:\/\/inces.gob.ve\/index.php\/wp-json\/wp\/v2\/users\/15"}],"replies":[{"embeddable":true,"href":"https:\/\/inces.gob.ve\/index.php\/wp-json\/wp\/v2\/comments?post=55617"}],"version-history":[{"count":4,"href":"https:\/\/inces.gob.ve\/index.php\/wp-json\/wp\/v2\/posts\/55617\/revisions"}],"predecessor-version":[{"id":55629,"href":"https:\/\/inces.gob.ve\/index.php\/wp-json\/wp\/v2\/posts\/55617\/revisions\/55629"}],"wp:featuredmedia":[{"embeddable":true,"href":"https:\/\/inces.gob.ve\/index.php\/wp-json\/wp\/v2\/media\/55619"}],"wp:attachment":[{"href":"https:\/\/inces.gob.ve\/index.php\/wp-json\/wp\/v2\/media?parent=55617"}],"wp:term":[{"taxonomy":"category","embeddable":true,"href":"https:\/\/inces.gob.ve\/index.php\/wp-json\/wp\/v2\/categories?post=55617"},{"taxonomy":"post_tag","embeddable":true,"href":"https:\/\/inces.gob.ve\/index.php\/wp-json\/wp\/v2\/tags?post=55617"}],"curies":[{"name":"wp","href":"https:\/\/api.w.org\/{rel}","templated":true}]}}