{"id":55735,"date":"2023-11-15T17:30:15","date_gmt":"2023-11-15T21:30:15","guid":{"rendered":"https:\/\/inces.gob.ve\/?p=55735"},"modified":"2023-11-15T17:30:21","modified_gmt":"2023-11-15T21:30:21","slug":"yaracuy-inces-y-empresa-minerales-articulan-esfuerzos-para-desarrollar-unidades-curriculares","status":"publish","type":"post","link":"https:\/\/inces.gob.ve\/index.php\/2023\/11\/15\/yaracuy-inces-y-empresa-minerales-articulan-esfuerzos-para-desarrollar-unidades-curriculares\/","title":{"rendered":"YARACUY |  Inces y empresa Minerales articulan esfuerzos para desarrollar unidades curriculares"},"content":{"rendered":"<p style=\"text-align: justify;\" align=\"justify\"><strong><span style=\"font-family: helvetica, arial, sans-serif; font-size: 14pt;\"><i>** La intenci\u00f3n es generar perfiles productivos en torno al manejo sustentable de los materiales no met\u00e1licos<\/i><\/span><\/strong><!--more--><\/p>\n<p style=\"text-align: justify;\" align=\"justify\"><span style=\"font-family: helvetica, arial, sans-serif; font-size: 14pt;\">El gerente regional del Inces Yaracuy, Dalvi Torrealba, en compa\u00f1\u00eda del coordinador de Curr\u00edculum y Did\u00e1ctica, Jackson Parra, sostuvo una reuni\u00f3n con el presidente de la empresa Minerales Yaracuy, Rafael Morales a fin de unir esfuerzos para desarrollar unidades curriculares en el \u00e1rea de miner\u00eda no met\u00e1lica y protecci\u00f3n de cuencas hidrogr\u00e1ficas.<\/span><\/p>\n<p style=\"text-align: justify;\" align=\"justify\"><span style=\"font-family: helvetica, arial, sans-serif; font-size: 14pt;\">El Titular del Inces en esta entidad, destac\u00f3 que de esta manera se podr\u00e1 generar perfiles productivos, programas y acciones en torno al manejo sustentable de los materiales no met\u00e1licos, la recuperaci\u00f3n y manejo de las cuencas productoras de agua, ordenamiento territorial, y proposici\u00f3n de usos conformes, garantizando as\u00ed los ciclos ecol\u00f3gicos que brindan estos ecosistemas a la colectividad yaracuyana.<\/span><\/p>\n<p style=\"text-align: justify;\" align=\"justify\"><span style=\"font-family: helvetica, arial, sans-serif; font-size: 14pt;\">Asimismo, precis\u00f3 que estas acciones respaldan las pol\u00edticas de protecci\u00f3n del gobernador del estado Julio Le\u00f3n Heredia a las cuencas yaracuyanas, adem\u00e1s de unificar y aplicar estrategias que garanticen en el tiempo la preservaci\u00f3n de los minerales no met\u00e1licos as\u00ed como la producci\u00f3n de agua y su debido uso.<\/span><\/p>\n<p style=\"text-align: justify;\" align=\"justify\"><span style=\"font-family: Arial, serif;\"><span style=\"font-size: medium;\"><b>Yolaice Vargas<\/b><\/span><\/span><\/p>\n","protected":false},"excerpt":{"rendered":"<p>** La intenci\u00f3n es generar perfiles productivos en torno al manejo sustentable de los materiales no met\u00e1licos<\/p>\n","protected":false},"author":15,"featured_media":55736,"comment_status":"closed","ping_status":"closed","sticky":false,"template":"","format":"standard","meta":{"footnotes":""},"categories":[2],"tags":[],"class_list":["post-55735","post","type-post","status-publish","format-standard","has-post-thumbnail","hentry","category-blog"],"_links":{"self":[{"href":"https:\/\/inces.gob.ve\/index.php\/wp-json\/wp\/v2\/posts\/55735","targetHints":{"allow":["GET"]}}],"collection":[{"href":"https:\/\/inces.gob.ve\/index.php\/wp-json\/wp\/v2\/posts"}],"about":[{"href":"https:\/\/inces.gob.ve\/index.php\/wp-json\/wp\/v2\/types\/post"}],"author":[{"embeddable":true,"href":"https:\/\/inces.gob.ve\/index.php\/wp-json\/wp\/v2\/users\/15"}],"replies":[{"embeddable":true,"href":"https:\/\/inces.gob.ve\/index.php\/wp-json\/wp\/v2\/comments?post=55735"}],"version-history":[{"count":2,"href":"https:\/\/inces.gob.ve\/index.php\/wp-json\/wp\/v2\/posts\/55735\/revisions"}],"predecessor-version":[{"id":55738,"href":"https:\/\/inces.gob.ve\/index.php\/wp-json\/wp\/v2\/posts\/55735\/revisions\/55738"}],"wp:featuredmedia":[{"embeddable":true,"href":"https:\/\/inces.gob.ve\/index.php\/wp-json\/wp\/v2\/media\/55736"}],"wp:attachment":[{"href":"https:\/\/inces.gob.ve\/index.php\/wp-json\/wp\/v2\/media?parent=55735"}],"wp:term":[{"taxonomy":"category","embeddable":true,"href":"https:\/\/inces.gob.ve\/index.php\/wp-json\/wp\/v2\/categories?post=55735"},{"taxonomy":"post_tag","embeddable":true,"href":"https:\/\/inces.gob.ve\/index.php\/wp-json\/wp\/v2\/tags?post=55735"}],"curies":[{"name":"wp","href":"https:\/\/api.w.org\/{rel}","templated":true}]}}