{"id":55812,"date":"2023-11-22T14:34:44","date_gmt":"2023-11-22T18:34:44","guid":{"rendered":"https:\/\/inces.gob.ve\/?p=55812"},"modified":"2023-11-22T14:36:27","modified_gmt":"2023-11-22T18:36:27","slug":"falcon-en-inces-conocen-sobre-el-esequibo","status":"publish","type":"post","link":"https:\/\/inces.gob.ve\/index.php\/2023\/11\/22\/falcon-en-inces-conocen-sobre-el-esequibo\/","title":{"rendered":"FALCON |  En Inces conocen sobre El Esequibo"},"content":{"rendered":"<p lang=\"es-US\" style=\"text-align: justify;\"><em><span style=\"font-family: helvetica, arial, sans-serif; font-size: 14pt;\"><b>**Territorio con 159.542 kil\u00f3metros cuadrados y es parte de la soberan\u00eda de los venezolanos. De all\u00ed la importancia de que asistamos al Refer\u00e9ndum Consultivo&#8230;<\/b><\/span><\/em><!--more--><\/p>\n<h2 lang=\"es-US\" style=\"text-align: justify;\" align=\"justify\"><span style=\"font-family: helvetica, arial, sans-serif; font-size: 14pt;\">En los centros de formaci\u00f3n socialista (CFS) \u201cAli Primera\u201d en Punto Fijo y en el \u201cJos\u00e9 Leonardo Chirino\u201d en Coro, se desarrollaron simult\u00e1neamente, conversatorios sobre El Esequibo, los cuales estuvieron a cargo de historiadores que se dirigieron a los presentes con soportes hist\u00f3ricos para una f\u00e1cil comprensi\u00f3n del tema, dirigido a trabajadores, maestros t\u00e9cnicos productivos (MTP), aprendices, estudiantes y comunidad en general.<\/span><\/h2>\n<p><img loading=\"lazy\" decoding=\"async\" class=\"aligncenter wp-image-55814 size-full\" src=\"https:\/\/inces.gob.ve\/wp-content\/uploads\/2023\/11\/Esequibo-.jpg\" alt=\"\" width=\"800\" height=\"378\" srcset=\"https:\/\/inces.gob.ve\/wp-content\/uploads\/2023\/11\/Esequibo-.jpg 800w, https:\/\/inces.gob.ve\/wp-content\/uploads\/2023\/11\/Esequibo--300x142.jpg 300w, https:\/\/inces.gob.ve\/wp-content\/uploads\/2023\/11\/Esequibo--768x363.jpg 768w\" sizes=\"auto, (max-width: 800px) 100vw, 800px\" \/><\/p>\n<p lang=\"es-US\" style=\"text-align: justify;\" align=\"justify\"><span style=\"font-family: helvetica, arial, sans-serif; font-size: 14pt;\">En Coro, los historiadores Alexis Antequera y Richard Hern\u00e1ndez, iniciaron con un paseo hist\u00f3rico sobre la geograf\u00eda, \u201cporque sin la historia no hay presente, ni futuro, respondemos a un tiempo y un espacio\u201d. Hablaron desde la \u00e9pica, cuando llegaron los espa\u00f1oles en 1.498 a territorio venezolano hasta la creaci\u00f3n geopol\u00edtica de las ciudades y cuando se cre\u00f3 la Capitan\u00eda General de Venezuela, como hecho fundamental, para que los j\u00f3venes conozcan y analicen. La educaci\u00f3n est\u00e1 llamada a ser instrumento importante en la transformaci\u00f3n.<\/span><\/p>\n<p lang=\"es-US\" style=\"text-align: justify;\" align=\"justify\"><span style=\"font-size: 14pt; font-family: helvetica, arial, sans-serif;\">Expresaron, \u00bfPor qu\u00e9 se debe conocer la defensa de la soberan\u00eda del pa\u00eds? Porque somos ciudadanos con deberes y derechos y \u201cdebemos defender todo lo que es nuestro\u201d.<\/span><\/p>\n<h2 lang=\"es-US\" style=\"text-align: justify;\" align=\"justify\"><img loading=\"lazy\" decoding=\"async\" class=\"alignnone size-medium wp-image-55815\" src=\"https:\/\/inces.gob.ve\/wp-content\/uploads\/2023\/11\/Esequibo-4-300x111.jpg\" alt=\"\" width=\"300\" height=\"111\" srcset=\"https:\/\/inces.gob.ve\/wp-content\/uploads\/2023\/11\/Esequibo-4-300x111.jpg 300w, https:\/\/inces.gob.ve\/wp-content\/uploads\/2023\/11\/Esequibo-4-768x284.jpg 768w, https:\/\/inces.gob.ve\/wp-content\/uploads\/2023\/11\/Esequibo-4.jpg 800w\" sizes=\"auto, (max-width: 300px) 100vw, 300px\" \/><\/h2>\n<h2 lang=\"es-US\" style=\"text-align: justify;\" align=\"justify\"><span style=\"font-size: 14pt; font-family: helvetica, arial, sans-serif;\">Por otra parte en Punto Fijo, el historiador Pedro Mart\u00ednez, se dirigi\u00f3 a los presentes documentando la frase: \u201cEsequibo es Nuestro\u201d, en un espacio educativo lleno de experiencia e historia, donde los presentes pudieron conocer fundamentos jur\u00eddicos, procesos hist\u00f3ricos y espacios geogr\u00e1ficos de este territorio de los venezolanos y manifest\u00f3 \u201cdebemos conocer la historia e investigar para no dejarnos enga\u00f1ar con este importante tema\u201d.<\/span><\/h2>\n<p lang=\"es-US\" style=\"text-align: justify;\" align=\"justify\"><span style=\"font-size: 14pt; font-family: helvetica, arial, sans-serif;\">Record\u00f3 Pedro Mart\u00ednez, Venezuela tiene la reserva m\u00e1s grande del mundo de gas, petr\u00f3leo, flora y fauna marina y cuenta con un trayecto hist\u00f3rico, donde m\u00e1s all\u00e1 de conocer su jurisdicci\u00f3n, hay que reconocer que este territorio que cuenta con de 159.542 Km.2, \u201ces parte de la soberan\u00eda de los venezolanos y venezolanas\u201d.<\/span><\/p>\n<p lang=\"es-US\" style=\"text-align: justify;\" align=\"justify\"><span style=\"font-family: helvetica, arial, sans-serif; font-size: 14pt;\">Prensa Inces Falc\u00f3n<\/span><\/p>\n<p lang=\"es-US\" style=\"text-align: justify;\" align=\"justify\"><span style=\"font-family: helvetica, arial, sans-serif; font-size: 14pt;\">Miriam Gonz\u00e1lez Villarroel<\/span><\/p>\n","protected":false},"excerpt":{"rendered":"<p>**Territorio con 159.542 kil\u00f3metros cuadrados y es parte de la soberan\u00eda de los venezolanos. De all\u00ed la importancia de que asistamos al Refer\u00e9ndum Consultivo&#8230;<\/p>\n","protected":false},"author":15,"featured_media":55813,"comment_status":"closed","ping_status":"closed","sticky":false,"template":"","format":"standard","meta":{"footnotes":""},"categories":[2],"tags":[],"class_list":["post-55812","post","type-post","status-publish","format-standard","has-post-thumbnail","hentry","category-blog"],"_links":{"self":[{"href":"https:\/\/inces.gob.ve\/index.php\/wp-json\/wp\/v2\/posts\/55812","targetHints":{"allow":["GET"]}}],"collection":[{"href":"https:\/\/inces.gob.ve\/index.php\/wp-json\/wp\/v2\/posts"}],"about":[{"href":"https:\/\/inces.gob.ve\/index.php\/wp-json\/wp\/v2\/types\/post"}],"author":[{"embeddable":true,"href":"https:\/\/inces.gob.ve\/index.php\/wp-json\/wp\/v2\/users\/15"}],"replies":[{"embeddable":true,"href":"https:\/\/inces.gob.ve\/index.php\/wp-json\/wp\/v2\/comments?post=55812"}],"version-history":[{"count":3,"href":"https:\/\/inces.gob.ve\/index.php\/wp-json\/wp\/v2\/posts\/55812\/revisions"}],"predecessor-version":[{"id":55818,"href":"https:\/\/inces.gob.ve\/index.php\/wp-json\/wp\/v2\/posts\/55812\/revisions\/55818"}],"wp:featuredmedia":[{"embeddable":true,"href":"https:\/\/inces.gob.ve\/index.php\/wp-json\/wp\/v2\/media\/55813"}],"wp:attachment":[{"href":"https:\/\/inces.gob.ve\/index.php\/wp-json\/wp\/v2\/media?parent=55812"}],"wp:term":[{"taxonomy":"category","embeddable":true,"href":"https:\/\/inces.gob.ve\/index.php\/wp-json\/wp\/v2\/categories?post=55812"},{"taxonomy":"post_tag","embeddable":true,"href":"https:\/\/inces.gob.ve\/index.php\/wp-json\/wp\/v2\/tags?post=55812"}],"curies":[{"name":"wp","href":"https:\/\/api.w.org\/{rel}","templated":true}]}}