{"id":55831,"date":"2023-11-24T09:01:38","date_gmt":"2023-11-24T13:01:38","guid":{"rendered":"https:\/\/inces.gob.ve\/?p=55831"},"modified":"2023-11-24T12:43:04","modified_gmt":"2023-11-24T16:43:04","slug":"inces-participa-en-la-fitven-2023","status":"publish","type":"post","link":"https:\/\/inces.gob.ve\/index.php\/2023\/11\/24\/inces-participa-en-la-fitven-2023\/","title":{"rendered":"Inces participa en la Fitven 2023"},"content":{"rendered":"<p style=\"text-align: justify;\"><span style=\"font-family: arial, helvetica, sans-serif; font-size: 14pt;\"><strong><em>** Durante el primer d\u00eda los visitantes se mostraron interesados en conocer las formaciones que el Inces ofrece en el estado Lara<\/em><\/strong><!--more--><\/span><\/p>\n<p style=\"text-align: justify;\"><span style=\"font-family: arial, helvetica, sans-serif; font-size: 14pt;\">El Instituto Nacional de Capacitaci\u00f3n y Educaci\u00f3n Socialista (Inces) estuvo presente en la inauguraci\u00f3n de la 17\u00aa edici\u00f3n de la Feria Internacional de Turismo de Venezuela 2023, que se celebra del 23 al 27 de noviembre en la ciudad de Barquisimeto, estado Lara.<\/span><\/p>\n<p>&nbsp;<\/p>\n<p style=\"text-align: justify;\"><span style=\"font-family: arial, helvetica, sans-serif; font-size: 14pt;\">El evento, inaugurado por la vicepresidente Delcy Rodr\u00edguez, tuvo lugar en la emblem\u00e1tica estructura \u00abLa Flor de Venezuela\u00bb, dise\u00f1ada por el reconocido arquitecto larense Fruto Vivas.<\/span><\/p>\n<p>&nbsp;<\/p>\n<p><img loading=\"lazy\" decoding=\"async\" class=\"aligncenter wp-image-55835 size-full\" src=\"https:\/\/inces.gob.ve\/wp-content\/uploads\/2023\/11\/IMG-20231124-WA0002.jpg\" alt=\"\" width=\"960\" height=\"640\" srcset=\"https:\/\/inces.gob.ve\/wp-content\/uploads\/2023\/11\/IMG-20231124-WA0002.jpg 960w, https:\/\/inces.gob.ve\/wp-content\/uploads\/2023\/11\/IMG-20231124-WA0002-300x200.jpg 300w, https:\/\/inces.gob.ve\/wp-content\/uploads\/2023\/11\/IMG-20231124-WA0002-768x512.jpg 768w, https:\/\/inces.gob.ve\/wp-content\/uploads\/2023\/11\/IMG-20231124-WA0002-272x182.jpg 272w\" sizes=\"auto, (max-width: 960px) 100vw, 960px\" \/><\/p>\n<p style=\"text-align: justify;\"><span style=\"font-family: arial, helvetica, sans-serif; font-size: 14pt;\">Durante su participaci\u00f3n, el Inces cont\u00f3 con dos espacios: uno informativo, donde se brind\u00f3 a detalle las oportunidades formativas en el \u00e1mbito\u00a0 tur\u00edstico, as\u00ed como en otras \u00e1reas, con especial atenci\u00f3n en las que se desprenden de los motores Textil y Calzado.<\/span><\/p>\n<p style=\"text-align: justify;\"><span style=\"font-family: arial, helvetica, sans-serif; font-size: 14pt;\">El segundo espacio se trata de un stand de exposici\u00f3n de la marca Wadaka donde se ofrecen productos libres de gluten y elaborados con harinas alternativas y dulcer\u00eda criolla.<\/span><\/p>\n<p style=\"text-align: justify;\"><span style=\"font-family: arial, helvetica, sans-serif; font-size: 14pt;\">Adem\u00e1s, el INCES tiene planeado participar en las ruedas de negocios que se llevaron a cabo en los d\u00edas posteriores, con el objetivo de establecer contactos y alianzas estrat\u00e9gicas que permitieran el encadenamiento productivo. <\/span><\/p>\n<p>&nbsp;<\/p>\n<p style=\"text-align: justify;\"><span style=\"font-family: arial, helvetica, sans-serif; font-size: 14pt;\">A trav\u00e9s de estas alianzas, el INCES buscaba ofrecer sus servicios y, al mismo tiempo, conocer las propuestas y oportunidades que las empresas participantes pod\u00edan ofrecer a la instituci\u00f3n.<\/span><\/p>\n<p style=\"text-align: justify;\"><span style=\"font-family: arial, helvetica, sans-serif; font-size: 14pt;\">La destacada participaci\u00f3n del INCES en la Feria Internacional de Turismo demostr\u00f3 su compromiso con el desarrollo y fortalecimiento del sector tur\u00edstico en Venezuela.\u00a0<\/span><\/p>\n","protected":false},"excerpt":{"rendered":"<p>** Durante el primer d\u00eda los visitantes se mostraron interesados en conocer las formaciones que el Inces ofrece en el estado Lara<\/p>\n","protected":false},"author":4,"featured_media":55833,"comment_status":"closed","ping_status":"closed","sticky":false,"template":"","format":"standard","meta":{"footnotes":""},"categories":[2],"tags":[],"class_list":["post-55831","post","type-post","status-publish","format-standard","has-post-thumbnail","hentry","category-blog"],"_links":{"self":[{"href":"https:\/\/inces.gob.ve\/index.php\/wp-json\/wp\/v2\/posts\/55831","targetHints":{"allow":["GET"]}}],"collection":[{"href":"https:\/\/inces.gob.ve\/index.php\/wp-json\/wp\/v2\/posts"}],"about":[{"href":"https:\/\/inces.gob.ve\/index.php\/wp-json\/wp\/v2\/types\/post"}],"author":[{"embeddable":true,"href":"https:\/\/inces.gob.ve\/index.php\/wp-json\/wp\/v2\/users\/4"}],"replies":[{"embeddable":true,"href":"https:\/\/inces.gob.ve\/index.php\/wp-json\/wp\/v2\/comments?post=55831"}],"version-history":[{"count":4,"href":"https:\/\/inces.gob.ve\/index.php\/wp-json\/wp\/v2\/posts\/55831\/revisions"}],"predecessor-version":[{"id":55836,"href":"https:\/\/inces.gob.ve\/index.php\/wp-json\/wp\/v2\/posts\/55831\/revisions\/55836"}],"wp:featuredmedia":[{"embeddable":true,"href":"https:\/\/inces.gob.ve\/index.php\/wp-json\/wp\/v2\/media\/55833"}],"wp:attachment":[{"href":"https:\/\/inces.gob.ve\/index.php\/wp-json\/wp\/v2\/media?parent=55831"}],"wp:term":[{"taxonomy":"category","embeddable":true,"href":"https:\/\/inces.gob.ve\/index.php\/wp-json\/wp\/v2\/categories?post=55831"},{"taxonomy":"post_tag","embeddable":true,"href":"https:\/\/inces.gob.ve\/index.php\/wp-json\/wp\/v2\/tags?post=55831"}],"curies":[{"name":"wp","href":"https:\/\/api.w.org\/{rel}","templated":true}]}}