{"id":55865,"date":"2023-09-22T17:34:48","date_gmt":"2023-09-22T21:34:48","guid":{"rendered":"https:\/\/inces.gob.ve\/?p=55865"},"modified":"2023-11-26T17:43:16","modified_gmt":"2023-11-26T21:43:16","slug":"apure-la-gerencia-general-de-talento-humano-del-inces-realizo-la-entrega-de-73-ascensos-y-11-titularidades-de-cargos","status":"publish","type":"post","link":"https:\/\/inces.gob.ve\/index.php\/2023\/09\/22\/apure-la-gerencia-general-de-talento-humano-del-inces-realizo-la-entrega-de-73-ascensos-y-11-titularidades-de-cargos\/","title":{"rendered":"APURE | La Gerencia General de Talento Humano del Inces realiz\u00f3 la entrega de 73 ascensos y 11 titularidades de cargos"},"content":{"rendered":"<p style=\"text-align: justify;\"><strong><em><span style=\"font-family: helvetica, arial, sans-serif; font-size: 14pt;\">** El evento se viene desarrollando en todo el pa\u00eds, como un acto de justicia social para los trabajadores, reconociendo la trayectoria, compromiso y dedicaci\u00f3n de la clase trabajadora dentro del Instituto Nacional de Capacitaci\u00f3n y Educaci\u00f3n Socialista (Inces)<\/span><\/em><\/strong><!--more--><\/p>\n<p>&nbsp;<\/p>\n<p>&nbsp;<\/p>\n<p style=\"text-align: justify;\"><span style=\"font-family: helvetica, arial, sans-serif; font-size: 14pt;\">En un emotivo acto, trabajadores recibieron con alegr\u00eda la entrega de ascensos y las titularidades de cargo en la regi\u00f3n llanera, gracias a las pol\u00edticas de la ministra Yelitze Santaella y al presidente de la instituci\u00f3n Wuikelman Angel Paredes.<\/span><\/p>\n<p>&nbsp;<\/p>\n<p style=\"text-align: justify;\"><span style=\"font-family: helvetica, arial, sans-serif; font-size: 14pt;\">En este sentido, el gerente regional Daviel Rodr\u00edguez, declar\u00f3: \u00abHoy celebramos estos merecidos ascensos y titularidades de cargos, reconociendo la constancia y pasi\u00f3n dedicada a la instituci\u00f3n, tambi\u00e9n quiero decirles que nunca es tarde para estudiar, sigan prepar\u00e1ndose, acabamos de evidenciar que el estudio nos brinda crecimiento personal y profesional, compa\u00f1eros que se prepararon y fueron ascendidos gracias a sus logros acad\u00e9micos\u00bb.<\/span><\/p>\n<p>&nbsp;<\/p>\n<p style=\"text-align: justify;\"><span style=\"font-family: helvetica, arial, sans-serif; font-size: 14pt;\">Por otro lado el trabajador Manuel Loreto destac\u00f3: \u00abEl esfuerzo vali\u00f3 la pena, hoy es un d\u00eda de j\u00fabilo y gozo gracias al presidente Nicol\u00e1s Maduro, la ministra Yelitze Santaella, el presidente, Wuikelman \u00c1ngel, la Gerencia General de Talento Humano, el Consejo de Gesti\u00f3n Regional y al gerente, Daviel Rodr\u00edguez por estas pol\u00edticas que van en beneficio de los trabajadores hoy. Mis estudios, que eran un proyecto, logr\u00e9 concretarlos y me permitieron recibir un ascenso. Les digo a mis compa\u00f1eros que se preparen. Sigamos adelante\u00bb.<\/span><\/p>\n","protected":false},"excerpt":{"rendered":"<p>** El evento se viene desarrollando en todo el pa\u00eds, como un acto de justicia social para los trabajadores, reconociendo la trayectoria, compromiso y dedicaci\u00f3n de la clase trabajadora dentro del Instituto Nacional de Capacitaci\u00f3n y Educaci\u00f3n Socialista (Inces)<\/p>\n","protected":false},"author":4,"featured_media":55866,"comment_status":"closed","ping_status":"closed","sticky":false,"template":"","format":"standard","meta":{"footnotes":""},"categories":[2],"tags":[],"class_list":["post-55865","post","type-post","status-publish","format-standard","has-post-thumbnail","hentry","category-blog"],"_links":{"self":[{"href":"https:\/\/inces.gob.ve\/index.php\/wp-json\/wp\/v2\/posts\/55865","targetHints":{"allow":["GET"]}}],"collection":[{"href":"https:\/\/inces.gob.ve\/index.php\/wp-json\/wp\/v2\/posts"}],"about":[{"href":"https:\/\/inces.gob.ve\/index.php\/wp-json\/wp\/v2\/types\/post"}],"author":[{"embeddable":true,"href":"https:\/\/inces.gob.ve\/index.php\/wp-json\/wp\/v2\/users\/4"}],"replies":[{"embeddable":true,"href":"https:\/\/inces.gob.ve\/index.php\/wp-json\/wp\/v2\/comments?post=55865"}],"version-history":[{"count":1,"href":"https:\/\/inces.gob.ve\/index.php\/wp-json\/wp\/v2\/posts\/55865\/revisions"}],"predecessor-version":[{"id":55867,"href":"https:\/\/inces.gob.ve\/index.php\/wp-json\/wp\/v2\/posts\/55865\/revisions\/55867"}],"wp:featuredmedia":[{"embeddable":true,"href":"https:\/\/inces.gob.ve\/index.php\/wp-json\/wp\/v2\/media\/55866"}],"wp:attachment":[{"href":"https:\/\/inces.gob.ve\/index.php\/wp-json\/wp\/v2\/media?parent=55865"}],"wp:term":[{"taxonomy":"category","embeddable":true,"href":"https:\/\/inces.gob.ve\/index.php\/wp-json\/wp\/v2\/categories?post=55865"},{"taxonomy":"post_tag","embeddable":true,"href":"https:\/\/inces.gob.ve\/index.php\/wp-json\/wp\/v2\/tags?post=55865"}],"curies":[{"name":"wp","href":"https:\/\/api.w.org\/{rel}","templated":true}]}}