{"id":55889,"date":"2023-11-27T12:22:57","date_gmt":"2023-11-27T16:22:57","guid":{"rendered":"https:\/\/inces.gob.ve\/?p=55889"},"modified":"2023-12-05T17:10:08","modified_gmt":"2023-12-05T21:10:08","slug":"falcon-la-unidad-curricualr-zapateria-llega-a-su-fin","status":"publish","type":"post","link":"https:\/\/inces.gob.ve\/index.php\/2023\/11\/27\/falcon-la-unidad-curricualr-zapateria-llega-a-su-fin\/","title":{"rendered":"TRUJILLO | La unidad curricular Zapater\u00eda llega a su fin"},"content":{"rendered":"<p style=\"text-align: justify;\"><span style=\"font-family: helvetica, arial, sans-serif; font-size: 14pt;\">** <em><strong>Lleg\u00f3 a su fin la formaci\u00f3n de la unidad curricular de zapater\u00eda impartida en el Centro de Formaci\u00f3n Socialista (CFS) Al\u00ed Primera, por la maestra t\u00e9cnico voluntaria Mariela Ju\u00e1rez<\/strong><\/em><\/span><!--more--><\/p>\n<p>&nbsp;<\/p>\n<p style=\"text-align: justify;\"><span style=\"font-family: helvetica, arial, sans-serif; font-size: 14pt;\">Culmin\u00f3 la unidad curricular Zapater\u00eda permitiendo que 18 participantes desarrollen las habilidades t\u00e9cnicas en la elaboraci\u00f3n de zapatos de ni\u00f1as y damas espec\u00edficamente el modelo de zapatillas. Esta formaci\u00f3n se desarroll\u00f3 durante los meses de octubre y noviembre con una duraci\u00f3n de 40 horas acad\u00e9micas.<\/span><\/p>\n<p><img loading=\"lazy\" decoding=\"async\" class=\"aligncenter wp-image-55892 size-large\" src=\"https:\/\/inces.gob.ve\/wp-content\/uploads\/2023\/11\/WhatsApp-Image-2023-11-23-at-1.38.16-PM-1-1024x1024.jpeg\" alt=\"\" width=\"640\" height=\"640\" \/><\/p>\n<p style=\"text-align: justify;\"><span style=\"font-family: helvetica, arial, sans-serif; font-size: 14pt;\">El ramo de la zapater\u00eda cuenta con el personal formado en la elaboraci\u00f3n de calzado, quienes se dieron cita en las instalaciones del CFS Al\u00ed Primera con el prop\u00f3sito de perfeccionarse en este\u00a0 oficio.<\/span><\/p>\n<p><img loading=\"lazy\" decoding=\"async\" class=\"aligncenter wp-image-55893 size-large\" src=\"https:\/\/inces.gob.ve\/wp-content\/uploads\/2023\/11\/WhatsApp-Image-2023-11-23-at-1.38.17-PM-1024x1024.jpeg\" alt=\"\" width=\"640\" height=\"640\" \/><\/p>\n<p style=\"text-align: justify;\"><span style=\"font-family: helvetica, arial, sans-serif; font-size: 14pt;\">Durante el encuentro de cierre de esta unidad curricular se pudo observar gran variedad de zapatillas tanto de ni\u00f1a como de damas, elaboradas con amor y dedicaci\u00f3n por los participantes, quienes agradecen profundamente los conocimientos que fueron impartidos por la profesora Mariela Ju\u00e1rez.<\/span><\/p>\n<p style=\"text-align: justify;\"><span style=\"font-family: helvetica, arial, sans-serif; font-size: 14pt;\">De acuerdo con lo expresado por uno de los participantes, lo aprendido en la formaci\u00f3n le ha permitido consentir a su peque\u00f1a hija con la elaboraci\u00f3n de hermosas zapatillas para complementar su atuendo en la celebraci\u00f3n de las fiestas navide\u00f1as.<\/span><\/p>\n<p><img loading=\"lazy\" decoding=\"async\" class=\"aligncenter wp-image-55890 \" src=\"https:\/\/inces.gob.ve\/wp-content\/uploads\/2023\/11\/WhatsApp-Image-2023-11-23-at-1.38.14-PM-1024x1024.jpeg\" alt=\"\" width=\"573\" height=\"573\" \/><\/p>\n<p style=\"text-align: justify;\"><span style=\"font-family: helvetica, arial, sans-serif; font-size: 14pt;\">Por otra parte, la maestra voluntaria explica que este tipo de modelo forma parte de la formaci\u00f3n inicial del arte de la zapater\u00eda, adem\u00e1s est\u00e1 dispuesta a continuar impartiendo las sucesivas unidades curriculares.<\/span><\/p>\n<p style=\"text-align: justify;\"><span style=\"font-family: helvetica, arial, sans-serif; font-size: 14pt;\">Finalmente, el gerente regional Alexis Brice\u00f1o agradece el apoyo brindado por la maestra Ju\u00e1rez al compartir sus conocimientos con este nutrido grupo de participantes que ve materializado este logro de elaborar los modelos de zapatillas para su uso personal as\u00ed como tambi\u00e9n para emprender un oficio que generar\u00e1 beneficios econ\u00f3micos y contribuir\u00e1 con el desarrollo econ\u00f3mico de la regi\u00f3n.<\/span><\/p>\n","protected":false},"excerpt":{"rendered":"<p>** Lleg\u00f3 a su fin la formaci\u00f3n de la unidad curricular de zapater\u00eda impartida en el Centro de Formaci\u00f3n Socialista (CFS) Al\u00ed Primera, por la maestra t\u00e9cnico voluntaria Mariela Ju\u00e1rez<\/p>\n","protected":false},"author":15,"featured_media":55891,"comment_status":"closed","ping_status":"closed","sticky":false,"template":"","format":"standard","meta":{"footnotes":""},"categories":[2],"tags":[],"class_list":["post-55889","post","type-post","status-publish","format-standard","has-post-thumbnail","hentry","category-blog"],"_links":{"self":[{"href":"https:\/\/inces.gob.ve\/index.php\/wp-json\/wp\/v2\/posts\/55889","targetHints":{"allow":["GET"]}}],"collection":[{"href":"https:\/\/inces.gob.ve\/index.php\/wp-json\/wp\/v2\/posts"}],"about":[{"href":"https:\/\/inces.gob.ve\/index.php\/wp-json\/wp\/v2\/types\/post"}],"author":[{"embeddable":true,"href":"https:\/\/inces.gob.ve\/index.php\/wp-json\/wp\/v2\/users\/15"}],"replies":[{"embeddable":true,"href":"https:\/\/inces.gob.ve\/index.php\/wp-json\/wp\/v2\/comments?post=55889"}],"version-history":[{"count":4,"href":"https:\/\/inces.gob.ve\/index.php\/wp-json\/wp\/v2\/posts\/55889\/revisions"}],"predecessor-version":[{"id":56082,"href":"https:\/\/inces.gob.ve\/index.php\/wp-json\/wp\/v2\/posts\/55889\/revisions\/56082"}],"wp:featuredmedia":[{"embeddable":true,"href":"https:\/\/inces.gob.ve\/index.php\/wp-json\/wp\/v2\/media\/55891"}],"wp:attachment":[{"href":"https:\/\/inces.gob.ve\/index.php\/wp-json\/wp\/v2\/media?parent=55889"}],"wp:term":[{"taxonomy":"category","embeddable":true,"href":"https:\/\/inces.gob.ve\/index.php\/wp-json\/wp\/v2\/categories?post=55889"},{"taxonomy":"post_tag","embeddable":true,"href":"https:\/\/inces.gob.ve\/index.php\/wp-json\/wp\/v2\/tags?post=55889"}],"curies":[{"name":"wp","href":"https:\/\/api.w.org\/{rel}","templated":true}]}}