{"id":55953,"date":"2023-11-28T14:31:48","date_gmt":"2023-11-28T18:31:48","guid":{"rendered":"https:\/\/inces.gob.ve\/?p=55953"},"modified":"2023-11-29T13:54:18","modified_gmt":"2023-11-29T17:54:18","slug":"taller-de-direccion-de-cine-desarrolla-la-escuela-de-medios-del-inces","status":"publish","type":"post","link":"https:\/\/inces.gob.ve\/index.php\/2023\/11\/28\/taller-de-direccion-de-cine-desarrolla-la-escuela-de-medios-del-inces\/","title":{"rendered":"Taller de Direcci\u00f3n de Cine desarrolla la escuela de medios del Inces"},"content":{"rendered":"<p style=\"text-align: justify;\" align=\"center\"><strong><span style=\"font-family: helvetica, arial, sans-serif; font-size: 14pt;\"><i>** Los participantes tendr\u00e1n la ocasi\u00f3n de desarrollar un corto cinematogr\u00e1fico en sus diferentes procesos de realizaci\u00f3n: preproducci\u00f3n, producci\u00f3n y edici\u00f3n<\/i><\/span><\/strong><!--more--><\/p>\n<p style=\"text-align: justify;\" align=\"justify\"><span style=\"font-family: helvetica, arial, sans-serif; font-size: 14pt;\">La Escuela de Medios y Comunicaci\u00f3n del Inces (EMCI) contin\u00faa convocando a j\u00f3venes interesados en formarse en el oficio audiovisual con la apertura de los cursos de Guion y Direcci\u00f3n de Cine, de cuyo resultado los participantes tendr\u00e1n la oportunidad de realizar un corto cinematogr\u00e1fico.<\/span><\/p>\n<p style=\"text-align: justify;\" align=\"justify\"><span style=\"font-family: helvetica, arial, sans-serif; font-size: 14pt;\">El taller de Direcci\u00f3n de Cine est\u00e1 dirigido por el profesor Ricardo Mart\u00ednez, un productor que a pesar de su juventud cuenta con una amplia experiencia en el arte de hacer pel\u00edculas, de escribir guiones y de crear efectos especiales, adem\u00e1s de desarrollar productos audiovisuales de diferentes formatos destinados a la televisi\u00f3n, el cine y la publicidad.<\/span><\/p>\n<p align=\"justify\"><img loading=\"lazy\" decoding=\"async\" class=\"aligncenter wp-image-55955 size-large\" src=\"https:\/\/inces.gob.ve\/wp-content\/uploads\/2023\/11\/DSC_7326-1024x685.jpg\" alt=\"\" width=\"640\" height=\"428\" srcset=\"https:\/\/inces.gob.ve\/wp-content\/uploads\/2023\/11\/DSC_7326-1024x685.jpg 1024w, https:\/\/inces.gob.ve\/wp-content\/uploads\/2023\/11\/DSC_7326-300x201.jpg 300w, https:\/\/inces.gob.ve\/wp-content\/uploads\/2023\/11\/DSC_7326-768x514.jpg 768w, https:\/\/inces.gob.ve\/wp-content\/uploads\/2023\/11\/DSC_7326-1536x1028.jpg 1536w, https:\/\/inces.gob.ve\/wp-content\/uploads\/2023\/11\/DSC_7326-2048x1371.jpg 2048w, https:\/\/inces.gob.ve\/wp-content\/uploads\/2023\/11\/DSC_7326-272x182.jpg 272w\" sizes=\"auto, (max-width: 640px) 100vw, 640px\" \/><\/p>\n<p style=\"text-align: justify;\" align=\"justify\"><span style=\"font-family: helvetica, arial, sans-serif; font-size: 14pt;\">Mart\u00ednez comenz\u00f3 en el mundo audiovisual cuando era apenas un adolescente produciendo un video promocional para una banda de rock caraque\u00f1a y, aunque ya desarrollaba historias y guiones para la televisi\u00f3n, desde ese momento su preocupaci\u00f3n apunt\u00f3 a la creaci\u00f3n de contenidos desde una c\u00e1mara de video de cuya convicci\u00f3n escribi\u00f3 y dirigi\u00f3 los siguientes cortos: \u201cLa batalla de El Rodeo, El portal de Carabobo\u201d, \u201cEl viejo del r\u00edo\u201d, \u201cKarma\u201d, entre otros proyectos audiovisuales donde se incluyen algunos videoclips y piezas comerciales.<\/span><\/p>\n<p style=\"text-align: justify;\" align=\"justify\"><span style=\"font-family: helvetica, arial, sans-serif; font-size: 14pt;\">En esta oportunidad, los participantes de este curso de Direcci\u00f3n de Cine tendr\u00e1n la ocasi\u00f3n de desarrollar un corto cinematogr\u00e1fico en sus diferentes procesos de realizaci\u00f3n: preproducci\u00f3n, producci\u00f3n y edici\u00f3n.<\/span><\/p>\n<p style=\"text-align: justify;\" align=\"justify\"><span style=\"font-family: helvetica, arial, sans-serif; font-size: 14pt;\">Mart\u00ednez considera que las oportunidades est\u00e1n abiertas para los j\u00f3venes caraque\u00f1os que quieran desarrollar una carrera en el mundo audiovisual, toda vez que anteriormente era muy dif\u00edcil estudiar cine en Caracas y aunque la EMCI est\u00e1 en desarrollo, \u00e9sta se muestra como una interesante opci\u00f3n para los j\u00f3venes que deseen ampliar conocimientos en \u00e1reas como la fotograf\u00eda, la edici\u00f3n, la c\u00e1mara y escritura de guiones.<\/span><\/p>\n<p align=\"justify\"><img loading=\"lazy\" decoding=\"async\" class=\"aligncenter wp-image-55956 size-large\" src=\"https:\/\/inces.gob.ve\/wp-content\/uploads\/2023\/11\/DSC_7321-1024x685.jpg\" alt=\"\" width=\"640\" height=\"428\" srcset=\"https:\/\/inces.gob.ve\/wp-content\/uploads\/2023\/11\/DSC_7321-1024x685.jpg 1024w, https:\/\/inces.gob.ve\/wp-content\/uploads\/2023\/11\/DSC_7321-300x201.jpg 300w, https:\/\/inces.gob.ve\/wp-content\/uploads\/2023\/11\/DSC_7321-768x514.jpg 768w, https:\/\/inces.gob.ve\/wp-content\/uploads\/2023\/11\/DSC_7321-1536x1028.jpg 1536w, https:\/\/inces.gob.ve\/wp-content\/uploads\/2023\/11\/DSC_7321-2048x1371.jpg 2048w, https:\/\/inces.gob.ve\/wp-content\/uploads\/2023\/11\/DSC_7321-272x182.jpg 272w\" sizes=\"auto, (max-width: 640px) 100vw, 640px\" \/><\/p>\n<p style=\"text-align: justify;\" align=\"justify\"><span style=\"font-family: helvetica, arial, sans-serif; font-size: 14pt;\">El objetivo de este taller es mostrarle a los participantes c\u00f3mo se elabora una puesta en escena y una puesta en cuadro; c\u00f3mo piensa un director, cu\u00e1les son las funciones o cu\u00e1les son las cualidades que debe tener un director de cine como persona creativa que debe manejar todas las \u00e1reas para la realizaci\u00f3n de un proyecto cinematogr\u00e1fico.<\/span><\/p>\n<p style=\"text-align: justify;\" align=\"justify\"><span style=\"font-family: helvetica, arial, sans-serif; font-size: 14pt;\">\u201cEn el taller vamos a hacer algunos ejercicios, igualmente vamos a consultar algunas teor\u00edas en el hecho de c\u00f3mo se debe comportar un director desde la preproducci\u00f3n, hasta la distribuci\u00f3n de la pel\u00edcula\u201d, precis\u00f3 Mart\u00ednez.<\/span><\/p>\n<p style=\"text-align: justify;\" align=\"justify\"><span style=\"font-family: helvetica, arial, sans-serif; font-size: 14pt;\">Como se trata de que el producto final de este taller es la realizaci\u00f3n de un cortometraje, Mart\u00ednez usar\u00e1 su experiencia para que estos cortos tengan espacio en las redes sociales a fin de que sean vistos por una mayor cantidad de p\u00fablico.<\/span><\/p>\n","protected":false},"excerpt":{"rendered":"<p>** Los participantes tendr\u00e1n la ocasi\u00f3n de desarrollar un corto cinematogr\u00e1fico en sus diferentes procesos de realizaci\u00f3n: preproducci\u00f3n, producci\u00f3n y edici\u00f3n<\/p>\n","protected":false},"author":4,"featured_media":55954,"comment_status":"closed","ping_status":"closed","sticky":false,"template":"","format":"standard","meta":{"footnotes":""},"categories":[2],"tags":[],"class_list":["post-55953","post","type-post","status-publish","format-standard","has-post-thumbnail","hentry","category-blog"],"_links":{"self":[{"href":"https:\/\/inces.gob.ve\/index.php\/wp-json\/wp\/v2\/posts\/55953","targetHints":{"allow":["GET"]}}],"collection":[{"href":"https:\/\/inces.gob.ve\/index.php\/wp-json\/wp\/v2\/posts"}],"about":[{"href":"https:\/\/inces.gob.ve\/index.php\/wp-json\/wp\/v2\/types\/post"}],"author":[{"embeddable":true,"href":"https:\/\/inces.gob.ve\/index.php\/wp-json\/wp\/v2\/users\/4"}],"replies":[{"embeddable":true,"href":"https:\/\/inces.gob.ve\/index.php\/wp-json\/wp\/v2\/comments?post=55953"}],"version-history":[{"count":3,"href":"https:\/\/inces.gob.ve\/index.php\/wp-json\/wp\/v2\/posts\/55953\/revisions"}],"predecessor-version":[{"id":55973,"href":"https:\/\/inces.gob.ve\/index.php\/wp-json\/wp\/v2\/posts\/55953\/revisions\/55973"}],"wp:featuredmedia":[{"embeddable":true,"href":"https:\/\/inces.gob.ve\/index.php\/wp-json\/wp\/v2\/media\/55954"}],"wp:attachment":[{"href":"https:\/\/inces.gob.ve\/index.php\/wp-json\/wp\/v2\/media?parent=55953"}],"wp:term":[{"taxonomy":"category","embeddable":true,"href":"https:\/\/inces.gob.ve\/index.php\/wp-json\/wp\/v2\/categories?post=55953"},{"taxonomy":"post_tag","embeddable":true,"href":"https:\/\/inces.gob.ve\/index.php\/wp-json\/wp\/v2\/tags?post=55953"}],"curies":[{"name":"wp","href":"https:\/\/api.w.org\/{rel}","templated":true}]}}