{"id":55985,"date":"2023-11-30T21:43:09","date_gmt":"2023-12-01T01:43:09","guid":{"rendered":"https:\/\/inces.gob.ve\/?p=55985"},"modified":"2023-11-30T21:43:09","modified_gmt":"2023-12-01T01:43:09","slug":"tachira-inces-celebro-el-primer-reto-al-conocimiento-sobre-el-esequibo","status":"publish","type":"post","link":"https:\/\/inces.gob.ve\/index.php\/2023\/11\/30\/tachira-inces-celebro-el-primer-reto-al-conocimiento-sobre-el-esequibo\/","title":{"rendered":"T\u00c1CHIRA | Inces celebr\u00f3 el Primer Reto al Conocimiento sobre el Esequibo"},"content":{"rendered":"<p><span style=\"font-family: helvetica, arial, sans-serif;\"><em><strong>** Que la juventud conozca todos los antecedentes del Esequibo es necesario para el voto con\u00a0<\/strong><\/em><\/span><span style=\"font-family: helvetica, arial, sans-serif;\"><b><i>conciencia<\/i><\/b><\/span><!--more--><\/p>\n<p>&nbsp;<\/p>\n<p style=\"text-align: justify;\"><span style=\"font-family: helvetica, arial, sans-serif; font-size: 14pt;\">Una actividad in\u00e9dita llev\u00f3 a cabo el Inces T\u00e1chira durante este mi\u00e9rcoles, en el auditorium del Centro de Formaci\u00f3n Socialista Luis Beltran Prieto Figueroa, a fin de reforzar los conocimientos hist\u00f3ricos que los aprendices ten\u00edan sobre el Esequibo.<\/span><\/p>\n<p>&nbsp;<\/p>\n<p style=\"text-align: justify;\"><span style=\"font-family: helvetica, arial, sans-serif; font-size: 14pt;\">Con la actividad \u00abReto al conocimiento de nuestro Esequibo\u00bb, aprendices midieron sus conocimientos sobre nuestro Esequibo y ganaron puntos en una competencia donde participaron m\u00e1s de 200 aprendices en equipos como Inces Comercio, Inces Sofitasa y ASDEJ, resultando ganadores los concursantes del equipo Inces Sofitasa.<\/span><\/p>\n<p><img loading=\"lazy\" decoding=\"async\" class=\"aligncenter wp-image-55989 size-full\" src=\"https:\/\/inces.gob.ve\/wp-content\/uploads\/2023\/11\/WhatsApp-Image-2023-11-30-at-10.46.52-AM-1.jpeg\" alt=\"\" width=\"1024\" height=\"574\" srcset=\"https:\/\/inces.gob.ve\/wp-content\/uploads\/2023\/11\/WhatsApp-Image-2023-11-30-at-10.46.52-AM-1.jpeg 1024w, https:\/\/inces.gob.ve\/wp-content\/uploads\/2023\/11\/WhatsApp-Image-2023-11-30-at-10.46.52-AM-1-300x168.jpeg 300w, https:\/\/inces.gob.ve\/wp-content\/uploads\/2023\/11\/WhatsApp-Image-2023-11-30-at-10.46.52-AM-1-768x431.jpeg 768w\" sizes=\"auto, (max-width: 1024px) 100vw, 1024px\" \/><\/p>\n<p>&nbsp;<\/p>\n<p style=\"text-align: justify;\"><span style=\"font-family: helvetica, arial, sans-serif; font-size: 14pt;\">A la actividad, que por primera vez se realiza en la regi\u00f3n, asistieron la secretaria del comando de campa\u00f1a \u00abVenezuela Toda\u00bb T\u00e1chira, Charly Rojas, representantes de la juventud del comando de campa\u00f1a \u00abVenezuela Toda\u00bb, Anderson Poveda y Yurby Garc\u00eda, quienes estuvieron acompa\u00f1ados por el gerente regional del Inces, Geovanni Gonz\u00e1lez y dem\u00e1s autoridades regionales del instituto.<\/span><\/p>\n<p>&nbsp;<\/p>\n<p><img loading=\"lazy\" decoding=\"async\" class=\"aligncenter wp-image-55990 size-full\" src=\"https:\/\/inces.gob.ve\/wp-content\/uploads\/2023\/11\/WhatsApp-Image-2023-11-30-at-10.46.52-AM.jpeg\" alt=\"\" width=\"1008\" height=\"756\" srcset=\"https:\/\/inces.gob.ve\/wp-content\/uploads\/2023\/11\/WhatsApp-Image-2023-11-30-at-10.46.52-AM.jpeg 1008w, https:\/\/inces.gob.ve\/wp-content\/uploads\/2023\/11\/WhatsApp-Image-2023-11-30-at-10.46.52-AM-300x225.jpeg 300w, https:\/\/inces.gob.ve\/wp-content\/uploads\/2023\/11\/WhatsApp-Image-2023-11-30-at-10.46.52-AM-768x576.jpeg 768w, https:\/\/inces.gob.ve\/wp-content\/uploads\/2023\/11\/WhatsApp-Image-2023-11-30-at-10.46.52-AM-136x102.jpeg 136w\" sizes=\"auto, (max-width: 1008px) 100vw, 1008px\" \/><\/p>\n<p>&nbsp;<\/p>\n<p style=\"text-align: justify;\"><span style=\"font-family: helvetica, arial, sans-serif; font-size: 14pt;\">Geovanni Gonz\u00e1lez, gerente regional, asegur\u00f3 que se trata de una actividad formativa con la que buscan afianzar los conocimientos que los j\u00f3venes tienen sobre la historia de Venezuela y espec\u00edficamente sobre el Esequibo y forma parte de los lineamientos que se emanan de la presidencia del Inces nacional y nuestro Wuikelman Angel Paredes y gobernador del estado, Freddy Bernal, con la finalidad de formar a nuestros j\u00f3venes en defensa del territorio patrio.<\/span><\/p>\n<p><img loading=\"lazy\" decoding=\"async\" class=\"aligncenter wp-image-55986 size-full\" src=\"https:\/\/inces.gob.ve\/wp-content\/uploads\/2023\/11\/WhatsApp-Image-2023-11-30-at-10.46.54-AM-1.jpeg\" alt=\"\" width=\"1024\" height=\"575\" srcset=\"https:\/\/inces.gob.ve\/wp-content\/uploads\/2023\/11\/WhatsApp-Image-2023-11-30-at-10.46.54-AM-1.jpeg 1024w, https:\/\/inces.gob.ve\/wp-content\/uploads\/2023\/11\/WhatsApp-Image-2023-11-30-at-10.46.54-AM-1-300x168.jpeg 300w, https:\/\/inces.gob.ve\/wp-content\/uploads\/2023\/11\/WhatsApp-Image-2023-11-30-at-10.46.54-AM-1-768x431.jpeg 768w\" sizes=\"auto, (max-width: 1024px) 100vw, 1024px\" \/><\/p>\n<p style=\"text-align: justify;\"><span style=\"font-family: helvetica, arial, sans-serif; font-size: 14pt;\">La secretaria del <\/span><span style=\"font-family: helvetica, arial, sans-serif; font-size: 14pt;\">Comando de Campa\u00f1a Charly Rojas aplaudi\u00f3 la actividad que por primera vez se hace en T\u00e1chira, sobre todo porque gusta a los j\u00f3venes, los divierte y adem\u00e1s aprenden.<\/span><\/p>\n","protected":false},"excerpt":{"rendered":"<p>** Que la juventud conozca todos los antecedentes del Esequibo es necesario para el voto con\u00a0conciencia<\/p>\n","protected":false},"author":4,"featured_media":55987,"comment_status":"closed","ping_status":"closed","sticky":false,"template":"","format":"standard","meta":{"footnotes":""},"categories":[2],"tags":[],"class_list":["post-55985","post","type-post","status-publish","format-standard","has-post-thumbnail","hentry","category-blog"],"_links":{"self":[{"href":"https:\/\/inces.gob.ve\/index.php\/wp-json\/wp\/v2\/posts\/55985","targetHints":{"allow":["GET"]}}],"collection":[{"href":"https:\/\/inces.gob.ve\/index.php\/wp-json\/wp\/v2\/posts"}],"about":[{"href":"https:\/\/inces.gob.ve\/index.php\/wp-json\/wp\/v2\/types\/post"}],"author":[{"embeddable":true,"href":"https:\/\/inces.gob.ve\/index.php\/wp-json\/wp\/v2\/users\/4"}],"replies":[{"embeddable":true,"href":"https:\/\/inces.gob.ve\/index.php\/wp-json\/wp\/v2\/comments?post=55985"}],"version-history":[{"count":1,"href":"https:\/\/inces.gob.ve\/index.php\/wp-json\/wp\/v2\/posts\/55985\/revisions"}],"predecessor-version":[{"id":55991,"href":"https:\/\/inces.gob.ve\/index.php\/wp-json\/wp\/v2\/posts\/55985\/revisions\/55991"}],"wp:featuredmedia":[{"embeddable":true,"href":"https:\/\/inces.gob.ve\/index.php\/wp-json\/wp\/v2\/media\/55987"}],"wp:attachment":[{"href":"https:\/\/inces.gob.ve\/index.php\/wp-json\/wp\/v2\/media?parent=55985"}],"wp:term":[{"taxonomy":"category","embeddable":true,"href":"https:\/\/inces.gob.ve\/index.php\/wp-json\/wp\/v2\/categories?post=55985"},{"taxonomy":"post_tag","embeddable":true,"href":"https:\/\/inces.gob.ve\/index.php\/wp-json\/wp\/v2\/tags?post=55985"}],"curies":[{"name":"wp","href":"https:\/\/api.w.org\/{rel}","templated":true}]}}