{"id":55992,"date":"2023-12-01T03:07:50","date_gmt":"2023-12-01T07:07:50","guid":{"rendered":"https:\/\/inces.gob.ve\/?p=55992"},"modified":"2023-12-01T16:13:23","modified_gmt":"2023-12-01T20:13:23","slug":"el-inces-estuvo-en-las-ruedas-de-negocio-de-la-feria-internacional-de-turismo-venezuela-fitven-2023","status":"publish","type":"post","link":"https:\/\/inces.gob.ve\/index.php\/2023\/12\/01\/el-inces-estuvo-en-las-ruedas-de-negocio-de-la-feria-internacional-de-turismo-venezuela-fitven-2023\/","title":{"rendered":"El Inces estuvo en las ruedas de negocio de la Feria Internacional de Turismo Venezuela Fitven 2023"},"content":{"rendered":"<p align=\"justify\"><em><strong><span style=\"font-family: helvetica, sans-serif;\"><span style=\"font-size: large;\">** En este evento internacional de turismo la instituci\u00f3n pudo ofrecer servicios de producci\u00f3n de uniformes en general, textil y calzado<\/span><\/span><\/strong><\/em><!--more--><\/p>\n<p align=\"justify\">\n<p align=\"justify\"><span style=\"font-family: helvetica, sans-serif;\"><span style=\"font-size: large;\">La Gerencia General de Encadenamiento Productivo estuvo en la Feria Internacional de Turismo Fitven 2023, recientemente realizada en la ciudad de Barquisimeto, con el fin de participar en importantes ruedas de negocios as\u00ed como promocionar las ofertas formativas que ofrece el Inces a los entes p\u00fablicos, empresas privadas e instituciones educativas.<\/span><\/span><\/p>\n<p align=\"justify\"><span style=\"font-family: helvetica, sans-serif;\"><span style=\"font-size: large;\">La Fitven 2023 se llev\u00f3 a cabo en los atractivos espacios de La Flor de Venezuela entre el 23 y 26 de noviembre en un ambiente de festividad prenavide\u00f1a y donde se mostraron las bondades de la diversidad tur\u00edstica del pa\u00eds entre muchos representantes de empresas extranjeras interesados en colocar la Marca Venezuela en sus respectivos pa\u00edses tanto para la inversi\u00f3n como para el turismo receptivo.<\/span><\/span><\/p>\n<p align=\"justify\">\n<p align=\"justify\"><img loading=\"lazy\" decoding=\"async\" class=\"aligncenter wp-image-55993 size-full\" src=\"https:\/\/inces.gob.ve\/wp-content\/uploads\/2023\/12\/WhatsApp-Image-2023-11-25-at-3.13.59-PM-e1701450395862.jpeg\" alt=\"\" width=\"800\" height=\"600\" srcset=\"https:\/\/inces.gob.ve\/wp-content\/uploads\/2023\/12\/WhatsApp-Image-2023-11-25-at-3.13.59-PM-e1701450395862.jpeg 800w, https:\/\/inces.gob.ve\/wp-content\/uploads\/2023\/12\/WhatsApp-Image-2023-11-25-at-3.13.59-PM-e1701450395862-300x225.jpeg 300w, https:\/\/inces.gob.ve\/wp-content\/uploads\/2023\/12\/WhatsApp-Image-2023-11-25-at-3.13.59-PM-e1701450395862-768x576.jpeg 768w, https:\/\/inces.gob.ve\/wp-content\/uploads\/2023\/12\/WhatsApp-Image-2023-11-25-at-3.13.59-PM-e1701450395862-136x102.jpeg 136w\" sizes=\"auto, (max-width: 800px) 100vw, 800px\" \/><\/p>\n<p align=\"justify\"><span style=\"font-family: helvetica, sans-serif;\"><span style=\"font-size: large;\">Douglas P\u00e9rez y Jos\u00e9 Antonio D\u00edaz en calidad de Gerente de Producci\u00f3n y Encadenamiento Productivo y Gerente de Gesti\u00f3n a la Producci\u00f3n resaltaron que durante este evento de promoci\u00f3n tur\u00edstica se hicieron importantes ruedas de negocios con empresas del ramo e igualmente con la Universidad Yacamb\u00fa, acercamiento que sirvi\u00f3 para proponerle a esta universidad un posible convenio de cooperaci\u00f3n institucional en las \u00e1reas de formaci\u00f3n, certificaci\u00f3n, acreditaci\u00f3n de saberes y homologaci\u00f3n de unidades curriculares.<\/span><\/span><\/p>\n<p align=\"justify\"><span style=\"font-family: helvetica, sans-serif;\"><span style=\"font-size: large;\">La Gerencia toc\u00f3 la puerta a unas diez empresas e instituciones con oportunidades de negocios o posibilidades de suscribir alianzas de servicios y formaci\u00f3n de trabajadores entre ellas, Viajes Caracas, Corpotur, Reto Aventura, Alpha Conduit, Posada Yagrumo Tours, la Corporaci\u00f3n Meride\u00f1a de Turismo y el Consejo de Panaderos del Estado T\u00e1chira, entre otras. <\/span><\/span><\/p>\n<p align=\"justify\"><span style=\"font-family: helvetica, sans-serif;\"><span style=\"font-size: large;\">Douglas P\u00e9rez se\u00f1al\u00f3 que a partir de estos encuentros se recibieron propuestas de formaci\u00f3n para el personal de estas empresas e instituciones entre ellas las de gu\u00edas de turismo en general, asimismo se abri\u00f3 la posibilidad de lograr acuerdos en el \u00e1rea gastron\u00f3mica. <\/span><\/span><\/p>\n<p align=\"justify\"><span style=\"font-family: helvetica, sans-serif;\"><span style=\"font-size: large;\">El gerente precis\u00f3 que la participaci\u00f3n del Inces en estas actividades permite promocionar a la instituci\u00f3n como prestador de bienes y servicios de excelente calidad. <\/span><\/span><\/p>\n","protected":false},"excerpt":{"rendered":"<p>** En este evento internacional de turismo la instituci\u00f3n pudo ofrecer servicios de producci\u00f3n de uniformes en general, textil y calzado<\/p>\n","protected":false},"author":15,"featured_media":55994,"comment_status":"closed","ping_status":"closed","sticky":false,"template":"","format":"standard","meta":{"footnotes":""},"categories":[2],"tags":[],"class_list":["post-55992","post","type-post","status-publish","format-standard","has-post-thumbnail","hentry","category-blog"],"_links":{"self":[{"href":"https:\/\/inces.gob.ve\/index.php\/wp-json\/wp\/v2\/posts\/55992","targetHints":{"allow":["GET"]}}],"collection":[{"href":"https:\/\/inces.gob.ve\/index.php\/wp-json\/wp\/v2\/posts"}],"about":[{"href":"https:\/\/inces.gob.ve\/index.php\/wp-json\/wp\/v2\/types\/post"}],"author":[{"embeddable":true,"href":"https:\/\/inces.gob.ve\/index.php\/wp-json\/wp\/v2\/users\/15"}],"replies":[{"embeddable":true,"href":"https:\/\/inces.gob.ve\/index.php\/wp-json\/wp\/v2\/comments?post=55992"}],"version-history":[{"count":1,"href":"https:\/\/inces.gob.ve\/index.php\/wp-json\/wp\/v2\/posts\/55992\/revisions"}],"predecessor-version":[{"id":55995,"href":"https:\/\/inces.gob.ve\/index.php\/wp-json\/wp\/v2\/posts\/55992\/revisions\/55995"}],"wp:featuredmedia":[{"embeddable":true,"href":"https:\/\/inces.gob.ve\/index.php\/wp-json\/wp\/v2\/media\/55994"}],"wp:attachment":[{"href":"https:\/\/inces.gob.ve\/index.php\/wp-json\/wp\/v2\/media?parent=55992"}],"wp:term":[{"taxonomy":"category","embeddable":true,"href":"https:\/\/inces.gob.ve\/index.php\/wp-json\/wp\/v2\/categories?post=55992"},{"taxonomy":"post_tag","embeddable":true,"href":"https:\/\/inces.gob.ve\/index.php\/wp-json\/wp\/v2\/tags?post=55992"}],"curies":[{"name":"wp","href":"https:\/\/api.w.org\/{rel}","templated":true}]}}