{"id":55996,"date":"2023-12-01T14:11:53","date_gmt":"2023-12-01T18:11:53","guid":{"rendered":"https:\/\/inces.gob.ve\/?p=55996"},"modified":"2023-12-01T16:13:45","modified_gmt":"2023-12-01T20:13:45","slug":"el-inces-estuvo-en-las-ruedas-de-negocio-de-la-feria-internacional-de-turismo-venezuela-fitven-2023-2","status":"publish","type":"post","link":"https:\/\/inces.gob.ve\/index.php\/2023\/12\/01\/el-inces-estuvo-en-las-ruedas-de-negocio-de-la-feria-internacional-de-turismo-venezuela-fitven-2023-2\/","title":{"rendered":"El Inces estuvo en las ruedas de negocio de la Feria Internacional de Turismo Venezuela Fitven 2023"},"content":{"rendered":"<p style=\"text-align: justify;\" align=\"center\"><strong><span style=\"font-family: helvetica, arial, sans-serif; font-size: 14pt;\"><i>**En este evento internacional de turismo la instituci\u00f3n pudo ofrecer servicios de producci\u00f3n de uniformes en general, textil y calzado<\/i><\/span><\/strong><!--more--><\/p>\n<p style=\"text-align: justify;\" align=\"justify\"><span style=\"font-family: helvetica, arial, sans-serif; font-size: 14pt;\">La Gerencia General de Encadenamiento Productivo estuvo en la <b>Feria Internacional de Turismo F<\/b><b>itven<\/b><b> 2023<\/b>, recientemente realizada en la ciudad de <b>Barquisimeto<\/b>, con el fin de participar en importantes ruedas de negocios as\u00ed como promocionar las ofertas formativas que ofrece el <b>Inces<\/b> a los entes p\u00fablicos, empresas privadas e instituciones educativas.<\/span><\/p>\n<p style=\"text-align: justify;\" align=\"justify\"><span style=\"font-family: helvetica, arial, sans-serif; font-size: 14pt;\">La <b>Fitven 2023 <\/b>se llev\u00f3 a cabo en los atractivos espacios de <b>La Flor de Venezuela<\/b> entre el 23 y 26 de noviembre en un ambiente de festividad prenavide\u00f1a y donde se mostraron las bondades de la diversidad tur\u00edstica del pa\u00eds entre muchos representantes de empresas extranjeras interesados en colocar la <b>Marca Venezuela<\/b> en sus respectivos pa\u00edses tanto para la inversi\u00f3n como para el turismo receptivo.<\/span><\/p>\n<p align=\"justify\"><img loading=\"lazy\" decoding=\"async\" class=\"aligncenter wp-image-55997 size-full\" src=\"https:\/\/inces.gob.ve\/wp-content\/uploads\/2023\/12\/WhatsApp-Image-2023-11-25-at-3.13.59-PM-2-e1701450674739.jpeg\" alt=\"\" width=\"800\" height=\"600\" srcset=\"https:\/\/inces.gob.ve\/wp-content\/uploads\/2023\/12\/WhatsApp-Image-2023-11-25-at-3.13.59-PM-2-e1701450674739.jpeg 800w, https:\/\/inces.gob.ve\/wp-content\/uploads\/2023\/12\/WhatsApp-Image-2023-11-25-at-3.13.59-PM-2-e1701450674739-300x225.jpeg 300w, https:\/\/inces.gob.ve\/wp-content\/uploads\/2023\/12\/WhatsApp-Image-2023-11-25-at-3.13.59-PM-2-e1701450674739-768x576.jpeg 768w, https:\/\/inces.gob.ve\/wp-content\/uploads\/2023\/12\/WhatsApp-Image-2023-11-25-at-3.13.59-PM-2-e1701450674739-136x102.jpeg 136w\" sizes=\"auto, (max-width: 800px) 100vw, 800px\" \/><\/p>\n<p style=\"text-align: justify;\" align=\"justify\"><span style=\"font-family: helvetica, arial, sans-serif; font-size: 14pt;\"><b>Douglas P\u00e9rez <\/b>y <b>Jos\u00e9 Antonio D\u00edaz en calidad de Gerente de Producci\u00f3n y Encadenamiento Productivo y Gerente de Gesti\u00f3n a la Producci\u00f3n<\/b> resaltaron que durante este evento de promoci\u00f3n<b> <\/b>tur\u00edstica se hicieron importantes ruedas de negocios con empresas del ramo e igualmente con la<b> Universidad Yacamb\u00fa<\/b>, acercamiento que sirvi\u00f3 para proponerle a esta universidad un posible convenio de cooperaci\u00f3n institucional en las \u00e1reas de formaci\u00f3n, certificaci\u00f3n, acreditaci\u00f3n de saberes y homologaci\u00f3n de unidades curriculares.<\/span><\/p>\n<p style=\"text-align: justify;\" align=\"justify\"><span style=\"font-family: helvetica, arial, sans-serif; font-size: 14pt;\">La Gerencia toc\u00f3 la puerta a unas diez empresas e instituciones con oportunidades de negocios o posibilidades de suscribir alianzas de servicios y formaci\u00f3n de trabajadores entre ellas, Viajes Caracas, Corpotur, Reto Aventura, Alpha Conduit, Posada Yagrumo Tours, la Corporaci\u00f3n Meride\u00f1a de Turismo y el Consejo de Panaderos del Estado T\u00e1chira, entre otras.<\/span><\/p>\n<p style=\"text-align: justify;\" align=\"justify\"><span style=\"font-family: helvetica, arial, sans-serif; font-size: 14pt;\">Douglas P\u00e9rez se\u00f1al\u00f3 que a partir de estos encuentros se recibieron propuestas de formaci\u00f3n para el personal de estas empresas e instituciones entre ellas las de gu\u00edas de turismo en general, asimismo se abri\u00f3 la posibilidad de lograr acuerdos en el \u00e1rea gastron\u00f3mica.<\/span><\/p>\n","protected":false},"excerpt":{"rendered":"<p>**En este evento internacional de turismo la instituci\u00f3n pudo ofrecer servicios de producci\u00f3n de uniformes en general, textil y calzado<\/p>\n","protected":false},"author":15,"featured_media":55998,"comment_status":"closed","ping_status":"closed","sticky":false,"template":"","format":"standard","meta":{"footnotes":""},"categories":[2],"tags":[],"class_list":["post-55996","post","type-post","status-publish","format-standard","has-post-thumbnail","hentry","category-blog"],"_links":{"self":[{"href":"https:\/\/inces.gob.ve\/index.php\/wp-json\/wp\/v2\/posts\/55996","targetHints":{"allow":["GET"]}}],"collection":[{"href":"https:\/\/inces.gob.ve\/index.php\/wp-json\/wp\/v2\/posts"}],"about":[{"href":"https:\/\/inces.gob.ve\/index.php\/wp-json\/wp\/v2\/types\/post"}],"author":[{"embeddable":true,"href":"https:\/\/inces.gob.ve\/index.php\/wp-json\/wp\/v2\/users\/15"}],"replies":[{"embeddable":true,"href":"https:\/\/inces.gob.ve\/index.php\/wp-json\/wp\/v2\/comments?post=55996"}],"version-history":[{"count":4,"href":"https:\/\/inces.gob.ve\/index.php\/wp-json\/wp\/v2\/posts\/55996\/revisions"}],"predecessor-version":[{"id":56002,"href":"https:\/\/inces.gob.ve\/index.php\/wp-json\/wp\/v2\/posts\/55996\/revisions\/56002"}],"wp:featuredmedia":[{"embeddable":true,"href":"https:\/\/inces.gob.ve\/index.php\/wp-json\/wp\/v2\/media\/55998"}],"wp:attachment":[{"href":"https:\/\/inces.gob.ve\/index.php\/wp-json\/wp\/v2\/media?parent=55996"}],"wp:term":[{"taxonomy":"category","embeddable":true,"href":"https:\/\/inces.gob.ve\/index.php\/wp-json\/wp\/v2\/categories?post=55996"},{"taxonomy":"post_tag","embeddable":true,"href":"https:\/\/inces.gob.ve\/index.php\/wp-json\/wp\/v2\/tags?post=55996"}],"curies":[{"name":"wp","href":"https:\/\/api.w.org\/{rel}","templated":true}]}}