{"id":56003,"date":"2023-12-01T13:18:20","date_gmt":"2023-12-01T17:18:20","guid":{"rendered":"https:\/\/inces.gob.ve\/?p=56003"},"modified":"2023-12-08T15:57:09","modified_gmt":"2023-12-08T19:57:09","slug":"trujillo-finalizo-el-congrso-el-esequibo-es-nuetsro-con-un-encuentro-nacional","status":"publish","type":"post","link":"https:\/\/inces.gob.ve\/index.php\/2023\/12\/01\/trujillo-finalizo-el-congrso-el-esequibo-es-nuetsro-con-un-encuentro-nacional\/","title":{"rendered":"TRUJILLO | Finaliz\u00f3 el congrso \u00a1El Esequibo es NuesTro! con un Encuentro Nacional"},"content":{"rendered":"<p style=\"text-align: justify;\"><em><strong><span style=\"font-family: helvetica, arial, sans-serif; font-size: 14pt;\">** Los aprendices del Programa Nacional de Aprendizaje (PNA) as\u00ed como los estudiantes del Liceo Inces participaron en un encuentro nacional. Con esta convocatoria se culmin\u00f3 el tercer momento del Congreso \u00a1El Esequibo es nuestro! Desarrollado la ma\u00f1ana del jueves 30 de noviembre, con la finalidad de argumentar sobre la base de los hechos hist\u00f3ricos \u00a0las interrogantes del refer\u00e9ndum revocatorio<\/span><\/strong><\/em><!--more--><\/p>\n<p>&nbsp;<\/p>\n<p style=\"text-align: justify;\"><span style=\"font-family: helvetica, arial, sans-serif; font-size: 14pt;\">El congreso \u00a1El Esequibo es Nuestro! culmin\u00f3 el d\u00eda de hoy 30 de noviembre de 2023, con el Encuentro Nacional en conexi\u00f3n virtual a trav\u00e9s de videoconferencia \u00a0desde en el auditorio central de Inces Sede, la Asamblea Popular estuvo dirigida por el presidente del Inces Wuilkeman Angel, con la participaci\u00f3n de la presidenta de la Federaci\u00f3n Venezolana de Estudiantes de Educaci\u00f3n Media (FEVEEM) Michell Delgado y Jorge P\u00e9rez, Director Estrat\u00e9gico de Formaci\u00f3n y Autoformaci\u00f3n.<\/span><\/p>\n<p><img loading=\"lazy\" decoding=\"async\" class=\"aligncenter wp-image-56004 size-full\" src=\"https:\/\/inces.gob.ve\/wp-content\/uploads\/2023\/12\/WhatsApp-Image-2023-11-30-at-3.30.55-PM.jpeg\" alt=\"\" width=\"750\" height=\"1000\" srcset=\"https:\/\/inces.gob.ve\/wp-content\/uploads\/2023\/12\/WhatsApp-Image-2023-11-30-at-3.30.55-PM.jpeg 750w, https:\/\/inces.gob.ve\/wp-content\/uploads\/2023\/12\/WhatsApp-Image-2023-11-30-at-3.30.55-PM-225x300.jpeg 225w\" sizes=\"auto, (max-width: 750px) 100vw, 750px\" \/><\/p>\n<p>&nbsp;<\/p>\n<p style=\"text-align: justify;\"><span style=\"font-family: helvetica, arial, sans-serif; font-size: 14pt;\">Adem\u00e1s cont\u00f3 con la participaci\u00f3n de los voceros seleccionados en cada uno de los 24 estados de acuerdo al cumplimiento del cronograma organizado en los dos momentos anteriores para disertar sobre el documento generado a partir de las cinco interrogantes en defensa por nuestro territorio Esequibo.<\/span><\/p>\n<p style=\"text-align: justify;\"><span style=\"font-family: helvetica, arial, sans-serif; font-size: 14pt;\">Desde la regi\u00f3n trujillana, los aprendices del Programa Nacional de Aprendizaje, as\u00ed como los estudiantes del Liceo Inces, estuvieron atentos a las disertaciones presentadas en el encuentro nacional, el cual cont\u00f3 con el acompa\u00f1amiento del gerente regional Alexis Brice\u00f1o; posteriormente se socializ\u00f3 con los presentes en la regi\u00f3n el documento general en defensa del territorio Esequibo con la participaci\u00f3n de los cinco voceros de la instancia nacional.+<\/span><\/p>\n<p><img loading=\"lazy\" decoding=\"async\" class=\"aligncenter wp-image-56006 size-full\" src=\"https:\/\/inces.gob.ve\/wp-content\/uploads\/2023\/12\/WhatsApp-Image-2023-11-30-at-3.31.07-PM-e1701450998752.jpeg\" alt=\"\" width=\"800\" height=\"602\" srcset=\"https:\/\/inces.gob.ve\/wp-content\/uploads\/2023\/12\/WhatsApp-Image-2023-11-30-at-3.31.07-PM-e1701450998752.jpeg 800w, https:\/\/inces.gob.ve\/wp-content\/uploads\/2023\/12\/WhatsApp-Image-2023-11-30-at-3.31.07-PM-e1701450998752-300x226.jpeg 300w, https:\/\/inces.gob.ve\/wp-content\/uploads\/2023\/12\/WhatsApp-Image-2023-11-30-at-3.31.07-PM-e1701450998752-768x578.jpeg 768w, https:\/\/inces.gob.ve\/wp-content\/uploads\/2023\/12\/WhatsApp-Image-2023-11-30-at-3.31.07-PM-e1701450998752-136x102.jpeg 136w\" sizes=\"auto, (max-width: 800px) 100vw, 800px\" \/><\/p>\n<p style=\"text-align: justify;\"><span style=\"font-family: helvetica, arial, sans-serif; font-size: 14pt;\">El cierre de esta importante actividad permite la proyecci\u00f3n de audiovisuales con an\u00e1lisis cr\u00edtico reflexivo de los voceros seleccionados desde el Liceo Inces Trujillo.<\/span><\/p>\n","protected":false},"excerpt":{"rendered":"<p>** Los aprendices del Programa Nacional de Aprendizaje (PNA) as\u00ed como los estudiantes del Liceo Inces participaron en un encuentro nacional. Con esta convocatoria se culmin\u00f3 el tercer momento del Congreso \u00a1El Esequibo es nuestro! Desarrollado la ma\u00f1ana del jueves 30 de noviembre, con la finalidad de argumentar sobre la base de los hechos hist\u00f3ricos [&hellip;]<\/p>\n","protected":false},"author":15,"featured_media":56005,"comment_status":"closed","ping_status":"closed","sticky":false,"template":"","format":"standard","meta":{"footnotes":""},"categories":[2],"tags":[],"class_list":["post-56003","post","type-post","status-publish","format-standard","has-post-thumbnail","hentry","category-blog"],"_links":{"self":[{"href":"https:\/\/inces.gob.ve\/index.php\/wp-json\/wp\/v2\/posts\/56003","targetHints":{"allow":["GET"]}}],"collection":[{"href":"https:\/\/inces.gob.ve\/index.php\/wp-json\/wp\/v2\/posts"}],"about":[{"href":"https:\/\/inces.gob.ve\/index.php\/wp-json\/wp\/v2\/types\/post"}],"author":[{"embeddable":true,"href":"https:\/\/inces.gob.ve\/index.php\/wp-json\/wp\/v2\/users\/15"}],"replies":[{"embeddable":true,"href":"https:\/\/inces.gob.ve\/index.php\/wp-json\/wp\/v2\/comments?post=56003"}],"version-history":[{"count":3,"href":"https:\/\/inces.gob.ve\/index.php\/wp-json\/wp\/v2\/posts\/56003\/revisions"}],"predecessor-version":[{"id":56141,"href":"https:\/\/inces.gob.ve\/index.php\/wp-json\/wp\/v2\/posts\/56003\/revisions\/56141"}],"wp:featuredmedia":[{"embeddable":true,"href":"https:\/\/inces.gob.ve\/index.php\/wp-json\/wp\/v2\/media\/56005"}],"wp:attachment":[{"href":"https:\/\/inces.gob.ve\/index.php\/wp-json\/wp\/v2\/media?parent=56003"}],"wp:term":[{"taxonomy":"category","embeddable":true,"href":"https:\/\/inces.gob.ve\/index.php\/wp-json\/wp\/v2\/categories?post=56003"},{"taxonomy":"post_tag","embeddable":true,"href":"https:\/\/inces.gob.ve\/index.php\/wp-json\/wp\/v2\/tags?post=56003"}],"curies":[{"name":"wp","href":"https:\/\/api.w.org\/{rel}","templated":true}]}}