{"id":56009,"date":"2023-12-01T13:22:44","date_gmt":"2023-12-01T17:22:44","guid":{"rendered":"https:\/\/inces.gob.ve\/?p=56009"},"modified":"2023-12-01T13:22:44","modified_gmt":"2023-12-01T17:22:44","slug":"merida-jovenes-del-pna-del-inces-merida-participaron-en-jornadade-simulacro-electoral-en-defensa-del-esequibo","status":"publish","type":"post","link":"https:\/\/inces.gob.ve\/index.php\/2023\/12\/01\/merida-jovenes-del-pna-del-inces-merida-participaron-en-jornadade-simulacro-electoral-en-defensa-del-esequibo\/","title":{"rendered":"M\u00c9RIDA | J\u00f3venes del PNA del Inces M\u00e9rida participaron en jornadade simulacro electoral en defensa del Esequibo"},"content":{"rendered":"<p>&nbsp;<\/p>\n<p style=\"text-align: justify;\"><strong><span style=\"font-family: helvetica, arial, sans-serif; font-size: 14pt;\"><em>** Los j\u00f3venes, con c\u00e9dula de identidad en mano, acudieron a su Unidad Educativa correspondiente, a participar por primera en un simulacro electoral<\/em><\/span><\/strong><!--more--><\/p>\n<p style=\"text-align: justify;\">\n<p style=\"text-align: justify;\"><span style=\"font-family: helvetica, arial, sans-serif; font-size: 14pt;\">NADIA LOBO<\/span><\/p>\n<p style=\"text-align: justify;\"><span style=\"font-family: helvetica, arial, sans-serif; font-size: 14pt;\">Un total de\u00a0166 j\u00f3venes del Programa Nacional de Aprendizaje (PNA) del Inces M\u00e9rida, participaron de manera entusiasta en el simulacro de votaci\u00f3n en\u00a0 defensa del territorio de la Guayana Esequiba.<\/span><\/p>\n<p>&nbsp;<\/p>\n<p style=\"text-align: justify;\"><img loading=\"lazy\" decoding=\"async\" class=\"aligncenter wp-image-56010 size-large\" src=\"https:\/\/inces.gob.ve\/wp-content\/uploads\/2023\/12\/PNA-4-1024x768.jpg\" alt=\"\" width=\"640\" height=\"480\" \/><\/p>\n<p style=\"text-align: justify;\"><span style=\"font-family: helvetica, arial, sans-serif; font-size: 14pt;\">La actividad se desarroll\u00f3 en las diferentes Unidades Educativas, colegios y escuelas t\u00e9cnicas ubicadas a lo largo y ancho de la entidad meride\u00f1a, donde se destac\u00f3 la participaci\u00f3n de los estudiantes de 1ro a 5to a\u00f1o de bachillerato.<\/span><\/p>\n<p>&nbsp;<\/p>\n<p style=\"text-align: justify;\"><img loading=\"lazy\" decoding=\"async\" class=\"aligncenter wp-image-56011 \" src=\"https:\/\/inces.gob.ve\/wp-content\/uploads\/2023\/12\/PNA-6-768x1024.jpg\" alt=\"\" width=\"380\" height=\"506\" srcset=\"https:\/\/inces.gob.ve\/wp-content\/uploads\/2023\/12\/PNA-6-768x1024.jpg 768w, https:\/\/inces.gob.ve\/wp-content\/uploads\/2023\/12\/PNA-6-225x300.jpg 225w, https:\/\/inces.gob.ve\/wp-content\/uploads\/2023\/12\/PNA-6.jpg 810w\" sizes=\"auto, (max-width: 380px) 100vw, 380px\" \/><\/p>\n<p style=\"text-align: justify;\"><span style=\"font-family: helvetica, arial, sans-serif; font-size: 14pt;\">En este sentido, los j\u00f3venes aprendices vivieron la experiencia de un simulacro del proceso electoral, que adem\u00e1s, les permitir\u00e1 expresar su apoyo y en defensa de la patria.<\/span><\/p>\n<p style=\"text-align: justify;\">\n","protected":false},"excerpt":{"rendered":"<p>&nbsp; ** Los j\u00f3venes, con c\u00e9dula de identidad en mano, acudieron a su Unidad Educativa correspondiente, a participar por primera en un simulacro electoral<\/p>\n","protected":false},"author":15,"featured_media":56012,"comment_status":"closed","ping_status":"closed","sticky":false,"template":"","format":"standard","meta":{"footnotes":""},"categories":[2],"tags":[],"class_list":["post-56009","post","type-post","status-publish","format-standard","has-post-thumbnail","hentry","category-blog"],"_links":{"self":[{"href":"https:\/\/inces.gob.ve\/index.php\/wp-json\/wp\/v2\/posts\/56009","targetHints":{"allow":["GET"]}}],"collection":[{"href":"https:\/\/inces.gob.ve\/index.php\/wp-json\/wp\/v2\/posts"}],"about":[{"href":"https:\/\/inces.gob.ve\/index.php\/wp-json\/wp\/v2\/types\/post"}],"author":[{"embeddable":true,"href":"https:\/\/inces.gob.ve\/index.php\/wp-json\/wp\/v2\/users\/15"}],"replies":[{"embeddable":true,"href":"https:\/\/inces.gob.ve\/index.php\/wp-json\/wp\/v2\/comments?post=56009"}],"version-history":[{"count":1,"href":"https:\/\/inces.gob.ve\/index.php\/wp-json\/wp\/v2\/posts\/56009\/revisions"}],"predecessor-version":[{"id":56013,"href":"https:\/\/inces.gob.ve\/index.php\/wp-json\/wp\/v2\/posts\/56009\/revisions\/56013"}],"wp:featuredmedia":[{"embeddable":true,"href":"https:\/\/inces.gob.ve\/index.php\/wp-json\/wp\/v2\/media\/56012"}],"wp:attachment":[{"href":"https:\/\/inces.gob.ve\/index.php\/wp-json\/wp\/v2\/media?parent=56009"}],"wp:term":[{"taxonomy":"category","embeddable":true,"href":"https:\/\/inces.gob.ve\/index.php\/wp-json\/wp\/v2\/categories?post=56009"},{"taxonomy":"post_tag","embeddable":true,"href":"https:\/\/inces.gob.ve\/index.php\/wp-json\/wp\/v2\/tags?post=56009"}],"curies":[{"name":"wp","href":"https:\/\/api.w.org\/{rel}","templated":true}]}}