{"id":56031,"date":"2023-12-01T13:50:47","date_gmt":"2023-12-01T17:50:47","guid":{"rendered":"https:\/\/inces.gob.ve\/?p=56031"},"modified":"2023-12-01T13:59:23","modified_gmt":"2023-12-01T17:59:23","slug":"falcon-en-el-inces-realizaron-simulacro-electoral-estudiantil","status":"publish","type":"post","link":"https:\/\/inces.gob.ve\/index.php\/2023\/12\/01\/falcon-en-el-inces-realizaron-simulacro-electoral-estudiantil\/","title":{"rendered":"FALC\u00d3N | En el Inces realizaron Simulacro Electoral Estudiantil"},"content":{"rendered":"<p style=\"text-align: justify;\" align=\"center\"><em><strong><span style=\"font-family: helvetica, arial, sans-serif; font-size: 14pt;\">**Mas de 200 j\u00f3venes de los distintos procesos educativos que implementa la instituci\u00f3n, participaron en la actividad que promueve la participaci\u00f3n democr\u00e1tica y protag\u00f3nica de la juventud<\/span><\/strong><\/em><!--more--><\/p>\n<p lang=\"es-ES\" style=\"text-align: justify;\" align=\"justify\"><span style=\"font-family: helvetica, arial, sans-serif; font-size: 14pt;\"><b>MIRIAM GONZ\u00c1LEZ VILLARROEL.-<\/b><\/span><\/p>\n<p style=\"text-align: justify;\" align=\"justify\"><span style=\"font-family: helvetica, arial, sans-serif; font-size: 14pt;\"><span style=\"color: #000000;\">Exitoso fue el despliegue que se realiz\u00f3 en <\/span><span style=\"color: #000000;\">los centros de <\/span><span style=\"color: #000000;\">formaci\u00f3n socialista (CFS) \u201cJos\u00e9 Leonardo Chirino\u201d en Coro, \u201c<\/span><span style=\"color: #000000;\">Josefa Camejo\u201d en Punto Fijo y en el Instituto de Acci\u00f3n Docente Delegada \u201cVectores\u201d, en el cual, estudiantes del Liceo Inces Falc\u00f3n, aprendices del Programa Nacional de Aprendizaje (PNA) y participantes de las unidades curriculares que se desarrollan en los centros de formaci\u00f3n, asistieron con mucha responsabilidad y civismo a la <\/span>convocatoria que se realiz\u00f3 a los estudiantes del sistema educativo venezolano de participar en el Simulacro Electoral Estudiantil.<\/span><\/p>\n<p style=\"text-align: justify;\" align=\"justify\"><img loading=\"lazy\" decoding=\"async\" class=\"aligncenter wp-image-56036 size-full\" src=\"https:\/\/inces.gob.ve\/wp-content\/uploads\/2023\/12\/SIMULACRO-15.jpg\" alt=\"\" width=\"800\" height=\"500\" srcset=\"https:\/\/inces.gob.ve\/wp-content\/uploads\/2023\/12\/SIMULACRO-15.jpg 800w, https:\/\/inces.gob.ve\/wp-content\/uploads\/2023\/12\/SIMULACRO-15-300x188.jpg 300w, https:\/\/inces.gob.ve\/wp-content\/uploads\/2023\/12\/SIMULACRO-15-768x480.jpg 768w\" sizes=\"auto, (max-width: 800px) 100vw, 800px\" \/><\/p>\n<p style=\"text-align: justify;\" align=\"justify\"><span style=\"font-size: 14pt; font-family: helvetica, arial, sans-serif;\">En esta acci\u00f3n que se efectu\u00f3 con la intenci\u00f3n de mostrar simb\u00f3licamente, el respaldo a la defensa del territorio Esequibo de cara al referendo consultivo de este 3 de diciembre y que fortalece la Democracia Participativa y Protag\u00f3nica establecida en la Constituci\u00f3n de la Rep\u00fablica Bolivariana de Venezuela, inici\u00f3 con palabras de bienvenida a cargo de la Directora del Liceo, Masly Espinoza en Coro y en Punto Fijo, por la coordinadora del PNA, Mariner Mavo; quienes estuvieron tambi\u00e9n acompa\u00f1adas, por los equipos del programa, liceo y maestros t\u00e9cnicos productivos.<\/span><\/p>\n<p style=\"text-align: justify;\" align=\"justify\"><img loading=\"lazy\" decoding=\"async\" class=\"aligncenter wp-image-56032 size-full\" src=\"https:\/\/inces.gob.ve\/wp-content\/uploads\/2023\/12\/SIMULACRO-1-e1701452950372.jpg\" alt=\"\" width=\"800\" height=\"462\" srcset=\"https:\/\/inces.gob.ve\/wp-content\/uploads\/2023\/12\/SIMULACRO-1-e1701452950372.jpg 800w, https:\/\/inces.gob.ve\/wp-content\/uploads\/2023\/12\/SIMULACRO-1-e1701452950372-300x173.jpg 300w, https:\/\/inces.gob.ve\/wp-content\/uploads\/2023\/12\/SIMULACRO-1-e1701452950372-768x444.jpg 768w\" sizes=\"auto, (max-width: 800px) 100vw, 800px\" \/><\/p>\n<p style=\"text-align: justify;\" align=\"justify\"><span style=\"font-size: 14pt; font-family: helvetica, arial, sans-serif;\">Luego, Hevert Hurtado, de la Superintendencia Nacional de Cooperativas (Sunacoop), se dirigi\u00f3 a los j\u00f3venes hablando sobre el contexto hist\u00f3rico y geogr\u00e1fico de El Esequibo, \u201cSon ustedes, los j\u00f3venes, el presente y el futuro de la Patria, son la generaci\u00f3n de relevo y deben estar informados sobre este hecho importante e hist\u00f3rico que vive el pa\u00eds, es un hecho fundamental que la juventud, debe conocer\u201d, puntualiz\u00f3 Hurtado<\/span><\/p>\n<p style=\"text-align: justify;\"><img loading=\"lazy\" decoding=\"async\" class=\"aligncenter wp-image-56033 size-full\" src=\"https:\/\/inces.gob.ve\/wp-content\/uploads\/2023\/12\/SIMULACRO-6.jpg\" alt=\"\" width=\"800\" height=\"388\" srcset=\"https:\/\/inces.gob.ve\/wp-content\/uploads\/2023\/12\/SIMULACRO-6.jpg 800w, https:\/\/inces.gob.ve\/wp-content\/uploads\/2023\/12\/SIMULACRO-6-300x146.jpg 300w, https:\/\/inces.gob.ve\/wp-content\/uploads\/2023\/12\/SIMULACRO-6-768x372.jpg 768w\" sizes=\"auto, (max-width: 800px) 100vw, 800px\" \/><\/p>\n<p style=\"text-align: justify;\" align=\"justify\"><span style=\"font-size: 14pt; font-family: helvetica, arial, sans-serif;\">Posteriormente, Alfredo G\u00f3mez del Programa Nuevo Modelo de Gesti\u00f3n a trav\u00e9s de una pr\u00e1ctica presentaci\u00f3n, explic\u00f3 a los j\u00f3venes como se desarrollar\u00e1 el proceso electoral del Referendo Consultivo sobre la Controversia entorno al Territorio de la Guayana Esequiba y con el objetivo de conocer un poco m\u00e1s sobre el derecho al voto y la transparencia del mismo.<\/span><\/p>\n<p style=\"text-align: justify;\" align=\"justify\"><img loading=\"lazy\" decoding=\"async\" class=\"aligncenter wp-image-56034 size-full\" src=\"https:\/\/inces.gob.ve\/wp-content\/uploads\/2023\/12\/SIMULACRO-10.jpg\" alt=\"\" width=\"800\" height=\"376\" srcset=\"https:\/\/inces.gob.ve\/wp-content\/uploads\/2023\/12\/SIMULACRO-10.jpg 800w, https:\/\/inces.gob.ve\/wp-content\/uploads\/2023\/12\/SIMULACRO-10-300x141.jpg 300w, https:\/\/inces.gob.ve\/wp-content\/uploads\/2023\/12\/SIMULACRO-10-768x361.jpg 768w\" sizes=\"auto, (max-width: 800px) 100vw, 800px\" \/><\/p>\n<p style=\"text-align: justify;\" align=\"justify\"><span style=\"font-size: 14pt; font-family: helvetica, arial, sans-serif;\">Finalmente se desarroll\u00f3 el simulacro, y los j\u00f3venes recibieron material informativo donde se muestra el proceso de votaci\u00f3n, las 5 preguntas del Refer\u00e9ndum Consultivo 2023. \u201cVenezuela nos Convoca y la cita es con la Patria\u201d.<\/span><\/p>\n<p style=\"text-align: justify;\" align=\"justify\"><span style=\"font-family: helvetica, arial, sans-serif; font-size: 14pt;\">Prensa Inces Falc\u00f3n<\/span><\/p>\n","protected":false},"excerpt":{"rendered":"<p>**Mas de 200 j\u00f3venes de los distintos procesos educativos que implementa la instituci\u00f3n, participaron en la actividad que promueve la participaci\u00f3n democr\u00e1tica y protag\u00f3nica de la juventud<\/p>\n","protected":false},"author":15,"featured_media":56035,"comment_status":"closed","ping_status":"closed","sticky":false,"template":"","format":"standard","meta":{"footnotes":""},"categories":[2],"tags":[],"class_list":["post-56031","post","type-post","status-publish","format-standard","has-post-thumbnail","hentry","category-blog"],"_links":{"self":[{"href":"https:\/\/inces.gob.ve\/index.php\/wp-json\/wp\/v2\/posts\/56031","targetHints":{"allow":["GET"]}}],"collection":[{"href":"https:\/\/inces.gob.ve\/index.php\/wp-json\/wp\/v2\/posts"}],"about":[{"href":"https:\/\/inces.gob.ve\/index.php\/wp-json\/wp\/v2\/types\/post"}],"author":[{"embeddable":true,"href":"https:\/\/inces.gob.ve\/index.php\/wp-json\/wp\/v2\/users\/15"}],"replies":[{"embeddable":true,"href":"https:\/\/inces.gob.ve\/index.php\/wp-json\/wp\/v2\/comments?post=56031"}],"version-history":[{"count":2,"href":"https:\/\/inces.gob.ve\/index.php\/wp-json\/wp\/v2\/posts\/56031\/revisions"}],"predecessor-version":[{"id":56038,"href":"https:\/\/inces.gob.ve\/index.php\/wp-json\/wp\/v2\/posts\/56031\/revisions\/56038"}],"wp:featuredmedia":[{"embeddable":true,"href":"https:\/\/inces.gob.ve\/index.php\/wp-json\/wp\/v2\/media\/56035"}],"wp:attachment":[{"href":"https:\/\/inces.gob.ve\/index.php\/wp-json\/wp\/v2\/media?parent=56031"}],"wp:term":[{"taxonomy":"category","embeddable":true,"href":"https:\/\/inces.gob.ve\/index.php\/wp-json\/wp\/v2\/categories?post=56031"},{"taxonomy":"post_tag","embeddable":true,"href":"https:\/\/inces.gob.ve\/index.php\/wp-json\/wp\/v2\/tags?post=56031"}],"curies":[{"name":"wp","href":"https:\/\/api.w.org\/{rel}","templated":true}]}}