{"id":56048,"date":"2023-12-04T15:21:11","date_gmt":"2023-12-04T19:21:11","guid":{"rendered":"https:\/\/inces.gob.ve\/?p=56048"},"modified":"2023-12-04T15:23:49","modified_gmt":"2023-12-04T19:23:49","slug":"merida-guias-de-montana-continuan-con-el-proceso-formativo-en-el-inces","status":"publish","type":"post","link":"https:\/\/inces.gob.ve\/index.php\/2023\/12\/04\/merida-guias-de-montana-continuan-con-el-proceso-formativo-en-el-inces\/","title":{"rendered":"M\u00c9RIDA | Gu\u00edas de monta\u00f1a contin\u00faan con el proceso formativo en el Inces"},"content":{"rendered":"<p style=\"text-align: justify;\"><strong><span style=\"font-family: helvetica, arial, sans-serif; font-size: 14pt;\"><em>** En esta oportunidad, el grupo de 16 gu\u00edas de aventura y naturaleza, contin\u00faan en el proceso de formaci\u00f3n, en Gesti\u00f3n de riesgo en baja y media monta\u00f1a<\/em><\/span><\/strong><!--more--><\/p>\n<p style=\"text-align: justify;\"><span style=\"font-family: helvetica, arial, sans-serif; font-size: 14pt;\"><strong>\u00a0 \u00a0 \u00a0 \u00a0 \u00a0 NADIA LOBO<\/strong><\/span><\/p>\n<p style=\"text-align: justify;\"><span style=\"font-family: helvetica, arial, sans-serif; font-size: 14pt;\">El gerente regional del Inces en el estado M\u00e9rida, Geldrit Roca, inform\u00f3 que a trav\u00e9s del Programa Turismo y la Unidad de Tecnolog\u00eda Educativa avanzan en la formaci\u00f3n y nivelaci\u00f3n de diecis\u00e9is participantes de aventura y naturaleza, que esperan por la acreditaci\u00f3n como Gu\u00edas de baja y media monta\u00f1a.<\/span><\/p>\n<p>&nbsp;<\/p>\n<p style=\"text-align: justify;\"><img loading=\"lazy\" decoding=\"async\" class=\"aligncenter wp-image-56050 size-full\" src=\"https:\/\/inces.gob.ve\/wp-content\/uploads\/2023\/12\/GUIAS-2-e1701717578435.jpg\" alt=\"\" width=\"800\" height=\"600\" srcset=\"https:\/\/inces.gob.ve\/wp-content\/uploads\/2023\/12\/GUIAS-2-e1701717578435.jpg 800w, https:\/\/inces.gob.ve\/wp-content\/uploads\/2023\/12\/GUIAS-2-e1701717578435-300x225.jpg 300w, https:\/\/inces.gob.ve\/wp-content\/uploads\/2023\/12\/GUIAS-2-e1701717578435-768x576.jpg 768w, https:\/\/inces.gob.ve\/wp-content\/uploads\/2023\/12\/GUIAS-2-e1701717578435-136x102.jpg 136w\" sizes=\"auto, (max-width: 800px) 100vw, 800px\" \/><\/p>\n<p>&nbsp;<\/p>\n<p style=\"text-align: justify;\"><span style=\"font-family: helvetica, arial, sans-serif; font-size: 14pt;\">\u00a0Destac\u00f3 la culminaci\u00f3n de la Unidad Curricular (UC) Gesti\u00f3n de riesgo en baja y media monta\u00f1a, con el apoyo y acompa\u00f1amiento del maestro t\u00e9cnico voluntario (MTV), Ecio Escalona, con dilatada experiencia como monta\u00f1ista.<\/span><\/p>\n<p>&nbsp;<\/p>\n<p style=\"text-align: justify;\"><img loading=\"lazy\" decoding=\"async\" class=\"aligncenter wp-image-56049 size-full\" src=\"https:\/\/inces.gob.ve\/wp-content\/uploads\/2023\/12\/GUIAS-1-e1701717475412.jpg\" alt=\"\" width=\"800\" height=\"600\" srcset=\"https:\/\/inces.gob.ve\/wp-content\/uploads\/2023\/12\/GUIAS-1-e1701717475412.jpg 800w, https:\/\/inces.gob.ve\/wp-content\/uploads\/2023\/12\/GUIAS-1-e1701717475412-300x225.jpg 300w, https:\/\/inces.gob.ve\/wp-content\/uploads\/2023\/12\/GUIAS-1-e1701717475412-768x576.jpg 768w, https:\/\/inces.gob.ve\/wp-content\/uploads\/2023\/12\/GUIAS-1-e1701717475412-136x102.jpg 136w\" sizes=\"auto, (max-width: 800px) 100vw, 800px\" \/><\/p>\n<p style=\"text-align: justify;\"><span style=\"font-family: helvetica, arial, sans-serif; font-size: 14pt;\">\u00a0Explic\u00f3 igualmente que durante la formaci\u00f3n que tuvo una duraci\u00f3n de 40 horas, los participantes conocieron la teor\u00eda y la pr\u00e1ctica de las siguientes tem\u00e1ticas: \u00a0Introducci\u00f3n al Manejo de emergencia y la Gesti\u00f3n de Riesgo; Ciclo de Eventos adversos en baja y media monta\u00f1a, as\u00ed como Estructuras y Sistemas para la Gesti\u00f3n de riesgo en baja y media monta\u00f1a.<\/span><\/p>\n<p><img loading=\"lazy\" decoding=\"async\" class=\"aligncenter wp-image-56051 size-full\" src=\"https:\/\/inces.gob.ve\/wp-content\/uploads\/2023\/12\/GUIAS-4-e1701717430112.jpg\" alt=\"\" width=\"800\" height=\"600\" srcset=\"https:\/\/inces.gob.ve\/wp-content\/uploads\/2023\/12\/GUIAS-4-e1701717430112.jpg 800w, https:\/\/inces.gob.ve\/wp-content\/uploads\/2023\/12\/GUIAS-4-e1701717430112-300x225.jpg 300w, https:\/\/inces.gob.ve\/wp-content\/uploads\/2023\/12\/GUIAS-4-e1701717430112-768x576.jpg 768w, https:\/\/inces.gob.ve\/wp-content\/uploads\/2023\/12\/GUIAS-4-e1701717430112-136x102.jpg 136w\" sizes=\"auto, (max-width: 800px) 100vw, 800px\" \/><\/p>\n<p style=\"text-align: justify;\"><span style=\"font-family: helvetica, arial, sans-serif; font-size: 14pt;\">La destreza relacionada con el oficio de esta UC, se desarroll\u00f3 en los espacios de MINAGUAS en la ciudad de M\u00e9rida, mientras que en el sector Santa Rosa, La Hechicera,\u00a0 pusieron en pr\u00e1ctica las h\u00e1biles, las t\u00e9cnicas, herramientas y m\u00e9todos necesarios durante un riesgo inminente en baja y media monta\u00f1a. \u00a0<\/span><\/p>\n<p><img loading=\"lazy\" decoding=\"async\" class=\"alignnone wp-image-56052 size-full\" src=\"https:\/\/inces.gob.ve\/wp-content\/uploads\/2023\/12\/GUIAS-6-e1701717527124.jpg\" alt=\"\" width=\"800\" height=\"600\" srcset=\"https:\/\/inces.gob.ve\/wp-content\/uploads\/2023\/12\/GUIAS-6-e1701717527124.jpg 800w, https:\/\/inces.gob.ve\/wp-content\/uploads\/2023\/12\/GUIAS-6-e1701717527124-300x225.jpg 300w, https:\/\/inces.gob.ve\/wp-content\/uploads\/2023\/12\/GUIAS-6-e1701717527124-768x576.jpg 768w, https:\/\/inces.gob.ve\/wp-content\/uploads\/2023\/12\/GUIAS-6-e1701717527124-136x102.jpg 136w\" sizes=\"auto, (max-width: 800px) 100vw, 800px\" \/><\/p>\n<p style=\"text-align: justify;\"><span style=\"font-family: helvetica, arial, sans-serif; font-size: 14pt;\">\u201cEl prop\u00f3sito de esta Unidad Curricular es formar a las y los participantes con los conocimientos, habilidades, destrezas y competencias que le permitan conocer t\u00e9cnicas de supervivencia en condiciones extremas en baja y media monta\u00f1a en zonas geogr\u00e1ficas determinadas de acuerdo a las normas establecidas\u201d, puntualiz\u00f3 el titular del Inces.<\/span><\/p>\n<p style=\"text-align: justify;\">\n","protected":false},"excerpt":{"rendered":"<p>** En esta oportunidad, el grupo de 16 gu\u00edas de aventura y naturaleza, contin\u00faan en el proceso de formaci\u00f3n, en Gesti\u00f3n de riesgo en baja y media monta\u00f1a<\/p>\n","protected":false},"author":15,"featured_media":56053,"comment_status":"closed","ping_status":"closed","sticky":false,"template":"","format":"standard","meta":{"footnotes":""},"categories":[2],"tags":[],"class_list":["post-56048","post","type-post","status-publish","format-standard","has-post-thumbnail","hentry","category-blog"],"_links":{"self":[{"href":"https:\/\/inces.gob.ve\/index.php\/wp-json\/wp\/v2\/posts\/56048","targetHints":{"allow":["GET"]}}],"collection":[{"href":"https:\/\/inces.gob.ve\/index.php\/wp-json\/wp\/v2\/posts"}],"about":[{"href":"https:\/\/inces.gob.ve\/index.php\/wp-json\/wp\/v2\/types\/post"}],"author":[{"embeddable":true,"href":"https:\/\/inces.gob.ve\/index.php\/wp-json\/wp\/v2\/users\/15"}],"replies":[{"embeddable":true,"href":"https:\/\/inces.gob.ve\/index.php\/wp-json\/wp\/v2\/comments?post=56048"}],"version-history":[{"count":2,"href":"https:\/\/inces.gob.ve\/index.php\/wp-json\/wp\/v2\/posts\/56048\/revisions"}],"predecessor-version":[{"id":56055,"href":"https:\/\/inces.gob.ve\/index.php\/wp-json\/wp\/v2\/posts\/56048\/revisions\/56055"}],"wp:featuredmedia":[{"embeddable":true,"href":"https:\/\/inces.gob.ve\/index.php\/wp-json\/wp\/v2\/media\/56053"}],"wp:attachment":[{"href":"https:\/\/inces.gob.ve\/index.php\/wp-json\/wp\/v2\/media?parent=56048"}],"wp:term":[{"taxonomy":"category","embeddable":true,"href":"https:\/\/inces.gob.ve\/index.php\/wp-json\/wp\/v2\/categories?post=56048"},{"taxonomy":"post_tag","embeddable":true,"href":"https:\/\/inces.gob.ve\/index.php\/wp-json\/wp\/v2\/tags?post=56048"}],"curies":[{"name":"wp","href":"https:\/\/api.w.org\/{rel}","templated":true}]}}