{"id":56075,"date":"2023-11-19T15:52:48","date_gmt":"2023-11-19T19:52:48","guid":{"rendered":"https:\/\/inces.gob.ve\/?p=56075"},"modified":"2023-12-05T15:57:00","modified_gmt":"2023-12-05T19:57:00","slug":"maracay-inces-aragua-estuvo-presente-en-la-muestra-pedagogica-productiva-2023-con-fuerza-amor-alegria","status":"publish","type":"post","link":"https:\/\/inces.gob.ve\/index.php\/2023\/11\/19\/maracay-inces-aragua-estuvo-presente-en-la-muestra-pedagogica-productiva-2023-con-fuerza-amor-alegria\/","title":{"rendered":"MARACAY |  Inces Aragua estuvo presente en la Muestra Pedag\u00f3gica Productiva 2023 con fuerza, amor, alegr\u00eda"},"content":{"rendered":"<div dir=\"auto\" style=\"text-align: justify;\"><em><strong><span style=\"font-size: 14pt; font-family: helvetica, arial, sans-serif;\">** Desde el municipio Girardot, el Inces demostr\u00f3 que con esfuerzo se construye un gran pa\u00eds<\/span><\/strong><\/em><\/div>\n<p><!--more--><\/p>\n<div dir=\"auto\"><\/div>\n<div dir=\"auto\"><\/div>\n<div dir=\"auto\" style=\"text-align: justify;\"><strong><span style=\"font-size: 14pt; font-family: helvetica, arial, sans-serif;\">NINOSKA PATRIZ<\/span><\/strong><\/div>\n<div dir=\"auto\" style=\"text-align: justify;\"><\/div>\n<div dir=\"auto\" style=\"text-align: justify;\"><span style=\"font-size: 14pt; font-family: helvetica, arial, sans-serif;\">Atendiendo los lineamientos del primer mandatario nacional, Nicol\u00e1s Maduro y en compa\u00f1\u00eda de la gobernadora Karina Carpio, se realiz\u00f3 la gran \u00abMuestra Pedag\u00f3gica de las Escuelas de Emprendimiento\u00bb y desde la plaza Bol\u00edvar de Maracay, el Liceo Inces Aragua particip\u00f3, junto a la Gerencia Regional, en compa\u00f1\u00eda del Ministerio de Educaci\u00f3n y la Autoridad \u00danica de Educaci\u00f3n, Piedad Quintana.<\/span><\/div>\n<div dir=\"auto\" style=\"text-align: justify;\"><\/div>\n<div dir=\"auto\"><\/div>\n<div dir=\"auto\"><\/div>\n<div dir=\"auto\" style=\"text-align: justify;\"><span style=\"font-size: 14pt; font-family: helvetica, arial, sans-serif;\">En esta oportunidad, y contando con dieciocho municipios participantes y sus respectivas muestras pedag\u00f3gicas, la gerente del Inces Aragua, Yelitza Rodr\u00edguez manifest\u00f3: \u00abEstamos agradecidos de formar parte del desarrollo de Aragua potencia en materia educativa. De nuestra parte, seguimos impulsando el desarrollo productivo de nuestra patria\u00bb.<\/span><\/div>\n<div dir=\"auto\"><\/div>\n<div dir=\"auto\" style=\"text-align: justify;\"><\/div>\n<div dir=\"auto\" style=\"text-align: justify;\"><span style=\"font-size: 14pt; font-family: helvetica, arial, sans-serif;\">Durante el evento el liceo Inces Aragua, junto a su jefa Sorangel Blanco, en compa\u00f1\u00eda de un equipo de participantes, se dirigieron a los presentes, en funci\u00f3n de promocionar la extensa gama de oportunidades formativas, as\u00ed como la variedad de ambientes, programas y malla curr\u00edcular.<\/span><\/div>\n<div dir=\"auto\"><\/div>\n<div dir=\"auto\" style=\"text-align: justify;\"><\/div>\n<div dir=\"auto\" style=\"text-align: justify;\"><span style=\"font-size: 14pt; font-family: helvetica, arial, sans-serif;\">Con la mirada fija en afianzar la cultura de la excelencia y la eficiencia, una vez m\u00e1s el Inces es ejemplo vivo para las generaciones futuras, donde d\u00eda a d\u00eda se construye desde la m\u00e1s noble esencia la patria de Bol\u00edvar y Ch\u00e1vez, desde el estudio, la formaci\u00f3n y el trabajo comprometidos con el legado del Comandante Eterno.<\/span><\/div>\n","protected":false},"excerpt":{"rendered":"<p>** Desde el municipio Girardot, el Inces demostr\u00f3 que con esfuerzo se construye un gran pa\u00eds<\/p>\n","protected":false},"author":4,"featured_media":56076,"comment_status":"closed","ping_status":"closed","sticky":false,"template":"","format":"standard","meta":{"footnotes":""},"categories":[2],"tags":[],"class_list":["post-56075","post","type-post","status-publish","format-standard","has-post-thumbnail","hentry","category-blog"],"_links":{"self":[{"href":"https:\/\/inces.gob.ve\/index.php\/wp-json\/wp\/v2\/posts\/56075","targetHints":{"allow":["GET"]}}],"collection":[{"href":"https:\/\/inces.gob.ve\/index.php\/wp-json\/wp\/v2\/posts"}],"about":[{"href":"https:\/\/inces.gob.ve\/index.php\/wp-json\/wp\/v2\/types\/post"}],"author":[{"embeddable":true,"href":"https:\/\/inces.gob.ve\/index.php\/wp-json\/wp\/v2\/users\/4"}],"replies":[{"embeddable":true,"href":"https:\/\/inces.gob.ve\/index.php\/wp-json\/wp\/v2\/comments?post=56075"}],"version-history":[{"count":1,"href":"https:\/\/inces.gob.ve\/index.php\/wp-json\/wp\/v2\/posts\/56075\/revisions"}],"predecessor-version":[{"id":56077,"href":"https:\/\/inces.gob.ve\/index.php\/wp-json\/wp\/v2\/posts\/56075\/revisions\/56077"}],"wp:featuredmedia":[{"embeddable":true,"href":"https:\/\/inces.gob.ve\/index.php\/wp-json\/wp\/v2\/media\/56076"}],"wp:attachment":[{"href":"https:\/\/inces.gob.ve\/index.php\/wp-json\/wp\/v2\/media?parent=56075"}],"wp:term":[{"taxonomy":"category","embeddable":true,"href":"https:\/\/inces.gob.ve\/index.php\/wp-json\/wp\/v2\/categories?post=56075"},{"taxonomy":"post_tag","embeddable":true,"href":"https:\/\/inces.gob.ve\/index.php\/wp-json\/wp\/v2\/tags?post=56075"}],"curies":[{"name":"wp","href":"https:\/\/api.w.org\/{rel}","templated":true}]}}