{"id":56095,"date":"2023-12-07T14:50:48","date_gmt":"2023-12-07T18:50:48","guid":{"rendered":"https:\/\/inces.gob.ve\/?p=56095"},"modified":"2023-12-07T14:55:51","modified_gmt":"2023-12-07T18:55:51","slug":"56095","status":"publish","type":"post","link":"https:\/\/inces.gob.ve\/index.php\/2023\/12\/07\/56095\/","title":{"rendered":"Inces reuni\u00f3 a sus responsables nacionales y regionales para hacer evaluaci\u00f3n del 2023"},"content":{"rendered":"<p style=\"text-align: justify;\"><em><strong><span style=\"font-family: helvetica, arial, sans-serif; font-size: 14pt;\">** Los gerentes regionales del Inces tuvieron la oportunidad de probar el sistema HACER y dar su opini\u00f3n para la optimizaci\u00f3n de la plataforma<\/span><\/strong><\/em><!--more--><\/p>\n<p>LT<\/p>\n<p>F\/ Luis J. Gonz\u00e1lez C. \/ I. G.<\/p>\n<p>&nbsp;<\/p>\n<p style=\"text-align: justify;\"><span style=\"font-family: helvetica, arial, sans-serif; font-size: 14pt;\">El Consejo de Gesti\u00f3n Regional del INCES llev\u00f3 a cabo su \u00faltima reuni\u00f3n presencial del a\u00f1o 2023 con el prop\u00f3sito de realizar una evaluaci\u00f3n de la gesti\u00f3n, verificar el cumplimiento de las l\u00edneas estrat\u00e9gicas y discutir los planes y proyecciones para el a\u00f1o 2024.<\/span><\/p>\n<p>&nbsp;<\/p>\n<p><img loading=\"lazy\" decoding=\"async\" class=\"aligncenter wp-image-56099 size-large\" src=\"https:\/\/inces.gob.ve\/wp-content\/uploads\/2023\/12\/WhatsApp-Image-2023-12-07-at-12.34.22-PM-1024x576.jpeg\" alt=\"\" width=\"640\" height=\"360\" srcset=\"https:\/\/inces.gob.ve\/wp-content\/uploads\/2023\/12\/WhatsApp-Image-2023-12-07-at-12.34.22-PM-1024x576.jpeg 1024w, https:\/\/inces.gob.ve\/wp-content\/uploads\/2023\/12\/WhatsApp-Image-2023-12-07-at-12.34.22-PM-300x169.jpeg 300w, https:\/\/inces.gob.ve\/wp-content\/uploads\/2023\/12\/WhatsApp-Image-2023-12-07-at-12.34.22-PM-768x432.jpeg 768w, https:\/\/inces.gob.ve\/wp-content\/uploads\/2023\/12\/WhatsApp-Image-2023-12-07-at-12.34.22-PM.jpeg 1080w\" sizes=\"auto, (max-width: 640px) 100vw, 640px\" \/><\/p>\n<p>&nbsp;<\/p>\n<p style=\"text-align: justify;\"><span style=\"font-family: helvetica, arial, sans-serif; font-size: 14pt;\">En la actividad estuvieron presentes el viceministro de Comunidades Educativas y Uni\u00f3n con el Pueblo y presidente del Inces, Wuikelman Angel, junto con los directores estrat\u00e9gicos de la instituci\u00f3n. Tambi\u00e9n asistieron los gerentes regionales de los 24 estados del pa\u00eds, el personal de Sistemas, Formaci\u00f3n Profesional y Curr\u00edculo y Did\u00e1ctica.<\/span><\/p>\n<p>&nbsp;<\/p>\n<p style=\"text-align: justify;\"><span style=\"font-family: helvetica, arial, sans-serif; font-size: 14pt;\">Tras revisar las cifras del 2023, que incluyeron la atenci\u00f3n presencial y virtual, el presidente Angel felicit\u00f3 a los responsables por los logros alcanzados y los inst\u00f3 a reflexionar sobre el contexto pol\u00edtico actual. Adem\u00e1s, realiz\u00f3 un an\u00e1lisis conciso sobre el tema del Esequibo y enfatiz\u00f3 que la formaci\u00f3n t\u00e9cnica profesional es fundamental para fortalecer y diversificar el sistema econ\u00f3mico del pa\u00eds.<\/span><\/p>\n<p>&nbsp;<\/p>\n<p><img loading=\"lazy\" decoding=\"async\" class=\"aligncenter wp-image-56104 size-full\" src=\"https:\/\/inces.gob.ve\/wp-content\/uploads\/2023\/12\/WhatsApp-Image-2023-12-07-at-10.32.42-AM.jpeg\" alt=\"\" width=\"960\" height=\"640\" srcset=\"https:\/\/inces.gob.ve\/wp-content\/uploads\/2023\/12\/WhatsApp-Image-2023-12-07-at-10.32.42-AM.jpeg 960w, https:\/\/inces.gob.ve\/wp-content\/uploads\/2023\/12\/WhatsApp-Image-2023-12-07-at-10.32.42-AM-300x200.jpeg 300w, https:\/\/inces.gob.ve\/wp-content\/uploads\/2023\/12\/WhatsApp-Image-2023-12-07-at-10.32.42-AM-768x512.jpeg 768w, https:\/\/inces.gob.ve\/wp-content\/uploads\/2023\/12\/WhatsApp-Image-2023-12-07-at-10.32.42-AM-272x182.jpeg 272w\" sizes=\"auto, (max-width: 960px) 100vw, 960px\" \/><\/p>\n<p>&nbsp;<\/p>\n<p style=\"text-align: justify;\"><span style=\"font-family: helvetica, arial, sans-serif; font-size: 14pt;\">En su intervenci\u00f3n, anim\u00f3 a todos los presentes a leer con conciencia a figuras como Sim\u00f3n Rodr\u00edguez, Prieto Figueroa, Paulo Freire y Carlos Lanz, entre otros, y resalt\u00f3 la importancia de generar investigaciones, ensayos y documentos de trabajo que sistematicen el conocimiento relacionado con la formaci\u00f3n t\u00e9cnica profesional.<\/span><\/p>\n<p>&nbsp;<\/p>\n<p style=\"text-align: justify;\"><span style=\"font-family: helvetica, arial, sans-serif; font-size: 14pt;\">Antes de la participaci\u00f3n del presidente, Jorge P\u00e9rez, director estrat\u00e9gico de Formaci\u00f3n y Autoformaci\u00f3n de la instituci\u00f3n, present\u00f3 un balance de los logros alcanzados en 2023.<\/span><\/p>\n<p>&nbsp;<\/p>\n<p><img loading=\"lazy\" decoding=\"async\" class=\"aligncenter wp-image-56106 size-full\" src=\"https:\/\/inces.gob.ve\/wp-content\/uploads\/2023\/12\/WhatsApp-Image-2023-12-07-at-9.49.18-AM.jpeg\" alt=\"\" width=\"960\" height=\"640\" srcset=\"https:\/\/inces.gob.ve\/wp-content\/uploads\/2023\/12\/WhatsApp-Image-2023-12-07-at-9.49.18-AM.jpeg 960w, https:\/\/inces.gob.ve\/wp-content\/uploads\/2023\/12\/WhatsApp-Image-2023-12-07-at-9.49.18-AM-300x200.jpeg 300w, https:\/\/inces.gob.ve\/wp-content\/uploads\/2023\/12\/WhatsApp-Image-2023-12-07-at-9.49.18-AM-768x512.jpeg 768w, https:\/\/inces.gob.ve\/wp-content\/uploads\/2023\/12\/WhatsApp-Image-2023-12-07-at-9.49.18-AM-272x182.jpeg 272w\" sizes=\"auto, (max-width: 960px) 100vw, 960px\" \/><\/p>\n<p>&nbsp;<\/p>\n<p style=\"text-align: justify;\"><span style=\"font-family: helvetica, arial, sans-serif; font-size: 14pt;\">Durante el a\u00f1o, el Inces egres\u00f3 de sus aulas a 709.502 personas, y contando, con un 57,45% de mujeres, reafirmando as\u00ed el compromiso con la Gran Misi\u00f3n Venezuela Mujer y la meta de formar a todas las demandantes que requieren capacitaci\u00f3n en 2024.<\/span><\/p>\n<p>&nbsp;<\/p>\n<p><img loading=\"lazy\" decoding=\"async\" class=\"aligncenter wp-image-56097 size-large\" src=\"https:\/\/inces.gob.ve\/wp-content\/uploads\/2023\/12\/WhatsApp-Image-2023-12-07-at-12.36.44-PM-1024x576.jpeg\" alt=\"\" width=\"640\" height=\"360\" srcset=\"https:\/\/inces.gob.ve\/wp-content\/uploads\/2023\/12\/WhatsApp-Image-2023-12-07-at-12.36.44-PM-1024x576.jpeg 1024w, https:\/\/inces.gob.ve\/wp-content\/uploads\/2023\/12\/WhatsApp-Image-2023-12-07-at-12.36.44-PM-300x169.jpeg 300w, https:\/\/inces.gob.ve\/wp-content\/uploads\/2023\/12\/WhatsApp-Image-2023-12-07-at-12.36.44-PM-768x432.jpeg 768w, https:\/\/inces.gob.ve\/wp-content\/uploads\/2023\/12\/WhatsApp-Image-2023-12-07-at-12.36.44-PM.jpeg 1080w\" sizes=\"auto, (max-width: 640px) 100vw, 640px\" \/><\/p>\n<p>&nbsp;<\/p>\n<p style=\"text-align: justify;\"><span style=\"font-family: helvetica, arial, sans-serif; font-size: 14pt;\">Como parte de la jornada, la secretaria general del Consejo de Gesti\u00f3n Regional, Nielsy Cabrera, invit\u00f3 a todos los participantes y al personal de Sistemas a conocer el funcionamiento de la plataforma HACER, que automatizar\u00e1 y agilizar\u00e1 los procesos de inscripci\u00f3n de participantes y aprendices que deseen formarse en el Inces. Esto marc\u00f3 el cierre de la primera parte de la reuni\u00f3n.<\/span><\/p>\n<p>&nbsp;<\/p>\n<p><img loading=\"lazy\" decoding=\"async\" class=\"aligncenter wp-image-56098 size-large\" src=\"https:\/\/inces.gob.ve\/wp-content\/uploads\/2023\/12\/WhatsApp-Image-2023-12-07-at-12.34.23-PM-1024x576.jpeg\" alt=\"\" width=\"640\" height=\"360\" srcset=\"https:\/\/inces.gob.ve\/wp-content\/uploads\/2023\/12\/WhatsApp-Image-2023-12-07-at-12.34.23-PM-1024x576.jpeg 1024w, https:\/\/inces.gob.ve\/wp-content\/uploads\/2023\/12\/WhatsApp-Image-2023-12-07-at-12.34.23-PM-300x169.jpeg 300w, https:\/\/inces.gob.ve\/wp-content\/uploads\/2023\/12\/WhatsApp-Image-2023-12-07-at-12.34.23-PM-768x432.jpeg 768w, https:\/\/inces.gob.ve\/wp-content\/uploads\/2023\/12\/WhatsApp-Image-2023-12-07-at-12.34.23-PM.jpeg 1080w\" sizes=\"auto, (max-width: 640px) 100vw, 640px\" \/><\/p>\n","protected":false},"excerpt":{"rendered":"<p>** Los gerentes regionales del Inces tuvieron la oportunidad de probar el sistema HACER y dar su opini\u00f3n para la optimizaci\u00f3n de la plataforma<\/p>\n","protected":false},"author":4,"featured_media":56103,"comment_status":"closed","ping_status":"closed","sticky":false,"template":"","format":"standard","meta":{"footnotes":""},"categories":[2],"tags":[],"class_list":["post-56095","post","type-post","status-publish","format-standard","has-post-thumbnail","hentry","category-blog"],"_links":{"self":[{"href":"https:\/\/inces.gob.ve\/index.php\/wp-json\/wp\/v2\/posts\/56095","targetHints":{"allow":["GET"]}}],"collection":[{"href":"https:\/\/inces.gob.ve\/index.php\/wp-json\/wp\/v2\/posts"}],"about":[{"href":"https:\/\/inces.gob.ve\/index.php\/wp-json\/wp\/v2\/types\/post"}],"author":[{"embeddable":true,"href":"https:\/\/inces.gob.ve\/index.php\/wp-json\/wp\/v2\/users\/4"}],"replies":[{"embeddable":true,"href":"https:\/\/inces.gob.ve\/index.php\/wp-json\/wp\/v2\/comments?post=56095"}],"version-history":[{"count":4,"href":"https:\/\/inces.gob.ve\/index.php\/wp-json\/wp\/v2\/posts\/56095\/revisions"}],"predecessor-version":[{"id":56111,"href":"https:\/\/inces.gob.ve\/index.php\/wp-json\/wp\/v2\/posts\/56095\/revisions\/56111"}],"wp:featuredmedia":[{"embeddable":true,"href":"https:\/\/inces.gob.ve\/index.php\/wp-json\/wp\/v2\/media\/56103"}],"wp:attachment":[{"href":"https:\/\/inces.gob.ve\/index.php\/wp-json\/wp\/v2\/media?parent=56095"}],"wp:term":[{"taxonomy":"category","embeddable":true,"href":"https:\/\/inces.gob.ve\/index.php\/wp-json\/wp\/v2\/categories?post=56095"},{"taxonomy":"post_tag","embeddable":true,"href":"https:\/\/inces.gob.ve\/index.php\/wp-json\/wp\/v2\/tags?post=56095"}],"curies":[{"name":"wp","href":"https:\/\/api.w.org\/{rel}","templated":true}]}}