{"id":56183,"date":"2023-12-20T10:27:47","date_gmt":"2023-12-20T14:27:47","guid":{"rendered":"https:\/\/inces.gob.ve\/?p=56183"},"modified":"2023-12-20T10:27:47","modified_gmt":"2023-12-20T14:27:47","slug":"aragua-megasocializacion-se-realizo-en-el-cfs-inces-textil-la-candelaria","status":"publish","type":"post","link":"https:\/\/inces.gob.ve\/index.php\/2023\/12\/20\/aragua-megasocializacion-se-realizo-en-el-cfs-inces-textil-la-candelaria\/","title":{"rendered":"Aragua | Megasocializaci\u00f3n se realiz\u00f3 en el CFS Inces Textil La Candelaria"},"content":{"rendered":"<div id=\":27s\" class=\"ii gt\">\n<div id=\":27t\" class=\"a3s aiL \">\n<div dir=\"auto\">\n<div dir=\"auto\" style=\"text-align: justify;\"><em><strong><span style=\"font-family: helvetica, arial, sans-serif; font-size: 14pt;\">** 35 participantes culminaron sus formaciones en Panader\u00eda, con diez unidades curriculares<\/span><\/strong><\/em><\/div>\n<div dir=\"auto\"><\/div>\n<div dir=\"auto\"><\/div>\n<\/div>\n<\/div>\n<\/div>\n<p><!--more--><\/p>\n<p>&nbsp;<\/p>\n<div id=\":zt\" class=\"hq gt\" style=\"text-align: justify;\">\n<div dir=\"auto\">\n<div dir=\"auto\" style=\"text-align: justify;\"><strong><span style=\"font-family: helvetica, arial, sans-serif; font-size: 14pt;\">NINOSKA PATRIZ<\/span><\/strong><\/div>\n<div dir=\"auto\" style=\"text-align: justify;\"><\/div>\n<div dir=\"auto\" style=\"text-align: justify;\"><span style=\"font-family: helvetica, arial, sans-serif; font-size: 14pt;\">Los participantes del perfil productivo en Panader\u00eda, llevada a cabo por la maestra t\u00e9cnica productiva (MTP) Mar\u00eda Gigfrido, apostaron a la multiplicaci\u00f3n de conocimientos productivos del \u00e1rea gastron\u00f3mica.<\/span><\/div>\n<div dir=\"auto\"><\/div>\n<div dir=\"auto\" style=\"text-align: justify;\"><\/div>\n<div dir=\"auto\" style=\"text-align: justify;\"><span style=\"font-family: helvetica, arial, sans-serif; font-size: 14pt;\">De esta manera desde los espacios del auditorio del Inces Textil, ubicado en la urbanizaci\u00f3n La Candelaria, se observaron con gran entusiasmo las obras de los presentes, luego de ser guiados por la teor\u00eda y pr\u00e1ctica de la panificaci\u00f3n.<\/span><\/div>\n<div dir=\"auto\"><\/div>\n<div dir=\"auto\" style=\"text-align: justify;\"><\/div>\n<div dir=\"auto\" style=\"text-align: justify;\"><span style=\"font-family: helvetica, arial, sans-serif; font-size: 14pt;\">En esta ocasi\u00f3n, se destaca que los mismos recibieron clases sobre normas de Higiene y Manipulaci\u00f3n de Alimentos, sumando habilidades en materia de formaci\u00f3n.<\/span><\/div>\n<div dir=\"auto\"><\/div>\n<div dir=\"auto\" style=\"text-align: justify;\"><\/div>\n<div dir=\"auto\" style=\"text-align: justify;\"><span style=\"font-family: helvetica, arial, sans-serif; font-size: 14pt;\">Los participantes, en el transcurso de la capacitaci\u00f3n, desarrollan habilidades y destrezas en t\u00e9cnicas para elaborar masas procesadas en diferentes versiones, como por ejemplo: saladas, dulces, rellenas y confitadas, con las cuales se logra realizar pan dulce en varias presentaciones.<\/span><\/div>\n<div dir=\"auto\"><\/div>\n<div dir=\"auto\" style=\"text-align: justify;\"><\/div>\n<div dir=\"auto\" style=\"text-align: justify;\"><span style=\"font-family: helvetica, arial, sans-serif; font-size: 14pt;\">En este sentido se destac\u00f3 que la intenci\u00f3n completa es dar importancia a la calidad en sus productos regionales, pero sobre todo, hacer de ellos personas integrales en el oficio y emprendedores que apoyen el desarrollo productivo de la Patria.<\/span><\/div>\n<\/div>\n<div class=\"yj6qo\" style=\"text-align: justify;\"><\/div>\n<\/div>\n","protected":false},"excerpt":{"rendered":"<p>** 35 participantes culminaron sus formaciones en Panader\u00eda, con diez unidades curriculares<\/p>\n","protected":false},"author":4,"featured_media":56184,"comment_status":"closed","ping_status":"closed","sticky":false,"template":"","format":"standard","meta":{"footnotes":""},"categories":[2],"tags":[],"class_list":["post-56183","post","type-post","status-publish","format-standard","has-post-thumbnail","hentry","category-blog"],"_links":{"self":[{"href":"https:\/\/inces.gob.ve\/index.php\/wp-json\/wp\/v2\/posts\/56183","targetHints":{"allow":["GET"]}}],"collection":[{"href":"https:\/\/inces.gob.ve\/index.php\/wp-json\/wp\/v2\/posts"}],"about":[{"href":"https:\/\/inces.gob.ve\/index.php\/wp-json\/wp\/v2\/types\/post"}],"author":[{"embeddable":true,"href":"https:\/\/inces.gob.ve\/index.php\/wp-json\/wp\/v2\/users\/4"}],"replies":[{"embeddable":true,"href":"https:\/\/inces.gob.ve\/index.php\/wp-json\/wp\/v2\/comments?post=56183"}],"version-history":[{"count":1,"href":"https:\/\/inces.gob.ve\/index.php\/wp-json\/wp\/v2\/posts\/56183\/revisions"}],"predecessor-version":[{"id":56185,"href":"https:\/\/inces.gob.ve\/index.php\/wp-json\/wp\/v2\/posts\/56183\/revisions\/56185"}],"wp:featuredmedia":[{"embeddable":true,"href":"https:\/\/inces.gob.ve\/index.php\/wp-json\/wp\/v2\/media\/56184"}],"wp:attachment":[{"href":"https:\/\/inces.gob.ve\/index.php\/wp-json\/wp\/v2\/media?parent=56183"}],"wp:term":[{"taxonomy":"category","embeddable":true,"href":"https:\/\/inces.gob.ve\/index.php\/wp-json\/wp\/v2\/categories?post=56183"},{"taxonomy":"post_tag","embeddable":true,"href":"https:\/\/inces.gob.ve\/index.php\/wp-json\/wp\/v2\/tags?post=56183"}],"curies":[{"name":"wp","href":"https:\/\/api.w.org\/{rel}","templated":true}]}}